{"id":533419,"date":"2022-07-03T13:13:54","date_gmt":"2022-07-03T11:13:54","guid":{"rendered":"https:\/\/www.hashtag.al\/?p=533419"},"modified":"2022-07-03T13:13:54","modified_gmt":"2022-07-03T11:13:54","slug":"perplasja-me-arme-mes-dy-familjeve-shqiptare-ne-athine-identifikohet-njeri-nga-viktimat","status":"publish","type":"post","link":"https:\/\/www.hashtag.al\/index.php\/2022\/07\/03\/perplasja-me-arme-mes-dy-familjeve-shqiptare-ne-athine-identifikohet-njeri-nga-viktimat\/","title":{"rendered":"P\u00ebrplasja me arm\u00eb mes dy familjeve shqiptare n\u00eb Athin\u00eb, identifikohet nj\u00ebri nga viktimat","gt_translate_keys":[{"key":"rendered","format":"text"}]},"content":{"rendered":"<p><span style=\"color: #000000;\"><img loading=\"lazy\" decoding=\"async\" class=\"aligncenter size-full wp-image-533420\" src=\"https:\/\/www.hashtag.al\/wp-content\/uploads\/2022\/07\/athine.jpeg\" alt=\"\" width=\"900\" height=\"675\" srcset=\"https:\/\/www.hashtag.al\/wp-content\/uploads\/2022\/07\/athine.jpeg 900w, https:\/\/www.hashtag.al\/wp-content\/uploads\/2022\/07\/athine-300x225.jpeg 300w, https:\/\/www.hashtag.al\/wp-content\/uploads\/2022\/07\/athine-768x576.jpeg 768w\" sizes=\"auto, (max-width: 900px) 100vw, 900px\" \/><\/span><\/p>\n<p><span style=\"color: #000000;\"><span style=\"\">\u00cbsht\u00eb identifikuar emri i nj\u00ebrit prej shtetasve shqiptar\u00eb q\u00eb mbet\u00ebn t\u00eb vrar\u00eb pas p\u00ebrplasjes me arm\u00eb mbr\u00ebmjen e djeshme n\u00eb kryeqytetin grek Athin\u00eb. B\u00ebhet fjal\u00eb p\u00ebr Adil Taf\u00ebn nd\u00ebrsa dy viktimat e tjera jan\u00eb Jani T. dhe G\u00ebzim A. P\u00ebrplasja me dy familjeve shqiptare nisi m\u00ebngjesin e s\u00eb shtun\u00ebs t\u00eb cilat dyshohet se ishin t\u00eb p\u00ebrfshira n\u00eb trafikun e kokain\u00ebs.<\/span><\/span><\/p>\n<p><span style=\"color: #000000;\">Fillimisht dy familjet shqiptare u takuan n\u00eb lagjen Kato Patisia t\u00eb Athin\u00ebs po gjith\u00e7ka degradoi brenda pak \u00e7astesh. Sherri u transferua n\u00eb mbr\u00ebmje, ku n\u00eb kryq\u00ebzimin e rrug\u00ebve Georgiou Nazou dhe Kourtidou, nj\u00eb &#8216;Mercedes&#8217; me nj\u00eb drejtuese fem\u00ebr dhe dy pasagjer\u00eb t\u00eb tjer\u00eb \u00ebsht\u00eb afruar dhe ka p\u00ebrplasur nj\u00eb motor. <\/span><\/p>\n<p><span style=\"color: #000000;\">M\u00eb pas nga &#8216;Benz-i&#8217; ka dal\u00eb nj\u00eb person dhe ka q\u00eblluar me arm\u00eb ndaj t\u00eb riut q\u00eb ishte me motor, duke e l\u00ebn\u00eb t\u00eb plagosur r\u00ebnd\u00eb. N\u00eb k\u00ebt\u00eb moment ka nd\u00ebrhyr\u00eb babai i drejtuesit t\u00eb motorit i cili ndodhej mbrapa m\u00eb nj\u00eb makin\u00eb tip &#8216;Audi&#8217;, teksa ka nxjerr\u00eb arm\u00ebn dhe ka q\u00eblluar p\u00ebr vdekje njeriun q\u00eb i plagosi t\u00eb birin. <\/span><\/p>\n<p><span style=\"color: #000000;\">Nga t\u00eb sht\u00ebnat e p\u00ebrplasjes me arm\u00eb ka mbetur i plagosur dhe nj\u00eb person tjet\u00ebr q\u00eb ndodhej ne automjetin tip &#8216;Audi&#8217; dhe duke tentuar t\u00eb ik\u00eb \u00ebsht\u00eb p\u00ebrplasur p\u00ebr vdekje nga nj\u00eb autovetur\u00eb. Sipas mediave greke Adil Tefa dhe G\u00ebzim A., rreth 30 vje\u00e7 jan\u00eb dy nga viktimat q\u00eb jan\u00eb identifikuar deri tani. Prishja e pazareve t\u00eb drog\u00ebs dyshohet se \u00ebsht\u00eb arsyeja e k\u00ebtij konflikti t\u00eb r\u00ebnd\u00eb, nd\u00ebrsa t\u00eb sht\u00ebnat kan\u00eb rrezikuar jet\u00ebn e shum\u00eb qytetar\u00ebve.<\/span><\/p>\n","protected":false,"gt_translate_keys":[{"key":"rendered","format":"html"}]},"excerpt":{"rendered":"<p>\u00cbsht\u00eb identifikuar emri i nj\u00ebrit prej shtetasve shqiptar\u00eb q\u00eb mbet\u00ebn t\u00eb vrar\u00eb pas p\u00ebrplasjes me arm\u00eb mbr\u00ebmjen e djeshme n\u00eb kryeqytetin grek Athin\u00eb. B\u00ebhet fjal\u00eb p\u00ebr Adil Taf\u00ebn nd\u00ebrsa dy viktimat e tjera jan\u00eb Jani T. dhe G\u00ebzim A. P\u00ebrplasja me dy familjeve shqiptare nisi m\u00ebngjesin e s\u00eb shtun\u00ebs t\u00eb cilat dyshohet se ishin t\u00eb [&hellip;]<\/p>\n","protected":false,"gt_translate_keys":[{"key":"rendered","format":"html"}]},"author":51,"featured_media":533420,"comment_status":"closed","ping_status":"closed","sticky":false,"template":"","format":"standard","meta":{"footnotes":""},"categories":[65,13],"tags":[],"class_list":["post-533419","post","type-post","status-publish","format-standard","has-post-thumbnail","hentry","category-lajme","category-te-fundit"],"gt_translate_keys":[{"key":"link","format":"url"}],"_links":{"self":[{"href":"https:\/\/www.hashtag.al\/index.php\/wp-json\/wp\/v2\/posts\/533419","targetHints":{"allow":["GET"]}}],"collection":[{"href":"https:\/\/www.hashtag.al\/index.php\/wp-json\/wp\/v2\/posts"}],"about":[{"href":"https:\/\/www.hashtag.al\/index.php\/wp-json\/wp\/v2\/types\/post"}],"author":[{"embeddable":true,"href":"https:\/\/www.hashtag.al\/index.php\/wp-json\/wp\/v2\/users\/51"}],"replies":[{"embeddable":true,"href":"https:\/\/www.hashtag.al\/index.php\/wp-json\/wp\/v2\/comments?post=533419"}],"version-history":[{"count":0,"href":"https:\/\/www.hashtag.al\/index.php\/wp-json\/wp\/v2\/posts\/533419\/revisions"}],"wp:featuredmedia":[{"embeddable":true,"href":"https:\/\/www.hashtag.al\/index.php\/wp-json\/wp\/v2\/media\/533420"}],"wp:attachment":[{"href":"https:\/\/www.hashtag.al\/index.php\/wp-json\/wp\/v2\/media?parent=533419"}],"wp:term":[{"taxonomy":"category","embeddable":true,"href":"https:\/\/www.hashtag.al\/index.php\/wp-json\/wp\/v2\/categories?post=533419"},{"taxonomy":"post_tag","embeddable":true,"href":"https:\/\/www.hashtag.al\/index.php\/wp-json\/wp\/v2\/tags?post=533419"}],"curies":[{"name":"wp","href":"https:\/\/api.w.org\/{rel}","templated":true}]}}