{"id":533240,"date":"2022-07-02T13:31:18","date_gmt":"2022-07-02T11:31:18","guid":{"rendered":"https:\/\/www.hashtag.al\/?p=533240"},"modified":"2022-07-02T13:31:18","modified_gmt":"2022-07-02T11:31:18","slug":"zelensky-u-jep-cmime-634-ushtareve-ukrainas-per-guximin-e-tyre-dhe-veprimet-vetemohuese","status":"publish","type":"post","link":"https:\/\/www.hashtag.al\/index.php\/2022\/07\/02\/zelensky-u-jep-cmime-634-ushtareve-ukrainas-per-guximin-e-tyre-dhe-veprimet-vetemohuese\/","title":{"rendered":"Zelensky u jep \u00e7mime 634 ushtar\u00ebve ukrainas: P\u00ebr guximin e tyre dhe veprimet vet\u00ebmohuese","gt_translate_keys":[{"key":"rendered","format":"text"}]},"content":{"rendered":"<p><span style=\"color: #000000;\"><a href=\"https:\/\/www.hashtag.al\/wp-content\/uploads\/2022\/07\/630_360_1656199292-224.jpeg\"><img loading=\"lazy\" decoding=\"async\" class=\"aligncenter size-full wp-image-533241\" src=\"https:\/\/www.hashtag.al\/wp-content\/uploads\/2022\/07\/630_360_1656199292-224.jpeg\" alt=\"\" width=\"630\" height=\"360\" srcset=\"https:\/\/www.hashtag.al\/wp-content\/uploads\/2022\/07\/630_360_1656199292-224.jpeg 630w, https:\/\/www.hashtag.al\/wp-content\/uploads\/2022\/07\/630_360_1656199292-224-300x171.jpeg 300w\" sizes=\"auto, (max-width: 630px) 100vw, 630px\" \/><\/a><\/span><\/p>\n<p><span style=\"color: #000000;\">Presidenti ukrainas Volodymyr Zelensky u ka dh\u00ebn\u00eb \u00e7mime 634 ushtar\u00ebve ukrainas.<\/span><\/p>\n<p><span style=\"color: #000000;\">Sipas <span style=\"color: #0000ff;\"><a style=\"color: #0000ff;\" href=\"https:\/\/www.ukrinform.net\/rubric-ato\/3520294-zelensky-presents-awards-to-634-ukrainian-soldiers.html\">Ukrinform<\/a><\/span>, dekretet p\u00ebr k\u00ebt\u00eb jan\u00eb publikuar n\u00eb faqen e internetit t\u00eb kreut t\u00eb shtetit.<\/span><\/p>\n<p><span style=\"color: #000000;\">K\u00ebshtu, sipas dokumenteve, an\u00ebtar\u00ebve t\u00eb sh\u00ebrbimit ukrainas iu dhan\u00eb disa medalje <em>\u201cp\u00ebr guximin e tyre personal dhe veprimet vet\u00ebmohuese t\u00eb treguara n\u00eb mbrojtjen e sovranitetit shtet\u00ebror dhe integritetit territorial t\u00eb Ukrain\u00ebs, si dhe p\u00ebr besnik\u00ebrin\u00eb ndaj betimit ushtarak.\u201d<\/em><\/span><\/p>\n<p><a href=\"https:\/\/www.hashtag.al\/wp-content\/uploads\/2022\/07\/630_360_1656757838-707.jpg\"><img loading=\"lazy\" decoding=\"async\" class=\"aligncenter size-full wp-image-533242\" src=\"https:\/\/www.hashtag.al\/wp-content\/uploads\/2022\/07\/630_360_1656757838-707.jpg\" alt=\"\" width=\"630\" height=\"360\" srcset=\"https:\/\/www.hashtag.al\/wp-content\/uploads\/2022\/07\/630_360_1656757838-707.jpg 630w, https:\/\/www.hashtag.al\/wp-content\/uploads\/2022\/07\/630_360_1656757838-707-300x171.jpg 300w\" sizes=\"auto, (max-width: 630px) 100vw, 630px\" \/><\/a><\/p>\n<p><span style=\"color: #000000;\">Dit\u00ebn e sotme n\u00eb nj\u00eb postim n\u00eb rrjetet sociale, Zelensky tha se agresioni rus kund\u00ebr Ukrain\u00ebs \u00ebsht\u00eb agresion kund\u00ebr gjith\u00eb Evrop\u00ebs s\u00eb bashkuar.<\/span><\/p>\n<p><span style=\"color: #000000;\"><em>&#8220;Agresioni rus kund\u00ebr Ukrain\u00ebs \u00ebsht\u00eb agresion kund\u00ebr t\u00eb gjith\u00eb Evrop\u00ebs s\u00eb bashkuar, kund\u00ebr secilit prej nesh, kund\u00ebr vlerave tona t\u00eb p\u00ebrbashk\u00ebta. Dhe p\u00ebrgjigja jon\u00eb duhet t\u00eb jet\u00eb e bashkuar.&#8221;-<\/em> shkroi Zelensky duke k\u00ebrkuar k\u00ebshtu edhe nj\u00eb her\u00eb tjet\u00ebr ndihm\u00eb p\u00ebr Ukrain\u00ebn.<\/span><\/p>\n","protected":false,"gt_translate_keys":[{"key":"rendered","format":"html"}]},"excerpt":{"rendered":"<p>Presidenti ukrainas Volodymyr Zelensky u ka dh\u00ebn\u00eb \u00e7mime 634 ushtar\u00ebve ukrainas. Sipas Ukrinform, dekretet p\u00ebr k\u00ebt\u00eb jan\u00eb publikuar n\u00eb faqen e internetit t\u00eb kreut t\u00eb shtetit. K\u00ebshtu, sipas dokumenteve, an\u00ebtar\u00ebve t\u00eb sh\u00ebrbimit ukrainas iu dhan\u00eb disa medalje \u201cp\u00ebr guximin e tyre personal dhe veprimet vet\u00ebmohuese t\u00eb treguara n\u00eb mbrojtjen e sovranitetit shtet\u00ebror dhe integritetit territorial [&hellip;]<\/p>\n","protected":false,"gt_translate_keys":[{"key":"rendered","format":"html"}]},"author":30,"featured_media":533242,"comment_status":"closed","ping_status":"closed","sticky":false,"template":"","format":"standard","meta":{"footnotes":""},"categories":[6,13],"tags":[],"class_list":["post-533240","post","type-post","status-publish","format-standard","has-post-thumbnail","hentry","category-nderkombetare","category-te-fundit"],"gt_translate_keys":[{"key":"link","format":"url"}],"_links":{"self":[{"href":"https:\/\/www.hashtag.al\/index.php\/wp-json\/wp\/v2\/posts\/533240","targetHints":{"allow":["GET"]}}],"collection":[{"href":"https:\/\/www.hashtag.al\/index.php\/wp-json\/wp\/v2\/posts"}],"about":[{"href":"https:\/\/www.hashtag.al\/index.php\/wp-json\/wp\/v2\/types\/post"}],"author":[{"embeddable":true,"href":"https:\/\/www.hashtag.al\/index.php\/wp-json\/wp\/v2\/users\/30"}],"replies":[{"embeddable":true,"href":"https:\/\/www.hashtag.al\/index.php\/wp-json\/wp\/v2\/comments?post=533240"}],"version-history":[{"count":0,"href":"https:\/\/www.hashtag.al\/index.php\/wp-json\/wp\/v2\/posts\/533240\/revisions"}],"wp:featuredmedia":[{"embeddable":true,"href":"https:\/\/www.hashtag.al\/index.php\/wp-json\/wp\/v2\/media\/533242"}],"wp:attachment":[{"href":"https:\/\/www.hashtag.al\/index.php\/wp-json\/wp\/v2\/media?parent=533240"}],"wp:term":[{"taxonomy":"category","embeddable":true,"href":"https:\/\/www.hashtag.al\/index.php\/wp-json\/wp\/v2\/categories?post=533240"},{"taxonomy":"post_tag","embeddable":true,"href":"https:\/\/www.hashtag.al\/index.php\/wp-json\/wp\/v2\/tags?post=533240"}],"curies":[{"name":"wp","href":"https:\/\/api.w.org\/{rel}","templated":true}]}}