{"id":533186,"date":"2022-07-02T09:10:29","date_gmt":"2022-07-02T07:10:29","guid":{"rendered":"https:\/\/www.hashtag.al\/?p=533186"},"modified":"2022-07-02T09:10:29","modified_gmt":"2022-07-02T07:10:29","slug":"12-fluturime-ne-jave-rama-ndan-pamjet-nga-aeroporti-i-kukesit-pasagjeret-jo-vetem-nga-shqiperia-e-kosova","status":"publish","type":"post","link":"https:\/\/www.hashtag.al\/index.php\/2022\/07\/02\/12-fluturime-ne-jave-rama-ndan-pamjet-nga-aeroporti-i-kukesit-pasagjeret-jo-vetem-nga-shqiperia-e-kosova\/","title":{"rendered":"\u201c12 fluturime n\u00eb jav\u00eb\u201d- Rama ndan pamjet nga Aeroporti i Kuk\u00ebsit: Pasagjer\u00ebt jo vet\u00ebm nga Shqip\u00ebria e Kosova","gt_translate_keys":[{"key":"rendered","format":"text"}]},"content":{"rendered":"<p><span style=\"color: #000000;\"><a href=\"https:\/\/www.hashtag.al\/wp-content\/uploads\/2022\/07\/Kukes.jpg\"><img loading=\"lazy\" decoding=\"async\" class=\"aligncenter size-full wp-image-533187\" src=\"https:\/\/www.hashtag.al\/wp-content\/uploads\/2022\/07\/Kukes.jpg\" alt=\"\" width=\"681\" height=\"390\" srcset=\"https:\/\/www.hashtag.al\/wp-content\/uploads\/2022\/07\/Kukes.jpg 681w, https:\/\/www.hashtag.al\/wp-content\/uploads\/2022\/07\/Kukes-300x172.jpg 300w\" sizes=\"auto, (max-width: 681px) 100vw, 681px\" \/><\/a><\/span><\/p>\n<p><span style=\"color: #000000;\">Kryeministri Edi Rama e ka shp\u00ebrndar\u00eb sot nj\u00eb video me pamje nga Aeroporti i Kuk\u00ebsit, i cili ka rifilluar pun\u00ebn dhe pret turist\u00eb nga disa vende t\u00eb Europ\u00ebs.<\/span><\/p>\n<p><span style=\"color: #000000;\"><em>\u00a0\u201cMir\u00ebm\u00ebngjes, dhe nga Aeroporti Nd\u00ebrkomb\u00ebtar i Kuk\u00ebsit me pasagjer\u00ebt jo vet\u00ebm nga Shqip\u00ebria e Kosova, por edhe turist\u00eb nga Gjermania, Zvicra dhe Austria, q\u00eb shfryt\u00ebzojn\u00eb k\u00ebt\u00eb port\u00eb t\u00eb re t\u00eb qiellit ton\u00eb p\u00ebr t\u00eb kaluar pushimet n\u00eb Shqip\u00ebri, ju uroj nj\u00eb fundjav\u00eb t\u00eb mbar\u00eb.\u201d-<\/em> shkruan Rama krahas videos, n\u00eb t\u00eb cil\u00ebn thuhet se 12 fluturime n\u00eb jav\u00eb kryhen tashm\u00eb nga \u201cporta e veriut\u201d.<\/span><\/p>\n<p><iframe loading=\"lazy\" style=\"border: none; overflow: hidden;\" src=\"https:\/\/www.facebook.com\/plugins\/video.php?height=314&amp;href=https%3A%2F%2Fwww.facebook.com%2Fediramaal%2Fvideos%2F1176143316453050%2F&amp;show_text=false&amp;width=560&amp;t=0\" width=\"560\" height=\"314\" frameborder=\"0\" scrolling=\"no\" allowfullscreen=\"allowfullscreen\"><\/iframe><\/p>\n","protected":false,"gt_translate_keys":[{"key":"rendered","format":"html"}]},"excerpt":{"rendered":"<p>Kryeministri Edi Rama e ka shp\u00ebrndar\u00eb sot nj\u00eb video me pamje nga Aeroporti i Kuk\u00ebsit, i cili ka rifilluar pun\u00ebn dhe pret turist\u00eb nga disa vende t\u00eb Europ\u00ebs. \u00a0\u201cMir\u00ebm\u00ebngjes, dhe nga Aeroporti Nd\u00ebrkomb\u00ebtar i Kuk\u00ebsit me pasagjer\u00ebt jo vet\u00ebm nga Shqip\u00ebria e Kosova, por edhe turist\u00eb nga Gjermania, Zvicra dhe Austria, q\u00eb shfryt\u00ebzojn\u00eb k\u00ebt\u00eb port\u00eb [&hellip;]<\/p>\n","protected":false,"gt_translate_keys":[{"key":"rendered","format":"html"}]},"author":30,"featured_media":533187,"comment_status":"closed","ping_status":"closed","sticky":false,"template":"","format":"standard","meta":{"footnotes":""},"categories":[65,13],"tags":[],"class_list":["post-533186","post","type-post","status-publish","format-standard","has-post-thumbnail","hentry","category-lajme","category-te-fundit"],"gt_translate_keys":[{"key":"link","format":"url"}],"_links":{"self":[{"href":"https:\/\/www.hashtag.al\/index.php\/wp-json\/wp\/v2\/posts\/533186","targetHints":{"allow":["GET"]}}],"collection":[{"href":"https:\/\/www.hashtag.al\/index.php\/wp-json\/wp\/v2\/posts"}],"about":[{"href":"https:\/\/www.hashtag.al\/index.php\/wp-json\/wp\/v2\/types\/post"}],"author":[{"embeddable":true,"href":"https:\/\/www.hashtag.al\/index.php\/wp-json\/wp\/v2\/users\/30"}],"replies":[{"embeddable":true,"href":"https:\/\/www.hashtag.al\/index.php\/wp-json\/wp\/v2\/comments?post=533186"}],"version-history":[{"count":0,"href":"https:\/\/www.hashtag.al\/index.php\/wp-json\/wp\/v2\/posts\/533186\/revisions"}],"wp:featuredmedia":[{"embeddable":true,"href":"https:\/\/www.hashtag.al\/index.php\/wp-json\/wp\/v2\/media\/533187"}],"wp:attachment":[{"href":"https:\/\/www.hashtag.al\/index.php\/wp-json\/wp\/v2\/media?parent=533186"}],"wp:term":[{"taxonomy":"category","embeddable":true,"href":"https:\/\/www.hashtag.al\/index.php\/wp-json\/wp\/v2\/categories?post=533186"},{"taxonomy":"post_tag","embeddable":true,"href":"https:\/\/www.hashtag.al\/index.php\/wp-json\/wp\/v2\/tags?post=533186"}],"curies":[{"name":"wp","href":"https:\/\/api.w.org\/{rel}","templated":true}]}}