{"id":533099,"date":"2022-07-01T14:11:12","date_gmt":"2022-07-01T12:11:12","guid":{"rendered":"https:\/\/www.hashtag.al\/?p=533099"},"modified":"2022-07-01T14:11:12","modified_gmt":"2022-07-01T12:11:12","slug":"rama-i-prere-harta-e-re-gjyqesore-nuk-ndryshon-nuk-flitet-me-gjuhen-e-bojkotit","status":"publish","type":"post","link":"https:\/\/www.hashtag.al\/index.php\/2022\/07\/01\/rama-i-prere-harta-e-re-gjyqesore-nuk-ndryshon-nuk-flitet-me-gjuhen-e-bojkotit\/","title":{"rendered":"Rama i prer\u00eb: Harta e re Gjyq\u00ebsore nuk ndryshon, nuk flitet me gjuh\u00ebn e bojkotit","gt_translate_keys":[{"key":"rendered","format":"text"}]},"content":{"rendered":"<p><span style=\"color: #000000;\"><a href=\"https:\/\/www.hashtag.al\/wp-content\/uploads\/2022\/07\/er.jpg\"><img loading=\"lazy\" decoding=\"async\" class=\"aligncenter size-full wp-image-533100\" src=\"https:\/\/www.hashtag.al\/wp-content\/uploads\/2022\/07\/er.jpg\" alt=\"\" width=\"792\" height=\"474\" srcset=\"https:\/\/www.hashtag.al\/wp-content\/uploads\/2022\/07\/er.jpg 792w, https:\/\/www.hashtag.al\/wp-content\/uploads\/2022\/07\/er-300x180.jpg 300w, https:\/\/www.hashtag.al\/wp-content\/uploads\/2022\/07\/er-768x460.jpg 768w\" sizes=\"auto, (max-width: 792px) 100vw, 792px\" \/><\/a><\/span><\/p>\n<p><span style=\"color: #000000;\">Kryeministri Edi Rama \u00ebsht\u00eb i vendosur q\u00eb Harta e re Gjyq\u00ebsore nuk do t\u00eb ndryshoj\u00eb, pavar\u00ebsisht bojkotit pa afat t\u00eb avokat\u00ebve n\u00eb t\u00eb gjith\u00eb vendin.<\/span><\/p>\n<p><span style=\"color: #000000;\">I pyetur nga gazetar\u00ebt p\u00ebr k\u00ebt\u00eb \u00e7\u00ebshtje, Rama \u00ebsht\u00eb shprehur se ka ikur koha e bojkoteve.<\/span><\/p>\n<p><span style=\"color: #000000;\"><em>\u201cHarta gjyq\u00ebsore \u00ebsht\u00eb ajo dhe nuk ndryshon, shum\u00eb e thjesht\u00eb. Un\u00eb habitem q\u00eb ka akoma individ\u00eb dhe grupe individ\u00ebs q\u00eb besojn\u00eb se me qeverin\u00eb q\u00eb un\u00eb drejtoj mund t\u00eb flitet me gjuh\u00ebn e bojkoteve, me gjuh\u00ebn e shfaqjeve t\u00eb kok\u00ebfort\u00ebsis\u00eb pa z\u00eb. Ne \u00ebktu jemi. Kush ka di\u00e7ka p\u00ebr t\u00eb ndar\u00eb, e ka shum\u00eb t\u00eb thjesht\u00eb t\u00eb na k\u00ebrkoj\u00eb, t\u00eb ulemi e t\u00eb flasim. Por, harta gjyq\u00ebsore \u00ebsht\u00eb ajo dhe nuk ndryshon. <\/em><\/span><span style=\"color: #000000;\"><em>Bojkotojn\u00eb sa t\u00eb duan, kjo nuk ndryshon. S<\/em><\/span><\/p>\n<p><span style=\"color: #000000;\"><em>hqip\u00ebria nuk mund t\u00eb mbetet peng i vetvetes dhe i t\u00eb kaluar\u00ebs s\u00eb vet, ku gjithmon\u00eb gj\u00ebrat jan\u00eb neglizhuar. Shqip\u00ebria nuk \u00ebsht\u00eb Kina, as Amerika, as Franca, as Italia, \u00ebsht\u00eb nj\u00eb vend shum\u00eb i vog\u00ebl p\u00ebr t\u00eb pasur zyra dhe institucione t\u00eb panum\u00ebrta. K\u00ebshtu q\u00eb harta gjyq\u00ebsore \u00ebsht\u00eb ajo, \u00ebsht\u00eb e konsultuar gjat\u00eb, e dakord\u00ebsuar. Kush i bie ndesh, \u00ebsht\u00eb n\u00eb t\u00eb drejt\u00ebn e vet ta b\u00ebj\u00eb, por pengmarrja e qytetar\u00ebve p\u00ebr t\u00eb b\u00ebr\u00eb qeverin\u00eb q\u00eb t\u00eb ndryshoj\u00eb q\u00ebndrim \u00ebsht\u00eb pamoralshme, e sh\u00ebmtuar dhe e padobishme. P\u00ebrve\u00e7se s\u2019ka asnj\u00eb shans q\u00eb t\u00eb ket\u00eb sukses.\u201d-<\/em> ka deklaruar kryeministri Rama.<\/span><\/p>\n","protected":false,"gt_translate_keys":[{"key":"rendered","format":"html"}]},"excerpt":{"rendered":"<p>Kryeministri Edi Rama \u00ebsht\u00eb i vendosur q\u00eb Harta e re Gjyq\u00ebsore nuk do t\u00eb ndryshoj\u00eb, pavar\u00ebsisht bojkotit pa afat t\u00eb avokat\u00ebve n\u00eb t\u00eb gjith\u00eb vendin. I pyetur nga gazetar\u00ebt p\u00ebr k\u00ebt\u00eb \u00e7\u00ebshtje, Rama \u00ebsht\u00eb shprehur se ka ikur koha e bojkoteve. \u201cHarta gjyq\u00ebsore \u00ebsht\u00eb ajo dhe nuk ndryshon, shum\u00eb e thjesht\u00eb. Un\u00eb habitem q\u00eb ka [&hellip;]<\/p>\n","protected":false,"gt_translate_keys":[{"key":"rendered","format":"html"}]},"author":30,"featured_media":533100,"comment_status":"closed","ping_status":"closed","sticky":false,"template":"","format":"standard","meta":{"footnotes":""},"categories":[65,13],"tags":[],"class_list":["post-533099","post","type-post","status-publish","format-standard","has-post-thumbnail","hentry","category-lajme","category-te-fundit"],"gt_translate_keys":[{"key":"link","format":"url"}],"_links":{"self":[{"href":"https:\/\/www.hashtag.al\/index.php\/wp-json\/wp\/v2\/posts\/533099","targetHints":{"allow":["GET"]}}],"collection":[{"href":"https:\/\/www.hashtag.al\/index.php\/wp-json\/wp\/v2\/posts"}],"about":[{"href":"https:\/\/www.hashtag.al\/index.php\/wp-json\/wp\/v2\/types\/post"}],"author":[{"embeddable":true,"href":"https:\/\/www.hashtag.al\/index.php\/wp-json\/wp\/v2\/users\/30"}],"replies":[{"embeddable":true,"href":"https:\/\/www.hashtag.al\/index.php\/wp-json\/wp\/v2\/comments?post=533099"}],"version-history":[{"count":0,"href":"https:\/\/www.hashtag.al\/index.php\/wp-json\/wp\/v2\/posts\/533099\/revisions"}],"wp:featuredmedia":[{"embeddable":true,"href":"https:\/\/www.hashtag.al\/index.php\/wp-json\/wp\/v2\/media\/533100"}],"wp:attachment":[{"href":"https:\/\/www.hashtag.al\/index.php\/wp-json\/wp\/v2\/media?parent=533099"}],"wp:term":[{"taxonomy":"category","embeddable":true,"href":"https:\/\/www.hashtag.al\/index.php\/wp-json\/wp\/v2\/categories?post=533099"},{"taxonomy":"post_tag","embeddable":true,"href":"https:\/\/www.hashtag.al\/index.php\/wp-json\/wp\/v2\/tags?post=533099"}],"curies":[{"name":"wp","href":"https:\/\/api.w.org\/{rel}","templated":true}]}}