{"id":533086,"date":"2022-07-01T13:20:08","date_gmt":"2022-07-01T11:20:08","guid":{"rendered":"https:\/\/www.hashtag.al\/?p=533086"},"modified":"2022-07-01T13:20:08","modified_gmt":"2022-07-01T11:20:08","slug":"berisha-per-vrasjen-e-pjerin-xhuvanit-ne-elbasan-ndaj-arber-paplekajt-ishin-drejtuar-dy-tyta-revolesh-gaz-bardhi-ia-mbathi","status":"publish","type":"post","link":"https:\/\/www.hashtag.al\/index.php\/2022\/07\/01\/berisha-per-vrasjen-e-pjerin-xhuvanit-ne-elbasan-ndaj-arber-paplekajt-ishin-drejtuar-dy-tyta-revolesh-gaz-bardhi-ia-mbathi\/","title":{"rendered":"Berisha p\u00ebr vrasjen e Pjerin Xhuvanit n\u00eb Elbasan: Ndaj Arb\u00ebr Paplekajt ishin drejtuar dy tyta revolesh, Gaz Bardhi ia mbathi","gt_translate_keys":[{"key":"rendered","format":"text"}]},"content":{"rendered":"<p><span style=\"color: #000000;\"><a href=\"https:\/\/www.hashtag.al\/wp-content\/uploads\/2022\/07\/WhatsApp-Image-2022-07-01-at-12.07.08-PM.jpeg\"><img loading=\"lazy\" decoding=\"async\" class=\"aligncenter size-full wp-image-533068\" src=\"https:\/\/www.hashtag.al\/wp-content\/uploads\/2022\/07\/WhatsApp-Image-2022-07-01-at-12.07.08-PM.jpeg\" alt=\"\" width=\"1600\" height=\"1066\" srcset=\"https:\/\/www.hashtag.al\/wp-content\/uploads\/2022\/07\/WhatsApp-Image-2022-07-01-at-12.07.08-PM.jpeg 1600w, https:\/\/www.hashtag.al\/wp-content\/uploads\/2022\/07\/WhatsApp-Image-2022-07-01-at-12.07.08-PM-300x200.jpeg 300w, https:\/\/www.hashtag.al\/wp-content\/uploads\/2022\/07\/WhatsApp-Image-2022-07-01-at-12.07.08-PM-1024x682.jpeg 1024w, https:\/\/www.hashtag.al\/wp-content\/uploads\/2022\/07\/WhatsApp-Image-2022-07-01-at-12.07.08-PM-768x512.jpeg 768w, https:\/\/www.hashtag.al\/wp-content\/uploads\/2022\/07\/WhatsApp-Image-2022-07-01-at-12.07.08-PM-1536x1023.jpeg 1536w\" sizes=\"auto, (max-width: 1600px) 100vw, 1600px\" \/><\/a><\/span><\/p>\n<p><span style=\"color: #000000;\">N\u00eb konferenc\u00ebn e sotme p\u00ebr mediet, ish-kryeministri dhe kryetari i PD-s\u00eb Sali Berisha foli p\u00ebr ngjarjen e ndodhur n\u00eb Elbasan kat\u00ebr dit\u00eb para zgjedhjeve t\u00eb 25 Prillit ku mbeti i vrar\u00eb Pjerin Xhuvani.<\/span><\/p>\n<p><span style=\"color: #000000;\">Gjat\u00eb fjal\u00ebs s\u00eb tij, Berisha akuzoi deputetin Gazment Bardhi duke th\u00ebn\u00eb se ka p\u00ebrgjegj\u00ebsi p\u00ebr ngjarjen.<\/span><\/p>\n<p><span style=\"color: #000000;\">Sipas tij, Bardhi e braktisi Arb\u00ebr Paplekajn i cili ndodhej n\u00eb stafin e tij, pasi ky i fundit u gjend p\u00ebrball\u00eb bresh\u00ebrive nga dy tyta revolesh.<\/span><\/p>\n<p><span style=\"color: #000000;\"><em>\u201cTi Gaz Bardh dhe cilido tjet\u00ebr duhet t\u00eb k\u00ebrkonte hetimin e plot\u00eb se n\u00ebse Papleka do t\u00eb q\u00ebllonte duke ekzagjeruar rrezikun kjo nuk ishte vet\u00ebmbrojtje. Por n\u00ebse tij po q\u00ebllohej ai nuk kishte rrug\u00eb tjet\u00ebr. Gaz Bardhi u zhduk. Dhe komisionin hetimor parlamentar e mbyll\u00ebn me Taulant Ball\u00ebn. Ky \u00ebsht\u00eb komisioni i vet\u00ebm q\u00eb nuk funksioni asnj\u00eb dit\u00eb. Kur e merr tjetrin, e ken \u00eb ekip dhe ndodh kjo do nxjerr\u00ebsh p\u00ebrgjegj\u00ebsin\u00eb t\u00ebnde. Dhe jo ta braktis\u00ebsh si e braktis\u00ebn k\u00ebta Arb\u00ebr Paplekajn n\u00eb kuptimin e fshehjes s\u00eb krimit. \u00c7far\u00eb duhet t\u00eb jet\u00eb ai q\u00eb nuk ndjen p\u00ebrgjegj\u00ebsi p\u00ebr k\u00ebt\u00eb. Ai ishte me ty.\u201d<\/em>&#8211; u shpreh Berisha.<\/span><\/p>\n<p><span style=\"color: #000000;\">Ish-kryeministri shtoi se e vler\u00ebson p\u00ebrfundimin e hetimeve p\u00ebr vrasjen n\u00eb Elbasan por theksoi se e d\u00ebnon heshtjen ndaj prokurorit Alfred Shehu dhe ish-drejtorit t\u00eb policis\u00eb Ardi Veliu.<\/span><\/p>\n<p><strong><span style=\"color: #000000;\">\u00c7far\u00eb tha Berisha<\/span><\/strong><\/p>\n<p><span style=\"color: #000000;\">P\u00ebrgjegj\u00ebsi ka p\u00ebr ngjarjen jasht\u00eb \u00e7do dyshimi Gazment Bardhi. Un\u00eb kam nj\u00eb seri statusesh t\u00eb publikuara n\u00eb at\u00eb koh\u00eb q\u00eb vinin n\u00eb dyshim komunikatat zyrtare t\u00eb policis\u00eb s\u00eb shtetit. Kuptova se kemi t\u00eb b\u00ebjm\u00eb me nj\u00eb akt kriminal q\u00eb po mbulohej me \u00e7do kusht nga shteti. Nuk e njihja Arb\u00ebr Paplekajn por \u00e7do njeri q\u00eb kishte pasur rastin ta njoh\u00eb fliste fjal\u00ebt m\u00eb t\u00eb mira p\u00ebr t\u00eb. Ai kishte qen\u00eb n\u00eb misione shum\u00eb t\u00eb rrezikshme dhe kjo p\u00ebrb\u00ebnte nj\u00eb garanci q\u00eb ai t\u00eb mos p\u00ebrdorte kurr\u00eb arm\u00ebn.<\/span><\/p>\n<p><span style=\"color: #000000;\">Nuk ishte njeri i pam\u00ebsuar me arm\u00ebn. Nuk mund t\u00eb q\u00ebllonte ai tek ata q\u00eb nuk po i rrezikonin jet\u00ebn. Tani doli se n\u00eb an\u00ebn lindore t\u00eb rrug\u00ebs karshi tij pothuaj ball\u00eb p\u00ebrball\u00eb ishin dy tyta revolesh q\u00eb po q\u00ebllonin \u00e7ka shpjegon pse q\u00eblloi Arb\u00ebr Paplekaj. Kam shprehur keqardhjen m\u00eb t\u00eb thell\u00eb p\u00ebr vrasjen e Pjerin Xhuvanit.<\/span><\/p>\n<p><span style=\"color: #000000;\">Pavar\u00ebsisht se ishte militant i majt\u00eb por kurr\u00eb nuk mund t\u00eb miratoj\u00eb nj\u00eb akt ndaj tij. Pjerin Xhuvanin e vran\u00eb p\u00ebr s\u00eb dyti Taulant Balla, Gaz Bardhi, Edi Rama dhe Ardi Veli. Sepse donin ta mbyllin \u00e7\u00ebshtjen Paplekaj-Xhuvani. Aty mund t\u00eb kishim pasur kat\u00ebr t\u00eb vdekur. M\u00ebnyra kriminale me t\u00eb cil\u00ebn e trajtoi Ardi Veliu. M\u00ebnyra e turpshme e dy n\u00ebndrejtor\u00ebve t\u00eb policis\u00eb. Lan\u00eb t\u00eb zhvillohej nj\u00eb dram\u00eb e till\u00eb. Mashtrimi q\u00eb b\u00ebri policia bashk\u00eb me Alfred Shehun se nuk kishte materiale.<\/span><\/p>\n<p><span style=\"color: #000000;\">\u00cbsht\u00eb nj\u00eb nga ngjarjet m\u00eb t\u00eb sh\u00ebmtuara q\u00eb tregon moralin e v\u00ebrtet\u00eb t\u00eb Edi Ram\u00ebs dhe grupit t\u00eb tij. Kryeministri nuk mundt\u00eb mos ndalej n\u00eb holl\u00ebsi t\u00eb shum\u00ebanshme. Nuk mund t\u00eb g\u00ebnjej sh\u00ebrbimimi informativ. Kryeministri donte votat me gjak. Nuk kishte r\u00ebnd\u00ebsi pse u vra nj\u00eb njeri. E keni d\u00ebgjuar ndonj\u00ebher\u00eb t\u00eb fla\u00ebs Gaz Bardhi? Ngrita disa her\u00eb \u00e7\u00ebshtjen dhe ai heshti. Ai ishte n\u00eb stafin e Gaz Bardhit. Kishte shkuar atje p\u00ebr Gaz Bardhin. Dhe u krijua nj\u00eb komision parlamentar.<\/span><\/p>\n<p><span style=\"color: #000000;\">Ti Gaz Bardh dhe cilido tjet\u00ebr duhet t\u00eb k\u00ebrkonte hetimin e plot\u00eb se n\u00ebse Papleka do t\u00eb q\u00ebllonte duke ekzagjeruar rrezikun kjo nuk ishte vet\u00ebmbrojtje. Por n\u00ebse tij po q\u00ebllohej ai nuk kishte rrug\u00eb tjet\u00ebr. Gaz Bardhi u zhduk. Dhe komisionin hetimor parlamentar e mbyll\u00ebn me Taulant Ball\u00ebn. Ky \u00ebsht\u00eb komisioni i vet\u00ebm q\u00eb nuk funksioni asnj\u00eb dit\u00eb. Kur e merr tjetrin, e ken \u00eb ekip dhe ndodh kjo do nxjerr\u00ebsh p\u00ebrgjegj\u00ebsin\u00eb t\u00ebnde. Dhe jo ta braktis\u00ebsh si e braktis\u00ebn k\u00ebta Arb\u00ebr Paplekajn n\u00eb kuptimin e fshehjes s\u00eb krimit. \u00c7far\u00eb duhet t\u00eb jet\u00eb ai q\u00eb nuk ndjen p\u00ebrgjegj\u00ebsi p\u00ebr k\u00ebt\u00eb. Ai ishte me ty.<\/span><\/p>\n<p><span style=\"color: #000000;\">Ishte n\u00eb zyrat tuaja. Ndaj dhe e p\u00ebrg\u00ebzoj prokurorin\u00eb q\u00eb e ka thirrur por e d\u00ebnoj heshtjen q\u00eb mban ndaj Ardi Velit, Alfred Shehut. Alfred Shehu \u00ebsht\u00eb nj\u00eb shpif\u00ebs. Nuk duhet t\u00eb ket\u00eb vend n\u00eb SPAK. Arjan Hoxha ka merit\u00eb shum\u00eb t\u00eb madhe. Ai njoftoi policin\u00eb. Por policia b\u00ebri sehir vrituni tha. Tha nuk ka materiale zgjedhore.<\/span><\/p>\n","protected":false,"gt_translate_keys":[{"key":"rendered","format":"html"}]},"excerpt":{"rendered":"<p>N\u00eb konferenc\u00ebn e sotme p\u00ebr mediet, ish-kryeministri dhe kryetari i PD-s\u00eb Sali Berisha foli p\u00ebr ngjarjen e ndodhur n\u00eb Elbasan kat\u00ebr dit\u00eb para zgjedhjeve t\u00eb 25 Prillit ku mbeti i vrar\u00eb Pjerin Xhuvani. Gjat\u00eb fjal\u00ebs s\u00eb tij, Berisha akuzoi deputetin Gazment Bardhi duke th\u00ebn\u00eb se ka p\u00ebrgjegj\u00ebsi p\u00ebr ngjarjen. Sipas tij, Bardhi e braktisi Arb\u00ebr [&hellip;]<\/p>\n","protected":false,"gt_translate_keys":[{"key":"rendered","format":"html"}]},"author":30,"featured_media":533068,"comment_status":"closed","ping_status":"closed","sticky":false,"template":"","format":"standard","meta":{"footnotes":""},"categories":[65,13],"tags":[],"class_list":["post-533086","post","type-post","status-publish","format-standard","has-post-thumbnail","hentry","category-lajme","category-te-fundit"],"gt_translate_keys":[{"key":"link","format":"url"}],"_links":{"self":[{"href":"https:\/\/www.hashtag.al\/index.php\/wp-json\/wp\/v2\/posts\/533086","targetHints":{"allow":["GET"]}}],"collection":[{"href":"https:\/\/www.hashtag.al\/index.php\/wp-json\/wp\/v2\/posts"}],"about":[{"href":"https:\/\/www.hashtag.al\/index.php\/wp-json\/wp\/v2\/types\/post"}],"author":[{"embeddable":true,"href":"https:\/\/www.hashtag.al\/index.php\/wp-json\/wp\/v2\/users\/30"}],"replies":[{"embeddable":true,"href":"https:\/\/www.hashtag.al\/index.php\/wp-json\/wp\/v2\/comments?post=533086"}],"version-history":[{"count":0,"href":"https:\/\/www.hashtag.al\/index.php\/wp-json\/wp\/v2\/posts\/533086\/revisions"}],"wp:featuredmedia":[{"embeddable":true,"href":"https:\/\/www.hashtag.al\/index.php\/wp-json\/wp\/v2\/media\/533068"}],"wp:attachment":[{"href":"https:\/\/www.hashtag.al\/index.php\/wp-json\/wp\/v2\/media?parent=533086"}],"wp:term":[{"taxonomy":"category","embeddable":true,"href":"https:\/\/www.hashtag.al\/index.php\/wp-json\/wp\/v2\/categories?post=533086"},{"taxonomy":"post_tag","embeddable":true,"href":"https:\/\/www.hashtag.al\/index.php\/wp-json\/wp\/v2\/tags?post=533086"}],"curies":[{"name":"wp","href":"https:\/\/api.w.org\/{rel}","templated":true}]}}