{"id":533045,"date":"2022-07-01T10:37:19","date_gmt":"2022-07-01T08:37:19","guid":{"rendered":"https:\/\/www.hashtag.al\/?p=533045"},"modified":"2022-07-01T10:37:19","modified_gmt":"2022-07-01T08:37:19","slug":"alibeaj-per-draftin-e-kanabisit-rama-po-i-shkon-deri-ne-fund-marrezise-kryeministri-i-vetem-ne-evrope-qe-ka-ish-ministrin-e-brendshem-ne-burg-per-shkak-te-trafikut-te-kanabisit","status":"publish","type":"post","link":"https:\/\/www.hashtag.al\/index.php\/2022\/07\/01\/alibeaj-per-draftin-e-kanabisit-rama-po-i-shkon-deri-ne-fund-marrezise-kryeministri-i-vetem-ne-evrope-qe-ka-ish-ministrin-e-brendshem-ne-burg-per-shkak-te-trafikut-te-kanabisit\/","title":{"rendered":"Alibeaj p\u00ebr draftin e kanabisit: Rama po i shkon deri n\u00eb fund marr\u00ebzis\u00eb, kryeministri i vet\u00ebm n\u00eb Evrop\u00eb q\u00eb ka ish-ministrin e Brendsh\u00ebm n\u00eb burg p\u00ebr shkak t\u00eb trafikut t\u00eb kanabisit","gt_translate_keys":[{"key":"rendered","format":"text"}]},"content":{"rendered":"<p><span style=\"color: #000000;\"><a href=\"https:\/\/www.hashtag.al\/wp-content\/uploads\/2022\/05\/enkelejd-alibeaj.jpg\"><img loading=\"lazy\" decoding=\"async\" class=\"aligncenter size-full wp-image-526331\" src=\"https:\/\/www.hashtag.al\/wp-content\/uploads\/2022\/05\/enkelejd-alibeaj.jpg\" alt=\"\" width=\"1228\" height=\"653\" srcset=\"https:\/\/www.hashtag.al\/wp-content\/uploads\/2022\/05\/enkelejd-alibeaj.jpg 1228w, https:\/\/www.hashtag.al\/wp-content\/uploads\/2022\/05\/enkelejd-alibeaj-300x160.jpg 300w, https:\/\/www.hashtag.al\/wp-content\/uploads\/2022\/05\/enkelejd-alibeaj-1024x545.jpg 1024w, https:\/\/www.hashtag.al\/wp-content\/uploads\/2022\/05\/enkelejd-alibeaj-768x408.jpg 768w\" sizes=\"auto, (max-width: 1228px) 100vw, 1228px\" \/><\/a><br \/>\n<\/span><\/p>\n<p><span style=\"color: #000000;\">Kreu i Grupit Parlamentar t\u00eb PD-s\u00eb Enkelejd Alibeaj ka reaguar pas publikimit t\u00eb draftit p\u00ebr legalizimin e kanabisit n\u00eb Shqip\u00ebri.<\/span><\/p>\n<p><span style=\"color: #000000;\">N\u00eb nj\u00eb postim n\u00eb rrjetet sociale, Alibeaj shprehet se kryeministri Edi Rama duket i vendosur p\u00ebr t\u2019i shkuar deri n\u00eb fund marr\u00ebzis\u00eb s\u00eb tij.<\/span><\/p>\n<p><span style=\"color: #000000;\">Ai shton se Rama \u00ebsht\u00eb kryeministri i vet\u00ebm n\u00eb Evrop\u00eb q\u00eb ish-ministri i tij brendsh\u00ebm gjendet n\u00eb burg, p\u00ebr shkak t\u00eb p\u00ebrfshirjes n\u00eb grupet kriminale t\u00eb trafikut t\u00eb kanabisit.<\/span><\/p>\n<p><em><span style=\"color: #000000;\">\u201cEdi Rama duket i vendosur t\u2019i shkoj\u00eb deri n\u00eb fund marr\u00ebzis\u00eb s\u00eb tij p\u00ebr legalizimin e kanabisit n\u00eb Shqip\u00ebri. Njeriu q\u00eb n\u00eb vitet 2015 \u2013 2017 e mbushi gjith\u00eb Shqip\u00ebrin\u00eb me kanabis, duke u shnd\u00ebrruar n\u00eb nj\u00eb problem nd\u00ebrkomb\u00ebtar p\u00ebr trafikun e l\u00ebnd\u00ebve narkotike, ka nxjerr\u00eb p\u00ebr konsultim publik projektligjin &#8216;P\u00ebr kontrollin e kultivimit dhe p\u00ebrpunimit t\u00eb bim\u00ebs s\u00eb kanabisit dhe prodhimit t\u00eb n\u00ebnprodukteve t\u00eb saj p\u00ebr q\u00ebllime mjek\u00ebsore dhe industriale&#8217;.<\/span><\/em><br \/>\n<em><span style=\"color: #000000;\">Njeriu q\u00eb p\u00ebr shkak t\u00eb problemeve me kanabisin, la vendin e tij n\u00eb vendnum\u00ebro p\u00ebr vite t\u00eb t\u00ebra n\u00eb rrug\u00ebn drejt an\u00ebtar\u00ebsimit n\u00eb BE. Edi Rama pra, \u00ebsht\u00eb kryeministri i vet\u00ebm n\u00eb Evrop\u00eb dhe m\u00eb gj\u00ebr\u00eb q\u00eb ish-ministri i tij brendsh\u00ebm gjendet n\u00eb burg, p\u00ebr shkak t\u00eb p\u00ebrfshirjes n\u00eb grupet kriminale t\u00eb trafikut t\u00eb kanabisit.<\/span><\/em><br \/>\n<em><span style=\"color: #000000;\">Por, t\u00eb gjitha k\u00ebto duket se ai ka harruar ose b\u00ebn sikur, dhe tashm\u00eb n\u00ebn mask\u00ebn e kultivimit p\u00ebr q\u00ebllime mjek\u00ebsore dhe industriale, k\u00ebrkon t\u00eb legalizoj\u00eb prodhimin e kanabisit.<\/span><\/em><br \/>\n<span style=\"color: #000000;\"><em>Kriteret dhe procedurat e p\u00ebrcaktuara n\u00eb projektligj, e b\u00ebjn\u00eb t\u00eb qart\u00eb se lejet dhe licencat p\u00ebr k\u00ebt\u00eb veprimtari do t\u2019i p\u00ebrfitojn\u00eb vet\u00ebm miqt\u00eb dhe aleat\u00ebt e Ram\u00ebs. Kushdo e di se n\u00eb nj\u00eb vend ku kriminaliteti dhe korrupsioni \u00ebsht\u00eb n\u00eb nivelet m\u00eb t\u00eb larta, mbajtja n\u00ebn kontroll e k\u00ebsaj veprimtarie \u00ebsht\u00eb e pamundur. K\u00ebt\u00eb e d\u00ebshmojn\u00eb edhe rritja e procedimeve me 42.92% dhe e t\u00eb d\u00ebnuarve me 66.67% gjat\u00eb vitit 2021 p\u00ebr veprat penale t\u00eb lidhura me prodhimin dhe shitjen e l\u00ebnd\u00ebve narkotike (sipas raportit t\u00eb Prokurorit t\u00eb P\u00ebrgjithsh\u00ebm). Aq m\u00eb tep\u00ebr, me nj\u00eb qeveri q\u00eb ka treguar se drejtuesit e saj jan\u00eb jo vet\u00ebm konsumator\u00eb, por drejtp\u00ebrdrejt\u00eb t\u00eb p\u00ebrfshir\u00eb n\u00eb trafikun e narkotik\u00ebve.\u201d<\/em>&#8211; shkruan Alibeaj.<\/span><\/p>\n<p><span style=\"color: #000000;\">M\u00eb tej ai shton se p\u00ebr Partin\u00eb Demokratike dhe Opozit\u00ebn, <em>\u201cq\u00ebndrimi ndaj k\u00ebsaj marr\u00ebzie t\u00eb pushtetit t\u00eb Edi Ram\u00ebs, duhet t\u00eb jet\u00eb i qart\u00eb: Jo vet\u00ebm vot\u00eb kund\u00ebr n\u00eb Parlament, por betej\u00eb n\u00eb t\u00eb gjitha frontet p\u00ebr t\u00eb ndaluar kriminalizimin e ekonomis\u00eb shqiptare\u201d.<\/em><\/span><\/p>\n","protected":false,"gt_translate_keys":[{"key":"rendered","format":"html"}]},"excerpt":{"rendered":"<p>Kreu i Grupit Parlamentar t\u00eb PD-s\u00eb Enkelejd Alibeaj ka reaguar pas publikimit t\u00eb draftit p\u00ebr legalizimin e kanabisit n\u00eb Shqip\u00ebri. N\u00eb nj\u00eb postim n\u00eb rrjetet sociale, Alibeaj shprehet se kryeministri Edi Rama duket i vendosur p\u00ebr t\u2019i shkuar deri n\u00eb fund marr\u00ebzis\u00eb s\u00eb tij. Ai shton se Rama \u00ebsht\u00eb kryeministri i vet\u00ebm n\u00eb Evrop\u00eb q\u00eb [&hellip;]<\/p>\n","protected":false,"gt_translate_keys":[{"key":"rendered","format":"html"}]},"author":30,"featured_media":526331,"comment_status":"closed","ping_status":"closed","sticky":false,"template":"","format":"standard","meta":{"footnotes":""},"categories":[65,13],"tags":[],"class_list":["post-533045","post","type-post","status-publish","format-standard","has-post-thumbnail","hentry","category-lajme","category-te-fundit"],"gt_translate_keys":[{"key":"link","format":"url"}],"_links":{"self":[{"href":"https:\/\/www.hashtag.al\/index.php\/wp-json\/wp\/v2\/posts\/533045","targetHints":{"allow":["GET"]}}],"collection":[{"href":"https:\/\/www.hashtag.al\/index.php\/wp-json\/wp\/v2\/posts"}],"about":[{"href":"https:\/\/www.hashtag.al\/index.php\/wp-json\/wp\/v2\/types\/post"}],"author":[{"embeddable":true,"href":"https:\/\/www.hashtag.al\/index.php\/wp-json\/wp\/v2\/users\/30"}],"replies":[{"embeddable":true,"href":"https:\/\/www.hashtag.al\/index.php\/wp-json\/wp\/v2\/comments?post=533045"}],"version-history":[{"count":0,"href":"https:\/\/www.hashtag.al\/index.php\/wp-json\/wp\/v2\/posts\/533045\/revisions"}],"wp:featuredmedia":[{"embeddable":true,"href":"https:\/\/www.hashtag.al\/index.php\/wp-json\/wp\/v2\/media\/526331"}],"wp:attachment":[{"href":"https:\/\/www.hashtag.al\/index.php\/wp-json\/wp\/v2\/media?parent=533045"}],"wp:term":[{"taxonomy":"category","embeddable":true,"href":"https:\/\/www.hashtag.al\/index.php\/wp-json\/wp\/v2\/categories?post=533045"},{"taxonomy":"post_tag","embeddable":true,"href":"https:\/\/www.hashtag.al\/index.php\/wp-json\/wp\/v2\/tags?post=533045"}],"curies":[{"name":"wp","href":"https:\/\/api.w.org\/{rel}","templated":true}]}}