{"id":533040,"date":"2022-07-01T10:00:53","date_gmt":"2022-07-01T08:00:53","guid":{"rendered":"https:\/\/www.hashtag.al\/?p=533040"},"modified":"2022-07-01T10:00:53","modified_gmt":"2022-07-01T08:00:53","slug":"shoqata-e-infermiereve-ngre-alarmin-krize-per-mjeke-e-infermiere-ministria-po-u-lutet-profesionisteve-ne-pension-te-ndihmojne","status":"publish","type":"post","link":"https:\/\/www.hashtag.al\/index.php\/2022\/07\/01\/shoqata-e-infermiereve-ngre-alarmin-krize-per-mjeke-e-infermiere-ministria-po-u-lutet-profesionisteve-ne-pension-te-ndihmojne\/","title":{"rendered":"Shoqata e Infermier\u00ebve ngre alarmin: Kriz\u00eb p\u00ebr mjek\u00eb e infermier\u00eb, Ministria po u lutet profesionist\u00ebve n\u00eb pension t\u00eb ndihmojn\u00eb","gt_translate_keys":[{"key":"rendered","format":"text"}]},"content":{"rendered":"<p><span style=\"color: #000000;\"><a href=\"https:\/\/www.hashtag.al\/wp-content\/uploads\/2022\/01\/infermier.jpg\"><img loading=\"lazy\" decoding=\"async\" class=\"aligncenter size-full wp-image-498476\" src=\"https:\/\/www.hashtag.al\/wp-content\/uploads\/2022\/01\/infermier.jpg\" alt=\"\" width=\"780\" height=\"440\" srcset=\"https:\/\/www.hashtag.al\/wp-content\/uploads\/2022\/01\/infermier.jpg 780w, https:\/\/www.hashtag.al\/wp-content\/uploads\/2022\/01\/infermier-300x169.jpg 300w, https:\/\/www.hashtag.al\/wp-content\/uploads\/2022\/01\/infermier-768x433.jpg 768w\" sizes=\"auto, (max-width: 780px) 100vw, 780px\" \/><\/a><br \/>\n<\/span><\/p>\n<p><span style=\"color: #000000;\">Shoqata e Infermier\u00ebve ka ngritur shqet\u00ebsimin se n\u00eb Shqip\u00ebri ka mungesa mjek\u00ebsh dhe infermier\u00ebsh.<\/span><\/p>\n<p><span style=\"color: #000000;\">N\u00eb nj\u00eb njoftim, Shoqata e Infermier\u00ebve thot\u00eb se jan\u00eb n\u00eb kriz\u00eb p\u00ebr personel n\u00eb shum\u00eb spitale shtet\u00ebrore, por edhe n\u00eb ato private nuk kan\u00eb mjek\u00eb apo infermier\u00eb specialist. Madje profesionist\u00ebve t\u00eb dal\u00eb n\u00eb pension, u k\u00ebrkohet t\u00eb rikthehen n\u00eb pun\u00eb p\u00ebr t\u00eb plot\u00ebsuar k\u00ebto nevoja.<\/span><\/p>\n<p><em><span style=\"color: #000000;\">\u201cShum\u00eb spitale si shtet\u00ebrore ashtu dhe private jan\u00eb me mungesa t\u00eb m\u00ebdha t\u00eb mjek\u00ebve specialist dhe infermier\u00ebve.<\/span><\/em><\/p>\n<p><span style=\"color: #000000;\"><em>Sikur t\u00eb mos mjaftonte kjo dit\u00ebt e fundit Ministria e Sh\u00ebndet\u00ebsis\u00eb p\u00ebr t\u00eb plot\u00ebsuar nevojat p\u00ebr staf n\u00eb Qendrat Sh\u00ebndet\u00ebsore Verore po telefonon dhe po u k\u00ebrkon mjek\u00ebve t\u00eb dal\u00eb n\u00eb pension t\u00eb b\u00ebhen pjes\u00eb e k\u00ebtyre sh\u00ebrbimeve.\u201d<\/em>&#8211; thuhet n\u00eb njoftim.<\/span><\/p>\n<p><span style=\"color: #000000;\">Shoqata ngre pyetjen se kur do t\u00eb nd\u00ebrgjegj\u00ebsohen n\u00eb Ministri p\u00ebr t\u00eb rregulluar politikat e pun\u00ebsimit dhe vler\u00ebsimit t\u00eb stafit mjek\u00ebsor para se Shqip\u00ebria t\u00eb kthehet \u201c<em>monopol i nj\u00eb grupi mjek\u00ebsh<\/em>\u201d.<\/span><\/p>\n<p><strong><span style=\"color: #000000;\">DEKLARATA E PLOT\u00cb<\/span><\/strong><\/p>\n<p><span style=\"color: #000000;\">Shqip\u00ebria n\u00eb kriz\u00eb p\u00ebr personel sh\u00ebndet\u00ebsore me mungesa t\u00eb m\u00ebdha t\u00eb mjek\u00ebve dhe infermier\u00ebve.<\/span><\/p>\n<p><span style=\"color: #000000;\">Ashtu si\u00e7 kishte parashikuar Shoqata e Infermier\u00ebve t\u00eb Shqip\u00ebris\u00eb q\u00eb Shqip\u00ebria do jet\u00eb n\u00eb kolaps p\u00ebr personel Sh\u00ebndet\u00ebsore ashtu po ndodh.<\/span><\/p>\n<p><span style=\"color: #000000;\">Shum\u00eb spitale si shtet\u00ebrore ashtu dhe private jan\u00eb me mungesa t\u00eb m\u00ebdha t\u00eb mjek\u00ebve specialist dhe infermier\u00ebve.<\/span><\/p>\n<p><span style=\"color: #000000;\">Sikur t\u00eb mos mjaftonte kjo dit\u00ebt e fundit Ministria e Sh\u00ebndet\u00ebsis\u00eb p\u00ebr t\u00eb plot\u00ebsuar nevojat p\u00ebr staf n\u00eb Qendrat Sh\u00ebndet\u00ebsore Verore po telefonon dhe po u k\u00ebrkon mjek\u00ebve t\u00eb dal\u00eb n\u00eb pension t\u00eb b\u00ebhen pjes\u00eb e k\u00ebtyre sh\u00ebrbimeve.<\/span><\/p>\n<p><span style=\"color: #000000;\">Pse vall\u00eb kur ne ngrem\u00eb shqet\u00ebsime reale ato nxjerrin lloj lloj justifikimesh apo shpesh dhe duke p\u00ebrg\u00ebnjeshtruar shifrat e deklaruara nga ne t\u00eb largimeve masive nga Shqip\u00ebria t\u00eb mjek\u00ebve dhe infermier\u00ebve dhe sot del zbuluar ky realitet ku Ministria p\u00ebr t\u00eb mos dal\u00eb zbuluar q\u00eb nuk ka mjek\u00eb e infermier\u00eb ju lutet stafit t\u00eb dal\u00eb n\u00eb pension p\u00ebr t\u2019ju bashkuar p\u00ebr t\u00eb sh\u00ebrbyer.<\/span><\/p>\n<p><span style=\"color: #000000;\">Kur do nd\u00ebrgjegj\u00ebsohen p\u00ebr t\u00eb rregulluar politikat e duhura t\u00eb pun\u00ebsimit dhe vler\u00ebsimit t\u00eb stafit mjek\u00ebsore para se Shqip\u00ebria t\u00eb b\u00ebhet monopol i nj\u00eb grupi mjek\u00ebsh e infermier\u00ebsh t\u00eb politizuar q\u00eb kan\u00eb kthyer si pron\u00eb t\u00eb tyre vendin e pun\u00ebs apo \u00e7do post tjet\u00ebr duke b\u00ebr\u00eb q\u00eb infermier\u00ebt dhe mjek\u00ebt e aft\u00eb t\u00eb largohen nga Shqip\u00ebria. Mos vall\u00eb duhet t\u2019i kthej\u00eb syt\u00eb Ministria nga vendet e tjera p\u00ebr t\u00eb plot\u00ebsuar nevojat p\u00ebr staf mjekesor n\u00eb vend???<\/span><\/p>\n<p><span style=\"color: #000000;\">Nuk keni par\u00eb gj\u00eb akoma&#8230;pasi tani \u00ebsht\u00eb von\u00eb p\u00ebr t\u00eb ndaluar k\u00ebt\u00eb hemoragji n\u00eb Sh\u00ebndet\u00ebsi.<\/span><\/p>\n","protected":false,"gt_translate_keys":[{"key":"rendered","format":"html"}]},"excerpt":{"rendered":"<p>Shoqata e Infermier\u00ebve ka ngritur shqet\u00ebsimin se n\u00eb Shqip\u00ebri ka mungesa mjek\u00ebsh dhe infermier\u00ebsh. N\u00eb nj\u00eb njoftim, Shoqata e Infermier\u00ebve thot\u00eb se jan\u00eb n\u00eb kriz\u00eb p\u00ebr personel n\u00eb shum\u00eb spitale shtet\u00ebrore, por edhe n\u00eb ato private nuk kan\u00eb mjek\u00eb apo infermier\u00eb specialist. Madje profesionist\u00ebve t\u00eb dal\u00eb n\u00eb pension, u k\u00ebrkohet t\u00eb rikthehen n\u00eb pun\u00eb p\u00ebr [&hellip;]<\/p>\n","protected":false,"gt_translate_keys":[{"key":"rendered","format":"html"}]},"author":30,"featured_media":498476,"comment_status":"closed","ping_status":"closed","sticky":false,"template":"","format":"standard","meta":{"footnotes":""},"categories":[65,13],"tags":[],"class_list":["post-533040","post","type-post","status-publish","format-standard","has-post-thumbnail","hentry","category-lajme","category-te-fundit"],"gt_translate_keys":[{"key":"link","format":"url"}],"_links":{"self":[{"href":"https:\/\/www.hashtag.al\/index.php\/wp-json\/wp\/v2\/posts\/533040","targetHints":{"allow":["GET"]}}],"collection":[{"href":"https:\/\/www.hashtag.al\/index.php\/wp-json\/wp\/v2\/posts"}],"about":[{"href":"https:\/\/www.hashtag.al\/index.php\/wp-json\/wp\/v2\/types\/post"}],"author":[{"embeddable":true,"href":"https:\/\/www.hashtag.al\/index.php\/wp-json\/wp\/v2\/users\/30"}],"replies":[{"embeddable":true,"href":"https:\/\/www.hashtag.al\/index.php\/wp-json\/wp\/v2\/comments?post=533040"}],"version-history":[{"count":0,"href":"https:\/\/www.hashtag.al\/index.php\/wp-json\/wp\/v2\/posts\/533040\/revisions"}],"wp:featuredmedia":[{"embeddable":true,"href":"https:\/\/www.hashtag.al\/index.php\/wp-json\/wp\/v2\/media\/498476"}],"wp:attachment":[{"href":"https:\/\/www.hashtag.al\/index.php\/wp-json\/wp\/v2\/media?parent=533040"}],"wp:term":[{"taxonomy":"category","embeddable":true,"href":"https:\/\/www.hashtag.al\/index.php\/wp-json\/wp\/v2\/categories?post=533040"},{"taxonomy":"post_tag","embeddable":true,"href":"https:\/\/www.hashtag.al\/index.php\/wp-json\/wp\/v2\/tags?post=533040"}],"curies":[{"name":"wp","href":"https:\/\/api.w.org\/{rel}","templated":true}]}}