{"id":532917,"date":"2022-06-30T14:00:08","date_gmt":"2022-06-30T12:00:08","guid":{"rendered":"https:\/\/www.hashtag.al\/?p=532917"},"modified":"2022-06-30T14:00:08","modified_gmt":"2022-06-30T12:00:08","slug":"gjykata-le-ne-arrest-shtepie-dy-ish-zv-drejtoret-e-policise-se-elbasanit-nushi-acarohet-me-gazetaret-me-lini-rehat","status":"publish","type":"post","link":"https:\/\/www.hashtag.al\/index.php\/2022\/06\/30\/gjykata-le-ne-arrest-shtepie-dy-ish-zv-drejtoret-e-policise-se-elbasanit-nushi-acarohet-me-gazetaret-me-lini-rehat\/","title":{"rendered":"Gjykata l\u00eb n\u00eb \u201carrest sht\u00ebpie\u201d dy ish-zv.drejtor\u00ebt e policis\u00eb s\u00eb Elbasanit, Nushi acarohet me gazetar\u00ebt: M\u00eb lini rehat","gt_translate_keys":[{"key":"rendered","format":"text"}]},"content":{"rendered":"<p><span style=\"color: #000000;\"><a href=\"https:\/\/www.hashtag.al\/wp-content\/uploads\/2022\/06\/xhuvani-policet-1.jpg\"><img loading=\"lazy\" decoding=\"async\" class=\"aligncenter size-full wp-image-532918\" src=\"https:\/\/www.hashtag.al\/wp-content\/uploads\/2022\/06\/xhuvani-policet-1.jpg\" alt=\"\" width=\"800\" height=\"451\" srcset=\"https:\/\/www.hashtag.al\/wp-content\/uploads\/2022\/06\/xhuvani-policet-1.jpg 800w, https:\/\/www.hashtag.al\/wp-content\/uploads\/2022\/06\/xhuvani-policet-1-300x169.jpg 300w, https:\/\/www.hashtag.al\/wp-content\/uploads\/2022\/06\/xhuvani-policet-1-768x433.jpg 768w\" sizes=\"auto, (max-width: 800px) 100vw, 800px\" \/><\/a><\/span><\/p>\n<p><span style=\"color: #000000;\">Dy ish-zyrtar\u00ebt e arrestuar p\u00ebr mos parandalimin e vrasjes s\u00eb Pjerin Xhuvanit, an\u00eb paraqitur mesdit\u00ebn e sotme n\u00eb Gjykat\u00ebn e Rrethit Gjyq\u00ebsor Elbasanit p\u00ebr t\u2019u njohur me vler\u00ebsimin e mas\u00ebs s\u00eb siguris\u00eb.<\/span><\/p>\n<p><span style=\"color: #000000;\">Sipas \u201cNews 24\u201d, gjykat\u00ebsi Taulant Tafa ka l\u00ebn\u00eb n\u00eb fuqi mas\u00ebn e siguris\u00eb \u201cArrest Sht\u00ebpie\u201d t\u00eb k\u00ebrkuar nga Prokuroria p\u00ebr dy ish-z\u00ebvend\u00ebsdrejtor\u00ebt e policis\u00eb s\u00eb Elbasanit, Albert Nushi dhe Nikollaq Palla.<\/span><\/p>\n<p><span style=\"color: #000000;\">N\u00eb dosjes e prokuroris\u00eb thuhet se dy zv\/drejtor\u00ebt mund t\u00eb kishin parandaluar vrasjen e Pjerin Xhuvanit n\u00ebse do kishin nd\u00ebrhyr\u00eb, kjo pasi ata kishin mb\u00ebritur t\u00eb par\u00ebt n\u00eb vendngjarje q\u00eb pas lajm\u00ebrimit nga ish-zyrtari i policis\u00eb Arjan Hoxha.<\/span><\/p>\n<p><span style=\"color: #000000;\">Ata akuzohen p\u00ebr shp\u00ebrdorim detyre.<\/span><\/p>\n<p><span style=\"color: #000000;\">Ish zv.drejtori Albert Nushi u pyet nga gazetar\u00ebt p\u00ebr vendimin pas daljes nga seanca gjyq\u00ebsore, por ai u tha:<em> \u201cIkni tani m\u00eb lini rehat.\u201d<\/em><\/span><\/p>\n<p><span style=\"color: #000000;\">N\u00eb seanc\u00eb avokat\u00ebt e ish-zyrtar\u00ebve nuk jan\u00eb paraqitur p\u00ebr shkak t\u00eb bojkotit pa afat t\u00eb seancave, si kund\u00ebrshtim p\u00ebr Hart\u00ebn e re Gjyq\u00ebsore.<\/span><\/p>\n","protected":false,"gt_translate_keys":[{"key":"rendered","format":"html"}]},"excerpt":{"rendered":"<p>Dy ish-zyrtar\u00ebt e arrestuar p\u00ebr mos parandalimin e vrasjes s\u00eb Pjerin Xhuvanit, an\u00eb paraqitur mesdit\u00ebn e sotme n\u00eb Gjykat\u00ebn e Rrethit Gjyq\u00ebsor Elbasanit p\u00ebr t\u2019u njohur me vler\u00ebsimin e mas\u00ebs s\u00eb siguris\u00eb. Sipas \u201cNews 24\u201d, gjykat\u00ebsi Taulant Tafa ka l\u00ebn\u00eb n\u00eb fuqi mas\u00ebn e siguris\u00eb \u201cArrest Sht\u00ebpie\u201d t\u00eb k\u00ebrkuar nga Prokuroria p\u00ebr dy ish-z\u00ebvend\u00ebsdrejtor\u00ebt e [&hellip;]<\/p>\n","protected":false,"gt_translate_keys":[{"key":"rendered","format":"html"}]},"author":30,"featured_media":532918,"comment_status":"closed","ping_status":"closed","sticky":false,"template":"","format":"standard","meta":{"footnotes":""},"categories":[65,13],"tags":[],"class_list":["post-532917","post","type-post","status-publish","format-standard","has-post-thumbnail","hentry","category-lajme","category-te-fundit"],"gt_translate_keys":[{"key":"link","format":"url"}],"_links":{"self":[{"href":"https:\/\/www.hashtag.al\/index.php\/wp-json\/wp\/v2\/posts\/532917","targetHints":{"allow":["GET"]}}],"collection":[{"href":"https:\/\/www.hashtag.al\/index.php\/wp-json\/wp\/v2\/posts"}],"about":[{"href":"https:\/\/www.hashtag.al\/index.php\/wp-json\/wp\/v2\/types\/post"}],"author":[{"embeddable":true,"href":"https:\/\/www.hashtag.al\/index.php\/wp-json\/wp\/v2\/users\/30"}],"replies":[{"embeddable":true,"href":"https:\/\/www.hashtag.al\/index.php\/wp-json\/wp\/v2\/comments?post=532917"}],"version-history":[{"count":0,"href":"https:\/\/www.hashtag.al\/index.php\/wp-json\/wp\/v2\/posts\/532917\/revisions"}],"wp:featuredmedia":[{"embeddable":true,"href":"https:\/\/www.hashtag.al\/index.php\/wp-json\/wp\/v2\/media\/532918"}],"wp:attachment":[{"href":"https:\/\/www.hashtag.al\/index.php\/wp-json\/wp\/v2\/media?parent=532917"}],"wp:term":[{"taxonomy":"category","embeddable":true,"href":"https:\/\/www.hashtag.al\/index.php\/wp-json\/wp\/v2\/categories?post=532917"},{"taxonomy":"post_tag","embeddable":true,"href":"https:\/\/www.hashtag.al\/index.php\/wp-json\/wp\/v2\/tags?post=532917"}],"curies":[{"name":"wp","href":"https:\/\/api.w.org\/{rel}","templated":true}]}}