{"id":532800,"date":"2022-06-29T19:10:33","date_gmt":"2022-06-29T17:10:33","guid":{"rendered":"https:\/\/www.hashtag.al\/?p=532800"},"modified":"2022-06-29T19:10:33","modified_gmt":"2022-06-29T17:10:33","slug":"rama-biden-tha-fjale-te-mira-per-shqiperine-ne-nato-kerkova-njohjen-e-kosoves","status":"publish","type":"post","link":"https:\/\/www.hashtag.al\/index.php\/2022\/06\/29\/rama-biden-tha-fjale-te-mira-per-shqiperine-ne-nato-kerkova-njohjen-e-kosoves\/","title":{"rendered":"Rama: Biden tha fjal\u00eb t\u00eb mira p\u00ebr Shqip\u00ebrin\u00eb, n\u00eb NATO k\u00ebrkova njohjen e Kosov\u00ebs","gt_translate_keys":[{"key":"rendered","format":"text"}]},"content":{"rendered":"<p style=\"text-align: justify;\"><img loading=\"lazy\" decoding=\"async\" class=\"aligncenter size-full wp-image-532801\" src=\"https:\/\/www.hashtag.al\/wp-content\/uploads\/2022\/06\/edirama17.jpg\" alt=\"\" width=\"820\" height=\"553\" srcset=\"https:\/\/www.hashtag.al\/wp-content\/uploads\/2022\/06\/edirama17.jpg 820w, https:\/\/www.hashtag.al\/wp-content\/uploads\/2022\/06\/edirama17-300x202.jpg 300w, https:\/\/www.hashtag.al\/wp-content\/uploads\/2022\/06\/edirama17-768x518.jpg 768w\" sizes=\"auto, (max-width: 820px) 100vw, 820px\" \/><\/p>\n<p style=\"text-align: justify;\"><span style=\"color: #000000;\">Kryeministri Edi Rama ka zbuluar se \u00e7far\u00eb ka biseduar me Presidentin e SHBA-ve Joe Biden n\u00eb Samitin e NATO-s si dhe k\u00ebrkes\u00ebn e b\u00ebr\u00eb n\u00eb mbledhjen e nivelit t\u00eb lart\u00eb t\u00eb lider\u00ebve an\u00ebtar\u00eb t\u00eb aleanc\u00ebs politiko-ushtarake euro-atlantike.<\/span><\/p>\n<p style=\"text-align: justify;\"><span style=\"color: #000000;\">Rama tha se nga Biden d\u00ebgjoi fjal\u00ebt m\u00eb t\u00eb mira p\u00ebr Shqip\u00ebrin\u00eb dhe rolin q\u00eb ka dh\u00ebn\u00eb n\u00eb K\u00ebshillin e Sigurimit dhe n\u00eb NATO.<\/span><\/p>\n<p style=\"text-align: justify;\"><span style=\"color: #000000;\">Ai thot\u00eb gjithashtu se ka k\u00ebrkuar n\u00eb NATO q\u00eb vendet q\u00eb nuk kan\u00eb njohur ende Kosov\u00ebn ta b\u00ebjn\u00eb at\u00eb s\u00ebrish.<\/span><\/p>\n<p style=\"text-align: justify;\"><span style=\"color: #000000;\"><em>\u201cD\u00ebgjova nga Presidenti Joe Biden fjal\u00ebt m\u00eb t\u00eb mira p\u00ebr Shqip\u00ebrin\u00eb dhe rolin e saj n\u00eb K\u00ebshillin e Sigurimit e n\u00eb NATO, si edhe shprehjen e d\u00ebshir\u00ebs s\u00eb tij p\u00ebr t\u00eb organizuar di\u00e7ka bashkarisht me rastin e 100 vjetorit t\u00eb vendosjes s\u00eb marr\u00ebdh\u00ebnieve diplomatike t\u00eb Shqip\u00ebri-SHBA<\/em><\/span><\/p>\n<p style=\"text-align: justify;\"><span style=\"color: #000000;\"><em>Vler\u00ebsova marr\u00ebveshjen e arritur mes Suedis\u00eb, Finland\u00ebs dhe Turqis\u00eb, duke \u00e7muar qasjen e drejt\u00ebp\u00ebrdrejt\u00eb t\u00eb Presidentit Erdogan n\u00eb funksion t\u00eb nj\u00eb shqet\u00ebsimi shum\u00eb serioz t\u00eb shtetit turk dhe n\u00ebnvizuar se kjo marr\u00ebveshje \u00ebsht\u00eb nj\u00eb shembull p\u00ebr zgjidhjet e problemeve mes aleat\u00ebsh<\/em><\/span><\/p>\n<p style=\"text-align: justify;\"><span style=\"color: #000000;\"><em>SOT n\u00eb NATO: K\u00ebrkova q\u00eb Kosova t\u00eb ftohet menj\u00ebher\u00eb n\u00eb mekanizmin e Partneritetit p\u00ebr Paqe Vendet q\u00eb nuk e njohin ende Kosov\u00ebn duhet t\u00eb vler\u00ebsojn\u00eb q\u00ebndrimin e saj krejt t\u00eb njehsuar me BE-n\u00eb ndaj agresionit rus mbi Ukrain\u00ebn \u2013 pavar\u00ebsisht se Ukraina nuk e ka njohur ende Kosov\u00ebn\u201d-<\/em>shkruan Kryeministri Edi Rama.<\/span><\/p>\n<p style=\"text-align: justify;\">\n","protected":false,"gt_translate_keys":[{"key":"rendered","format":"html"}]},"excerpt":{"rendered":"<p>Kryeministri Edi Rama ka zbuluar se \u00e7far\u00eb ka biseduar me Presidentin e SHBA-ve Joe Biden n\u00eb Samitin e NATO-s si dhe k\u00ebrkes\u00ebn e b\u00ebr\u00eb n\u00eb mbledhjen e nivelit t\u00eb lart\u00eb t\u00eb lider\u00ebve an\u00ebtar\u00eb t\u00eb aleanc\u00ebs politiko-ushtarake euro-atlantike. Rama tha se nga Biden d\u00ebgjoi fjal\u00ebt m\u00eb t\u00eb mira p\u00ebr Shqip\u00ebrin\u00eb dhe rolin q\u00eb ka dh\u00ebn\u00eb n\u00eb [&hellip;]<\/p>\n","protected":false,"gt_translate_keys":[{"key":"rendered","format":"html"}]},"author":32,"featured_media":532801,"comment_status":"closed","ping_status":"closed","sticky":false,"template":"","format":"standard","meta":{"footnotes":""},"categories":[65,13],"tags":[],"class_list":["post-532800","post","type-post","status-publish","format-standard","has-post-thumbnail","hentry","category-lajme","category-te-fundit"],"gt_translate_keys":[{"key":"link","format":"url"}],"_links":{"self":[{"href":"https:\/\/www.hashtag.al\/index.php\/wp-json\/wp\/v2\/posts\/532800","targetHints":{"allow":["GET"]}}],"collection":[{"href":"https:\/\/www.hashtag.al\/index.php\/wp-json\/wp\/v2\/posts"}],"about":[{"href":"https:\/\/www.hashtag.al\/index.php\/wp-json\/wp\/v2\/types\/post"}],"author":[{"embeddable":true,"href":"https:\/\/www.hashtag.al\/index.php\/wp-json\/wp\/v2\/users\/32"}],"replies":[{"embeddable":true,"href":"https:\/\/www.hashtag.al\/index.php\/wp-json\/wp\/v2\/comments?post=532800"}],"version-history":[{"count":0,"href":"https:\/\/www.hashtag.al\/index.php\/wp-json\/wp\/v2\/posts\/532800\/revisions"}],"wp:featuredmedia":[{"embeddable":true,"href":"https:\/\/www.hashtag.al\/index.php\/wp-json\/wp\/v2\/media\/532801"}],"wp:attachment":[{"href":"https:\/\/www.hashtag.al\/index.php\/wp-json\/wp\/v2\/media?parent=532800"}],"wp:term":[{"taxonomy":"category","embeddable":true,"href":"https:\/\/www.hashtag.al\/index.php\/wp-json\/wp\/v2\/categories?post=532800"},{"taxonomy":"post_tag","embeddable":true,"href":"https:\/\/www.hashtag.al\/index.php\/wp-json\/wp\/v2\/tags?post=532800"}],"curies":[{"name":"wp","href":"https:\/\/api.w.org\/{rel}","templated":true}]}}