{"id":532798,"date":"2022-06-29T18:42:48","date_gmt":"2022-06-29T16:42:48","guid":{"rendered":"https:\/\/www.hashtag.al\/?p=532798"},"modified":"2022-06-29T18:42:48","modified_gmt":"2022-06-29T16:42:48","slug":"perplasi-te-miturin-dhe-u-largua-nga-vendi-i-ngjarjes-shpallet-ne-kerkim-efektivi-i-policise-ne-pogradec","status":"publish","type":"post","link":"https:\/\/www.hashtag.al\/index.php\/2022\/06\/29\/perplasi-te-miturin-dhe-u-largua-nga-vendi-i-ngjarjes-shpallet-ne-kerkim-efektivi-i-policise-ne-pogradec\/","title":{"rendered":"P\u00ebrplasi t\u00eb miturin dhe u largua nga vendi i ngjarjes, shpallet n\u00eb k\u00ebrkim efektivi i policis\u00eb n\u00eb Pogradec","gt_translate_keys":[{"key":"rendered","format":"text"}]},"content":{"rendered":"<p style=\"text-align: justify;\"><span style=\"color: #000000;\"><img loading=\"lazy\" decoding=\"async\" class=\"aligncenter size-full wp-image-528471\" src=\"https:\/\/www.hashtag.al\/wp-content\/uploads\/2022\/06\/Kavaje-policia-770x450-1.png\" alt=\"\" width=\"770\" height=\"450\" srcset=\"https:\/\/www.hashtag.al\/wp-content\/uploads\/2022\/06\/Kavaje-policia-770x450-1.png 770w, https:\/\/www.hashtag.al\/wp-content\/uploads\/2022\/06\/Kavaje-policia-770x450-1-300x175.png 300w, https:\/\/www.hashtag.al\/wp-content\/uploads\/2022\/06\/Kavaje-policia-770x450-1-768x449.png 768w, https:\/\/www.hashtag.al\/wp-content\/uploads\/2022\/06\/Kavaje-policia-770x450-1-250x145.png 250w\" sizes=\"auto, (max-width: 770px) 100vw, 770px\" \/><\/span><\/p>\n<p style=\"text-align: justify;\"><span style=\"color: #000000;\">Agjencia e Mbik\u00ebqyrjes Policore ka shpallur n\u00eb k\u00ebrkim punonj\u00ebsin e policis\u00eb t\u00eb Komisariatit t\u00eb Pogradecit pasi dyshohet se ka p\u00ebrplasur nj\u00eb t\u00eb mitur dhe \u00ebsht\u00eb larguar nga vendi i ngjarjes.<\/span><\/p>\n<p style=\"text-align: justify;\"><span style=\"color: #000000;\">Punonj\u00ebsi i policis\u00eb N\u00ebn komisar A.A p\u00ebrplasi m\u00eb 28 qershor nj\u00eb t\u00eb mitur t\u00eb mosh\u00ebs 13 vje\u00e7are i cili pas mjekimit t\u00eb marr\u00eb \u00ebsht\u00eb kthyer n\u00eb banes\u00eb.<\/span><\/p>\n<p style=\"text-align: justify;\"><span style=\"color: #000000;\">\u201c<em>Pogradec \u2013 M\u00eb dat\u00eb 29.06.2022, Drejtoria Rajonale e AMP Kor\u00e7\u00eb ka referuar materialet e para hetimore n\u00eb Prokurorin\u00eb Pogradec, si edhe ka b\u00ebr\u00eb shpalljen n\u00eb k\u00ebrkim p\u00ebr punonj\u00ebsin e policis\u00eb N\/komisar A. A., i dyshuar p\u00ebr \u201cShkelje e rregullave t\u00eb qarkullimit rrugor\u201d dhe \u201cLargimi nga vendi i aksidentit\u201d, parashikuar nga neni 290 dhe 273 i Kodit Penal.<\/em><\/span><\/p>\n<p style=\"text-align: justify;\"><span style=\"color: #000000;\"><em>Nga veprimet e para rezulton se punonj\u00ebsi i policis\u00eb, m\u00eb dat\u00eb 28.06.2022, duke drejtuar automjetin e tij, ka aksidentuar shtetasin e mitur O.S., 13 vje\u00e7, i cili pasi ka marr\u00eb mjekim n\u00eb spitalin Kor\u00e7\u00eb \u00ebsht\u00eb larguar p\u00ebr n\u00eb banes\u00eb.<\/em><\/span><\/p>\n<p style=\"text-align: justify;\"><span style=\"color: #000000;\"><em>Gjithashtu, pas mb\u00ebrritjes s\u00eb sh\u00ebrbimeve t\u00eb policis\u00eb n\u00eb momentet e para t\u00eb aksidentit, si drejtues i mjetit \u00ebsht\u00eb paraqitur shtetasi M. A. (v\u00ebllai), por nga k\u00ebqyrja e pamjeve filmike \u00ebsht\u00eb provuar si drejtues i mjetit, punonj\u00ebsi i policis\u00eb, A.A.<\/em><\/span><\/p>\n<p style=\"text-align: justify;\"><span style=\"color: #000000;\"><em>Sa m\u00eb sip\u00ebr, pas veprimeve hetimore n\u00eb konsultim edhe me prokurorin e gatsh\u00ebm, u referuan materialet n\u00eb gjendje t\u00eb lir\u00eb p\u00ebr shtetasin M. A., si i dyshuar p\u00ebr kryerjen e veprave penale \u201cDeklarata e rrem\u00eb para oficerit t\u00eb policis\u00eb gjyq\u00ebsore\u201d dhe \u201cVeprime q\u00eb pengojn\u00eb zbulimin e s\u00eb v\u00ebrtet\u00ebs\u201d, parashikuar nga neni 301 dhe 305\/b t\u00eb Kodit Penal.<\/em><\/span><\/p>\n<p style=\"text-align: justify;\"><span style=\"color: #000000;\"><em>AMP mbetet e p\u00ebrkushtuar n\u00eb misionin e saj p\u00ebr garantimin e zbatimit t\u00eb ligjit dhe fton qytetar\u00ebt t\u00eb denoncojn\u00eb \u00e7do rast t\u00eb abuzimit apo shkeljes s\u00eb ligjit nga ana e punonj\u00ebsve t\u00eb Policis\u00eb s\u00eb Shtetit, duke telefonuar n\u00eb numrin e gjelb\u00ebr 0800 90 90<\/em>\u201d-njofton policia.<\/span><\/p>\n<p style=\"text-align: justify;\">\n","protected":false,"gt_translate_keys":[{"key":"rendered","format":"html"}]},"excerpt":{"rendered":"<p>Agjencia e Mbik\u00ebqyrjes Policore ka shpallur n\u00eb k\u00ebrkim punonj\u00ebsin e policis\u00eb t\u00eb Komisariatit t\u00eb Pogradecit pasi dyshohet se ka p\u00ebrplasur nj\u00eb t\u00eb mitur dhe \u00ebsht\u00eb larguar nga vendi i ngjarjes. Punonj\u00ebsi i policis\u00eb N\u00ebn komisar A.A p\u00ebrplasi m\u00eb 28 qershor nj\u00eb t\u00eb mitur t\u00eb mosh\u00ebs 13 vje\u00e7are i cili pas mjekimit t\u00eb marr\u00eb \u00ebsht\u00eb kthyer [&hellip;]<\/p>\n","protected":false,"gt_translate_keys":[{"key":"rendered","format":"html"}]},"author":32,"featured_media":528471,"comment_status":"closed","ping_status":"closed","sticky":false,"template":"","format":"standard","meta":{"footnotes":""},"categories":[65,13],"tags":[],"class_list":["post-532798","post","type-post","status-publish","format-standard","has-post-thumbnail","hentry","category-lajme","category-te-fundit"],"gt_translate_keys":[{"key":"link","format":"url"}],"_links":{"self":[{"href":"https:\/\/www.hashtag.al\/index.php\/wp-json\/wp\/v2\/posts\/532798","targetHints":{"allow":["GET"]}}],"collection":[{"href":"https:\/\/www.hashtag.al\/index.php\/wp-json\/wp\/v2\/posts"}],"about":[{"href":"https:\/\/www.hashtag.al\/index.php\/wp-json\/wp\/v2\/types\/post"}],"author":[{"embeddable":true,"href":"https:\/\/www.hashtag.al\/index.php\/wp-json\/wp\/v2\/users\/32"}],"replies":[{"embeddable":true,"href":"https:\/\/www.hashtag.al\/index.php\/wp-json\/wp\/v2\/comments?post=532798"}],"version-history":[{"count":0,"href":"https:\/\/www.hashtag.al\/index.php\/wp-json\/wp\/v2\/posts\/532798\/revisions"}],"wp:featuredmedia":[{"embeddable":true,"href":"https:\/\/www.hashtag.al\/index.php\/wp-json\/wp\/v2\/media\/528471"}],"wp:attachment":[{"href":"https:\/\/www.hashtag.al\/index.php\/wp-json\/wp\/v2\/media?parent=532798"}],"wp:term":[{"taxonomy":"category","embeddable":true,"href":"https:\/\/www.hashtag.al\/index.php\/wp-json\/wp\/v2\/categories?post=532798"},{"taxonomy":"post_tag","embeddable":true,"href":"https:\/\/www.hashtag.al\/index.php\/wp-json\/wp\/v2\/tags?post=532798"}],"curies":[{"name":"wp","href":"https:\/\/api.w.org\/{rel}","templated":true}]}}