{"id":532770,"date":"2022-06-29T15:09:45","date_gmt":"2022-06-29T13:09:45","guid":{"rendered":"https:\/\/www.hashtag.al\/?p=532770"},"modified":"2022-06-29T15:09:45","modified_gmt":"2022-06-29T13:09:45","slug":"zelensky-paralajmeron-nato-n-lufta-e-rusise-nuk-do-te-perfundoje-me-ukrainen","status":"publish","type":"post","link":"https:\/\/www.hashtag.al\/index.php\/2022\/06\/29\/zelensky-paralajmeron-nato-n-lufta-e-rusise-nuk-do-te-perfundoje-me-ukrainen\/","title":{"rendered":"Zelensky paralajm\u00ebron NATO-n: Lufta e Rusis\u00eb nuk do t\u00eb p\u00ebrfundoj\u00eb me Ukrain\u00ebn","gt_translate_keys":[{"key":"rendered","format":"text"}]},"content":{"rendered":"<p><span style=\"color: #000000;\"><a href=\"https:\/\/www.hashtag.al\/wp-content\/uploads\/2022\/06\/a7ac8a34-275b-444f-b3d4-117439b43b86.jpg\"><img loading=\"lazy\" decoding=\"async\" class=\"aligncenter size-full wp-image-532772\" src=\"https:\/\/www.hashtag.al\/wp-content\/uploads\/2022\/06\/a7ac8a34-275b-444f-b3d4-117439b43b86.jpg\" alt=\"\" width=\"624\" height=\"416\" srcset=\"https:\/\/www.hashtag.al\/wp-content\/uploads\/2022\/06\/a7ac8a34-275b-444f-b3d4-117439b43b86.jpg 624w, https:\/\/www.hashtag.al\/wp-content\/uploads\/2022\/06\/a7ac8a34-275b-444f-b3d4-117439b43b86-300x200.jpg 300w\" sizes=\"auto, (max-width: 624px) 100vw, 624px\" \/><\/a><\/span><\/p>\n<p><span style=\"color: #000000;\">P\u00ebrmes nj\u00eb lidhjeje online, presidenti ukrainas Volodymyr Zelensky u tha udh\u00ebheq\u00ebsve q\u00eb marrin pjes\u00eb sot n\u00eb Samitin e NATO-s\u00eb se vendi i tij ka nevoj\u00eb p\u00ebr m\u00eb shum\u00eb arm\u00eb moderne dhe mb\u00ebshtetje financiare p\u00ebr t&#8217;u mbrojtur kund\u00ebr Rusis\u00eb.<\/span><\/p>\n<p><span style=\"color: #000000;\">Duke iu drejtuar presidentit amerikan Joe Biden dhe presidentit francez Emmanuel Macron Zelensky paralajm\u00ebroi gjithashtu se Rusia nuk do t\u00eb ndalet me Ukrain\u00ebn.<\/span><\/p>\n<p><span style=\"color: #000000;\"><em>\u201cPyetja \u00ebsht\u00eb kush \u00ebsht\u00eb m\u00eb pas?\u201d-<\/em> tha ai, duke shtuar: <em>\u201cKjo nuk \u00ebsht\u00eb nj\u00eb luft\u00eb q\u00eb po b\u00ebhet nga Rusia vet\u00ebm kund\u00ebr Ukrain\u00ebs. Kjo \u00ebsht\u00eb nj\u00eb luft\u00eb p\u00ebr t\u00eb drejt\u00ebn p\u00ebr t\u00eb diktuar kushtet n\u00eb Evrop\u00eb &#8211; p\u00ebr at\u00eb se si do t\u00eb jet\u00eb rendi i ardhsh\u00ebm bot\u00ebror.\u201d<\/em><\/span><\/p>\n<p><span style=\"color: #000000;\">Presidenti i SHBA-ve Joe Biden, kryeministri britanik Boris Johnson dhe presidenti francez Emmanuel Macron jan\u00eb nd\u00ebr krer\u00ebt e shteteve dhe qeverive t\u00eb NATO-s q\u00eb pozuan p\u00ebr nj\u00eb fotografi n\u00eb grup . Mes tyre edhe kryeministri Edi Rama.<\/span><\/p>\n<p><span style=\"color: #000000;\"><a href=\"https:\/\/www.hashtag.al\/wp-content\/uploads\/2022\/06\/2c532b26-0f22-46b3-90b1-b67dd21970fc.jpg\"><img loading=\"lazy\" decoding=\"async\" class=\"aligncenter size-full wp-image-532771\" src=\"https:\/\/www.hashtag.al\/wp-content\/uploads\/2022\/06\/2c532b26-0f22-46b3-90b1-b67dd21970fc.jpg\" alt=\"\" width=\"624\" height=\"395\" srcset=\"https:\/\/www.hashtag.al\/wp-content\/uploads\/2022\/06\/2c532b26-0f22-46b3-90b1-b67dd21970fc.jpg 624w, https:\/\/www.hashtag.al\/wp-content\/uploads\/2022\/06\/2c532b26-0f22-46b3-90b1-b67dd21970fc-300x190.jpg 300w\" sizes=\"auto, (max-width: 624px) 100vw, 624px\" \/><\/a><\/span><\/p>\n","protected":false,"gt_translate_keys":[{"key":"rendered","format":"html"}]},"excerpt":{"rendered":"<p>P\u00ebrmes nj\u00eb lidhjeje online, presidenti ukrainas Volodymyr Zelensky u tha udh\u00ebheq\u00ebsve q\u00eb marrin pjes\u00eb sot n\u00eb Samitin e NATO-s\u00eb se vendi i tij ka nevoj\u00eb p\u00ebr m\u00eb shum\u00eb arm\u00eb moderne dhe mb\u00ebshtetje financiare p\u00ebr t&#8217;u mbrojtur kund\u00ebr Rusis\u00eb. Duke iu drejtuar presidentit amerikan Joe Biden dhe presidentit francez Emmanuel Macron Zelensky paralajm\u00ebroi gjithashtu se Rusia [&hellip;]<\/p>\n","protected":false,"gt_translate_keys":[{"key":"rendered","format":"html"}]},"author":30,"featured_media":532772,"comment_status":"closed","ping_status":"closed","sticky":false,"template":"","format":"standard","meta":{"footnotes":""},"categories":[6,13],"tags":[],"class_list":["post-532770","post","type-post","status-publish","format-standard","has-post-thumbnail","hentry","category-nderkombetare","category-te-fundit"],"gt_translate_keys":[{"key":"link","format":"url"}],"_links":{"self":[{"href":"https:\/\/www.hashtag.al\/index.php\/wp-json\/wp\/v2\/posts\/532770","targetHints":{"allow":["GET"]}}],"collection":[{"href":"https:\/\/www.hashtag.al\/index.php\/wp-json\/wp\/v2\/posts"}],"about":[{"href":"https:\/\/www.hashtag.al\/index.php\/wp-json\/wp\/v2\/types\/post"}],"author":[{"embeddable":true,"href":"https:\/\/www.hashtag.al\/index.php\/wp-json\/wp\/v2\/users\/30"}],"replies":[{"embeddable":true,"href":"https:\/\/www.hashtag.al\/index.php\/wp-json\/wp\/v2\/comments?post=532770"}],"version-history":[{"count":0,"href":"https:\/\/www.hashtag.al\/index.php\/wp-json\/wp\/v2\/posts\/532770\/revisions"}],"wp:featuredmedia":[{"embeddable":true,"href":"https:\/\/www.hashtag.al\/index.php\/wp-json\/wp\/v2\/media\/532772"}],"wp:attachment":[{"href":"https:\/\/www.hashtag.al\/index.php\/wp-json\/wp\/v2\/media?parent=532770"}],"wp:term":[{"taxonomy":"category","embeddable":true,"href":"https:\/\/www.hashtag.al\/index.php\/wp-json\/wp\/v2\/categories?post=532770"},{"taxonomy":"post_tag","embeddable":true,"href":"https:\/\/www.hashtag.al\/index.php\/wp-json\/wp\/v2\/tags?post=532770"}],"curies":[{"name":"wp","href":"https:\/\/api.w.org\/{rel}","templated":true}]}}