{"id":532664,"date":"2022-06-28T20:46:02","date_gmt":"2022-06-28T18:46:02","guid":{"rendered":"https:\/\/www.hashtag.al\/?p=532664"},"modified":"2022-06-28T20:46:02","modified_gmt":"2022-06-28T18:46:02","slug":"meksika-fajeson-krizen-kufitare-ne-shba-per-vdekjen-e-emigranteve-ne-nje-kamion-te-braktisur","status":"publish","type":"post","link":"https:\/\/www.hashtag.al\/index.php\/2022\/06\/28\/meksika-fajeson-krizen-kufitare-ne-shba-per-vdekjen-e-emigranteve-ne-nje-kamion-te-braktisur\/","title":{"rendered":"Meksika faj\u00ebson kriz\u00ebn kufitare n\u00eb SHBA p\u00ebr vdekjen e emigrant\u00ebve n\u00eb nj\u00eb kamion t\u00eb braktisur","gt_translate_keys":[{"key":"rendered","format":"text"}]},"content":{"rendered":"<p style=\"text-align: justify;\"><span style=\"color: #000000;\"><img loading=\"lazy\" decoding=\"async\" class=\"aligncenter size-full wp-image-532665\" src=\"https:\/\/www.hashtag.al\/wp-content\/uploads\/2022\/06\/teksas.jpg\" alt=\"\" width=\"700\" height=\"394\" srcset=\"https:\/\/www.hashtag.al\/wp-content\/uploads\/2022\/06\/teksas.jpg 700w, https:\/\/www.hashtag.al\/wp-content\/uploads\/2022\/06\/teksas-300x169.jpg 300w\" sizes=\"auto, (max-width: 700px) 100vw, 700px\" \/><\/span><\/p>\n<p style=\"text-align: justify;\"><span style=\"color: #000000;\">Presidenti i Meksik\u00ebs, Andres Manuel Lopez Obrador faj\u00ebsoi trafikimin dhe &#8220;munges\u00ebn e kontrollit&#8221; n\u00eb kufi p\u00ebr vdekjen e t\u00eb pakt\u00ebn 50 emigrant\u00ebve t\u00eb braktisur n\u00eb nj\u00eb kamion n\u00eb Teksasit. Ai e quajti ngjarjen nj\u00eb &#8220;tragjedi t\u00eb jasht\u00ebzakonshme&#8221; dhe tha se Meksika do t\u00eb punonte p\u00ebr t\u00eb riatdhesuar eshtrat e qytetar\u00ebve t\u00eb saj.<\/span><\/p>\n<p style=\"text-align: justify;\"><span style=\"color: #000000;\">\u201cKjo dhe vdekje t\u00eb tjera t\u00eb emigrant\u00ebve vijn\u00eb p\u00ebr shkak t\u00eb &#8220;varf\u00ebris\u00eb dhe d\u00ebshp\u00ebrimit t\u00eb v\u00ebllez\u00ebrve tan\u00eb t\u00eb Amerik\u00ebs Qendrore dhe meksikan\u00ebve,&#8221; tha ai, duke shtuar: &#8220;Kjo ndodh sepse ka trafikim njer\u00ebzish dhe munges\u00eb kontrolli, n\u00eb k\u00ebt\u00eb rast n\u00eb kufirin mes Meksik\u00ebs dhe SHBA-s\u00eb\u201d.<\/span><\/p>\n<p style=\"text-align: justify;\"><span style=\"color: #000000;\">Autoritetet po punojn\u00eb p\u00ebr t\u00eb konfirmuar komb\u00ebsin\u00eb e viktimave t\u00eb mbetura. Sipas autoriteteve amerikane, tre persona &#8220;q\u00eb besohet se ishin pjes\u00eb e komplotit t\u00eb kontraband\u00ebs&#8221; jan\u00eb arrestuar.<\/span><\/p>\n<p style=\"text-align: justify;\"><span style=\"color: #000000;\">Ministri i Jasht\u00ebm i Meksik\u00ebs, Marcelo Ebrard, tha se Meksika i \u00ebsht\u00eb bashkuar hetimit dhe po d\u00ebrgon nj\u00eb ekip n\u00eb Teksas p\u00ebr t\u00eb ndihmuar me hetimin. Emigrant\u00ebt u gjet\u00ebn n\u00eb periferi t\u00eb qytetit t\u00eb San Antonio, i cili \u00ebsht\u00eb 250 km larg nga kufiri SHBA-Meksik\u00eb, dhe \u00ebsht\u00eb nj\u00eb rrug\u00eb kryesore tranziti p\u00ebr kontrabandist\u00ebt e njer\u00ebzve.<\/span><\/p>\n<p style=\"text-align: justify;\"><span style=\"color: #000000;\">Trafikant\u00ebt e qenieve njer\u00ebzore shpesh p\u00ebrdorin kamion\u00eb p\u00ebr t\u00eb transportuar emigrant\u00eb pa dokumente pasi i takojn\u00eb ata n\u00eb zona t\u00eb larg\u00ebta teksa kan\u00eb arritur t\u00eb kalojn\u00eb n\u00eb Shtetet e Bashkuara.<\/span><\/p>\n<p style=\"text-align: justify;\"><span style=\"color: #000000;\">&#8220;Ata kishin familje&#8230; dhe me gjas\u00eb po p\u00ebrpiqeshin t\u00eb gjenin nj\u00eb jet\u00eb m\u00eb t\u00eb mir\u00eb,&#8221; tha kryebashkiaku i San Antonio, Ron Nirenberg. &#8220;Nuk \u00ebsht\u00eb asgj\u00eb m\u00eb pak se nj\u00eb tragjedi e tmerrshme njer\u00ebzore.&#8221;<\/span><\/p>\n<p style=\"text-align: justify;\"><span style=\"color: #000000;\">Guvernatori i Teksasit, Greg Abbot, ka faj\u00ebsuar presidentin amerikan Joe Biden p\u00ebr vdekjet, duke e p\u00ebrshkruar situat\u00ebn si \u201crezultat t\u00eb politikave t\u00eb tij vdekjeprur\u00ebse p\u00ebr kufij t\u00eb hapur\u201d.<\/span><\/p>\n<p style=\"text-align: justify;\">\n","protected":false,"gt_translate_keys":[{"key":"rendered","format":"html"}]},"excerpt":{"rendered":"<p>Presidenti i Meksik\u00ebs, Andres Manuel Lopez Obrador faj\u00ebsoi trafikimin dhe &#8220;munges\u00ebn e kontrollit&#8221; n\u00eb kufi p\u00ebr vdekjen e t\u00eb pakt\u00ebn 50 emigrant\u00ebve t\u00eb braktisur n\u00eb nj\u00eb kamion n\u00eb Teksasit. Ai e quajti ngjarjen nj\u00eb &#8220;tragjedi t\u00eb jasht\u00ebzakonshme&#8221; dhe tha se Meksika do t\u00eb punonte p\u00ebr t\u00eb riatdhesuar eshtrat e qytetar\u00ebve t\u00eb saj. \u201cKjo dhe vdekje [&hellip;]<\/p>\n","protected":false,"gt_translate_keys":[{"key":"rendered","format":"html"}]},"author":32,"featured_media":532665,"comment_status":"closed","ping_status":"closed","sticky":false,"template":"","format":"standard","meta":{"footnotes":""},"categories":[6,13],"tags":[],"class_list":["post-532664","post","type-post","status-publish","format-standard","has-post-thumbnail","hentry","category-nderkombetare","category-te-fundit"],"gt_translate_keys":[{"key":"link","format":"url"}],"_links":{"self":[{"href":"https:\/\/www.hashtag.al\/index.php\/wp-json\/wp\/v2\/posts\/532664","targetHints":{"allow":["GET"]}}],"collection":[{"href":"https:\/\/www.hashtag.al\/index.php\/wp-json\/wp\/v2\/posts"}],"about":[{"href":"https:\/\/www.hashtag.al\/index.php\/wp-json\/wp\/v2\/types\/post"}],"author":[{"embeddable":true,"href":"https:\/\/www.hashtag.al\/index.php\/wp-json\/wp\/v2\/users\/32"}],"replies":[{"embeddable":true,"href":"https:\/\/www.hashtag.al\/index.php\/wp-json\/wp\/v2\/comments?post=532664"}],"version-history":[{"count":0,"href":"https:\/\/www.hashtag.al\/index.php\/wp-json\/wp\/v2\/posts\/532664\/revisions"}],"wp:featuredmedia":[{"embeddable":true,"href":"https:\/\/www.hashtag.al\/index.php\/wp-json\/wp\/v2\/media\/532665"}],"wp:attachment":[{"href":"https:\/\/www.hashtag.al\/index.php\/wp-json\/wp\/v2\/media?parent=532664"}],"wp:term":[{"taxonomy":"category","embeddable":true,"href":"https:\/\/www.hashtag.al\/index.php\/wp-json\/wp\/v2\/categories?post=532664"},{"taxonomy":"post_tag","embeddable":true,"href":"https:\/\/www.hashtag.al\/index.php\/wp-json\/wp\/v2\/tags?post=532664"}],"curies":[{"name":"wp","href":"https:\/\/api.w.org\/{rel}","templated":true}]}}