{"id":532069,"date":"2022-06-25T09:29:03","date_gmt":"2022-06-25T07:29:03","guid":{"rendered":"https:\/\/www.hashtag.al\/?p=532069"},"modified":"2022-06-25T09:35:26","modified_gmt":"2022-06-25T07:35:26","slug":"albin-kurti-per-washington-post-pse-mbrojtja-e-kosoves-nga-rusia-eshte-e-rendesishme-per-vete-ameriken","status":"publish","type":"post","link":"https:\/\/www.hashtag.al\/index.php\/2022\/06\/25\/albin-kurti-per-washington-post-pse-mbrojtja-e-kosoves-nga-rusia-eshte-e-rendesishme-per-vete-ameriken\/","title":{"rendered":"Albin Kurti p\u00ebr \u201cWashington Post\u201d: Pse mbrojtja e Kosov\u00ebs nga Rusia \u00ebsht\u00eb e r\u00ebnd\u00ebsishme p\u00ebr vet\u00eb Amerik\u00ebn","gt_translate_keys":[{"key":"rendered","format":"text"}]},"content":{"rendered":"<p><span style=\"color: #000000;\"><a href=\"https:\/\/www.hashtag.al\/wp-content\/uploads\/2022\/06\/kurti.jpg\"><img loading=\"lazy\" decoding=\"async\" class=\"aligncenter size-full wp-image-532070\" src=\"https:\/\/www.hashtag.al\/wp-content\/uploads\/2022\/06\/kurti.jpg\" alt=\"\" width=\"512\" height=\"345\" srcset=\"https:\/\/www.hashtag.al\/wp-content\/uploads\/2022\/06\/kurti.jpg 512w, https:\/\/www.hashtag.al\/wp-content\/uploads\/2022\/06\/kurti-300x202.jpg 300w\" sizes=\"auto, (max-width: 512px) 100vw, 512px\" \/><\/a><\/span><\/p>\n<p><span style=\"color: #000000;\">Lufta e Rusis\u00eb kund\u00ebr Ukrain\u00ebs po i detyron t\u00eb gjitha vendet evropiane t\u00eb rishqyrtojn\u00eb marr\u00ebdh\u00ebniet e tyre strategjike dhe ushtarake. P\u00ebr Kosov\u00ebn, agresioni rus konfirmon besimin se ajo ka nevoj\u00eb p\u00ebr nj\u00eb partneritet m\u00eb t\u00eb fort\u00eb me Shtetet e Bashkuara dhe aleat\u00ebt e saj.<\/span><\/p>\n<p><span style=\"color: #000000;\">N\u00eb nj\u00eb intervist\u00eb p\u00ebr \u201c<span style=\"color: #0000ff;\"><a style=\"color: #0000ff;\" href=\"https:\/\/www.washingtonpost.com\/opinions\/2022\/06\/24\/kosovo-albin-kurti-western-engagement-serbia-russia\/\">Washington Post<\/a><\/span>\u201d, kryeministri i Kosov\u00ebs Albin Kurti ka deklaruar se aleanca SHBA-Kosov\u00eb duhet t\u00eb forcohet patjet\u00ebr dhe kjo, jo vet\u00ebm p\u00ebr nevoj\u00ebn e Kosov\u00ebs.<\/span><\/p>\n<p><span style=\"color: #000000;\">Kurti i tha gazetarit Jason Rezaian, se kjo \u00ebsht\u00eb e r\u00ebnd\u00ebsishme edhe p\u00ebr vet\u00eb Amerik\u00ebn.<\/span><\/p>\n<p><span style=\"color: #000000;\">Sipas Kurtit, q\u00ebllimi i Rusis\u00eb n\u00eb destabilizimin e Kosov\u00ebs, nuk ka t\u00eb b\u00ebj\u00eb vet\u00ebm me sulm direkt ndaj shtetit t\u00eb ri, por edhe me shp\u00ebrfaqjen e nj\u00eb d\u00ebshtimi t\u00eb intervenimit t\u00eb NATO-s dhe investimit amerikan.<\/span><\/p>\n<p><span style=\"color: #000000;\"><em>\u201cPutini d\u00ebshiron ta kthej\u00eb Kosov\u00ebn n\u00eb nj\u00eb vend t\u00eb d\u00ebshtuar. Pasi Putin konsideron se intervenimet n\u00eb Afganistan dhe Irak kan\u00eb d\u00ebshtuar, vet\u00ebm Kosova ka mbetur si rast suksesi. Ai d\u00ebshiron ta konsideroj\u00eb Kosov\u00ebn si nj\u00eb sukses t\u00eb p\u00ebrkohsh\u00ebm. Prandaj, mbrojtja e Kosov\u00ebs \u00ebsht\u00eb shum\u00eb e r\u00ebnd\u00ebsishme.\u201d-<\/em> deklaron Kurti p\u00ebr <span style=\"color: #0000ff;\"><a style=\"color: #0000ff;\" href=\"https:\/\/www.washingtonpost.com\/opinions\/2022\/06\/24\/kosovo-albin-kurti-western-engagement-serbia-russia\/\">Washington Post<\/a><\/span>.<\/span><\/p>\n<p><span style=\"color: #000000;\">N\u00eb zgjerim t\u00eb tez\u00ebs s\u00eb tij p\u00ebr q\u00ebllimet finale t\u00eb Rusis\u00eb, Kurti i shpjegon Rezaian-it se \u201c<em>jan\u00eb dy pole n\u00eb bot\u00eb: ShBA-t\u00eb dhe Rusia\u201d.<\/em><\/span><\/p>\n<p><span style=\"color: #000000;\">Prandaj, <em>\u201csulmi i Putinit n\u00eb Ukrain\u00eb \u00ebsht\u00eb tentim p\u00ebr t\u2019u ulur me Biden p\u00ebr nj\u00eb lloj konference Jalta 2. K\u00ebt\u00eb p\u00ebrshtypje kam. Le ta ndajm\u00eb bot\u00ebn, sepse po nuk e b\u00ebm\u00eb do vazhdojm\u00eb t\u00eb luftojm\u00eb. K\u00ebshtu e do ai, besoj un\u00eb\u201d.<\/em><\/span><\/p>\n<p><span style=\"color: #000000;\">Kryeministri i Kosov\u00ebs ka folur edhe p\u00ebr dialogun me Serbin\u00eb n\u00eb kontekstin e \u00e7\u00ebshtjeve t\u00eb siguris\u00eb.<\/span><\/p>\n<p><em><span style=\"color: #000000;\">\u201cS\u2019mund ta njoh nj\u00eb Serbi q\u00eb s\u2019m\u00eb njeh mua. Prandaj \u00ebsht\u00eb e nevojshme nj\u00eb njohje e dyanshme, dhe ne jemi gati t\u00eb p\u00ebrfshihemi n\u00eb k\u00ebt\u00eb lloj dialogu\u201d.<\/span><\/em><\/p>\n","protected":false,"gt_translate_keys":[{"key":"rendered","format":"html"}]},"excerpt":{"rendered":"<p>Lufta e Rusis\u00eb kund\u00ebr Ukrain\u00ebs po i detyron t\u00eb gjitha vendet evropiane t\u00eb rishqyrtojn\u00eb marr\u00ebdh\u00ebniet e tyre strategjike dhe ushtarake. P\u00ebr Kosov\u00ebn, agresioni rus konfirmon besimin se ajo ka nevoj\u00eb p\u00ebr nj\u00eb partneritet m\u00eb t\u00eb fort\u00eb me Shtetet e Bashkuara dhe aleat\u00ebt e saj. N\u00eb nj\u00eb intervist\u00eb p\u00ebr \u201cWashington Post\u201d, kryeministri i Kosov\u00ebs Albin Kurti [&hellip;]<\/p>\n","protected":false,"gt_translate_keys":[{"key":"rendered","format":"html"}]},"author":30,"featured_media":532070,"comment_status":"closed","ping_status":"closed","sticky":false,"template":"","format":"standard","meta":{"footnotes":""},"categories":[65,13],"tags":[],"class_list":["post-532069","post","type-post","status-publish","format-standard","has-post-thumbnail","hentry","category-lajme","category-te-fundit"],"gt_translate_keys":[{"key":"link","format":"url"}],"_links":{"self":[{"href":"https:\/\/www.hashtag.al\/index.php\/wp-json\/wp\/v2\/posts\/532069","targetHints":{"allow":["GET"]}}],"collection":[{"href":"https:\/\/www.hashtag.al\/index.php\/wp-json\/wp\/v2\/posts"}],"about":[{"href":"https:\/\/www.hashtag.al\/index.php\/wp-json\/wp\/v2\/types\/post"}],"author":[{"embeddable":true,"href":"https:\/\/www.hashtag.al\/index.php\/wp-json\/wp\/v2\/users\/30"}],"replies":[{"embeddable":true,"href":"https:\/\/www.hashtag.al\/index.php\/wp-json\/wp\/v2\/comments?post=532069"}],"version-history":[{"count":0,"href":"https:\/\/www.hashtag.al\/index.php\/wp-json\/wp\/v2\/posts\/532069\/revisions"}],"wp:featuredmedia":[{"embeddable":true,"href":"https:\/\/www.hashtag.al\/index.php\/wp-json\/wp\/v2\/media\/532070"}],"wp:attachment":[{"href":"https:\/\/www.hashtag.al\/index.php\/wp-json\/wp\/v2\/media?parent=532069"}],"wp:term":[{"taxonomy":"category","embeddable":true,"href":"https:\/\/www.hashtag.al\/index.php\/wp-json\/wp\/v2\/categories?post=532069"},{"taxonomy":"post_tag","embeddable":true,"href":"https:\/\/www.hashtag.al\/index.php\/wp-json\/wp\/v2\/tags?post=532069"}],"curies":[{"name":"wp","href":"https:\/\/api.w.org\/{rel}","templated":true}]}}