{"id":531927,"date":"2022-06-24T12:01:09","date_gmt":"2022-06-24T10:01:09","guid":{"rendered":"https:\/\/www.hashtag.al\/?p=531927"},"modified":"2022-06-24T12:17:16","modified_gmt":"2022-06-24T10:17:16","slug":"rama-flake-per-flake-bullgarise-ceshtjen-e-minoritetit-tuaj-e-zgjidhem-me-nje-telefonate-te-shkurter-hiqni-veton-ose-duroni","status":"publish","type":"post","link":"https:\/\/www.hashtag.al\/index.php\/2022\/06\/24\/rama-flake-per-flake-bullgarise-ceshtjen-e-minoritetit-tuaj-e-zgjidhem-me-nje-telefonate-te-shkurter-hiqni-veton-ose-duroni\/","title":{"rendered":"Rama flak\u00eb p\u00ebr flak\u00eb Bullgaris\u00eb: Oh, keni probleme me m\u00ebnyr\u00ebn time t\u00eb t\u00eb shprehurit, hiqni veton ose duroni me mua","gt_translate_keys":[{"key":"rendered","format":"text"}]},"content":{"rendered":"<p><span style=\"color: #000000;\"><img loading=\"lazy\" decoding=\"async\" class=\"aligncenter size-full wp-image-531928\" src=\"https:\/\/www.hashtag.al\/wp-content\/uploads\/2022\/06\/edirama.jpg\" alt=\"\" width=\"1200\" height=\"900\" srcset=\"https:\/\/www.hashtag.al\/wp-content\/uploads\/2022\/06\/edirama.jpg 1200w, https:\/\/www.hashtag.al\/wp-content\/uploads\/2022\/06\/edirama-300x225.jpg 300w, https:\/\/www.hashtag.al\/wp-content\/uploads\/2022\/06\/edirama-1024x768.jpg 1024w, https:\/\/www.hashtag.al\/wp-content\/uploads\/2022\/06\/edirama-768x576.jpg 768w\" sizes=\"auto, (max-width: 1200px) 100vw, 1200px\" \/><\/span><\/p>\n<p><span style=\"color: #000000;\">Nuk ka vonuar p\u00ebrgjigjia e kryeministrit Rama ndaj Ministris\u00eb s\u00eb Jashtme t\u00eb Bullgaris\u00eb pasi kjo e fundit e quajti t\u00eb ul\u00ebt, fyese e t\u00eb papranueshme gjuh\u00ebn e p\u00ebrdorur nga kreu i qeveris\u00eb shqiptare ndaj Sofjes dit\u00ebn e djeshme gjat\u00eb samitit t\u00eb BE-s\u00eb. <\/span><\/p>\n<p><span style=\"color: #000000;\">Rama shkruan n\u00eb Twitter se \u00e7\u00ebshtja e minoritetit bullgar n\u00eb Shqip\u00ebri \u00ebsht\u00eb zgjidhur me nj\u00eb telefonat\u00eb me kryeministrin e at\u00ebhersh\u00ebm t\u00eb vendit, Borissov. Kryeministri thekson n\u00eb postimin e tij se \u2018miqt\u00eb e v\u00ebrtet\u00eb nuk e d\u00ebmtojn\u00eb nj\u00ebri-tjetrin por flasin dhe i japin dor\u00ebn nj\u00ebri-tjetrit\u2019. <\/span><\/p>\n<p><span style=\"color: #000000;\">Po k\u00ebshtu kreu i qeveris\u00eb shkruan se n\u00ebse Bullgaria ka problem me m\u00ebnyr\u00ebn e tij t\u00eb t\u00eb folurit, ai ka problem me m\u00ebnyr\u00ebn sesi Sofja k\u00ebrkon t\u00eb zgjidh\u00eb \u00e7\u00ebshtjet dypapal\u00ebshe me Maqedonin\u00eb e Veriut duke p\u00ebrdorur procesin e zgjerimit si mjet p\u00ebr rr\u00ebmbimin e dy vendeve t\u00eb NATO-s.<\/span><\/p>\n<p><span style=\"color: #000000;\"><em>\u201cOh! Ministria e Jashtme e Bullgaris\u00eb ka nj\u00eb problem me m\u00ebnyr\u00ebn time t\u00eb t\u00eb folurit! Mjaft e drejt\u00eb. Edhe un\u00eb kam nj\u00eb problem me m\u00ebnyr\u00ebn se si Bullgaria d\u00ebshiron t\u00eb zgjidh\u00eb \u00e7\u00ebshtjet biletarale duke p\u00ebrdorur procesin e zgjerimit si mjet p\u00ebr rr\u00ebmbimin e dy vendeve t\u00eb NATO-s! Merreni ngadal\u00eb miq: Hiqni VETO-n ose duroni me mua!\u201d<\/em><\/span><\/p>\n<p><span style=\"color: #000000;\"><em>\u201cDhe meq\u00eb ra fjala, m\u00eb lejoni t\u2019ju kujtoj t\u00eb dashur miq bullgar\u00eb se u desh nj\u00eb telefonat\u00eb e shkurt\u00ebr me Boyko Borissov p\u00ebr t\u00eb zgjidhur miq\u00ebsisht dhe sinqerisht \u00e7\u00ebshtjen e minoritetit bullgar n\u00eb Shqip\u00ebri! Miqt\u00eb e v\u00ebrtet\u00eb nuk e d\u00ebmtojn\u00eb nj\u00ebri-tjetrin, por flasin me t\u00eb v\u00ebrtet\u00eb me nj\u00ebri-tjetrin dhe i japin dor\u00ebn!\u201d<\/em> &#8211; skruan Rama.<\/span><\/p>\n<p><img loading=\"lazy\" decoding=\"async\" class=\"aligncenter size-full wp-image-531929\" src=\"https:\/\/www.hashtag.al\/wp-content\/uploads\/2022\/06\/ramaedi.jpg\" alt=\"\" width=\"744\" height=\"441\" srcset=\"https:\/\/www.hashtag.al\/wp-content\/uploads\/2022\/06\/ramaedi.jpg 744w, https:\/\/www.hashtag.al\/wp-content\/uploads\/2022\/06\/ramaedi-300x178.jpg 300w\" sizes=\"auto, (max-width: 744px) 100vw, 744px\" \/><\/p>\n","protected":false,"gt_translate_keys":[{"key":"rendered","format":"html"}]},"excerpt":{"rendered":"<p>Nuk ka vonuar p\u00ebrgjigjia e kryeministrit Rama ndaj Ministris\u00eb s\u00eb Jashtme t\u00eb Bullgaris\u00eb pasi kjo e fundit e quajti t\u00eb ul\u00ebt, fyese e t\u00eb papranueshme gjuh\u00ebn e p\u00ebrdorur nga kreu i qeveris\u00eb shqiptare ndaj Sofjes dit\u00ebn e djeshme gjat\u00eb samitit t\u00eb BE-s\u00eb. Rama shkruan n\u00eb Twitter se \u00e7\u00ebshtja e minoritetit bullgar n\u00eb Shqip\u00ebri \u00ebsht\u00eb zgjidhur [&hellip;]<\/p>\n","protected":false,"gt_translate_keys":[{"key":"rendered","format":"html"}]},"author":51,"featured_media":531928,"comment_status":"closed","ping_status":"closed","sticky":false,"template":"","format":"standard","meta":{"footnotes":""},"categories":[65,13],"tags":[],"class_list":["post-531927","post","type-post","status-publish","format-standard","has-post-thumbnail","hentry","category-lajme","category-te-fundit"],"gt_translate_keys":[{"key":"link","format":"url"}],"_links":{"self":[{"href":"https:\/\/www.hashtag.al\/index.php\/wp-json\/wp\/v2\/posts\/531927","targetHints":{"allow":["GET"]}}],"collection":[{"href":"https:\/\/www.hashtag.al\/index.php\/wp-json\/wp\/v2\/posts"}],"about":[{"href":"https:\/\/www.hashtag.al\/index.php\/wp-json\/wp\/v2\/types\/post"}],"author":[{"embeddable":true,"href":"https:\/\/www.hashtag.al\/index.php\/wp-json\/wp\/v2\/users\/51"}],"replies":[{"embeddable":true,"href":"https:\/\/www.hashtag.al\/index.php\/wp-json\/wp\/v2\/comments?post=531927"}],"version-history":[{"count":0,"href":"https:\/\/www.hashtag.al\/index.php\/wp-json\/wp\/v2\/posts\/531927\/revisions"}],"wp:featuredmedia":[{"embeddable":true,"href":"https:\/\/www.hashtag.al\/index.php\/wp-json\/wp\/v2\/media\/531928"}],"wp:attachment":[{"href":"https:\/\/www.hashtag.al\/index.php\/wp-json\/wp\/v2\/media?parent=531927"}],"wp:term":[{"taxonomy":"category","embeddable":true,"href":"https:\/\/www.hashtag.al\/index.php\/wp-json\/wp\/v2\/categories?post=531927"},{"taxonomy":"post_tag","embeddable":true,"href":"https:\/\/www.hashtag.al\/index.php\/wp-json\/wp\/v2\/tags?post=531927"}],"curies":[{"name":"wp","href":"https:\/\/api.w.org\/{rel}","templated":true}]}}