{"id":531760,"date":"2022-06-23T12:26:18","date_gmt":"2022-06-23T10:26:18","guid":{"rendered":"https:\/\/www.hashtag.al\/?p=531760"},"modified":"2022-06-23T12:20:07","modified_gmt":"2022-06-23T10:20:07","slug":"ish-kryeministri-bullgar-hedh-poshte-heqjen-e-vetos-ndaj-maqedonise-se-veriut-ne-samitin-e-be-se","status":"publish","type":"post","link":"https:\/\/www.hashtag.al\/index.php\/2022\/06\/23\/ish-kryeministri-bullgar-hedh-poshte-heqjen-e-vetos-ndaj-maqedonise-se-veriut-ne-samitin-e-be-se\/","title":{"rendered":"Ish-kryeministri bullgar hedh posht\u00eb heqjen e vetos ndaj Maqedonis\u00eb s\u00eb Veriut n\u00eb samitin e BE-s\u00eb","gt_translate_keys":[{"key":"rendered","format":"text"}]},"content":{"rendered":"<p><span style=\"color: #000000;\"><img loading=\"lazy\" decoding=\"async\" class=\"aligncenter size-full wp-image-531761\" src=\"https:\/\/www.hashtag.al\/wp-content\/uploads\/2022\/06\/petkov-1.jpg\" alt=\"\" width=\"2128\" height=\"1197\" srcset=\"https:\/\/www.hashtag.al\/wp-content\/uploads\/2022\/06\/petkov-1.jpg 2128w, https:\/\/www.hashtag.al\/wp-content\/uploads\/2022\/06\/petkov-1-300x169.jpg 300w, https:\/\/www.hashtag.al\/wp-content\/uploads\/2022\/06\/petkov-1-1024x576.jpg 1024w, https:\/\/www.hashtag.al\/wp-content\/uploads\/2022\/06\/petkov-1-768x432.jpg 768w, https:\/\/www.hashtag.al\/wp-content\/uploads\/2022\/06\/petkov-1-1536x864.jpg 1536w, https:\/\/www.hashtag.al\/wp-content\/uploads\/2022\/06\/petkov-1-2048x1152.jpg 2048w\" sizes=\"auto, (max-width: 2128px) 100vw, 2128px\" \/><\/span><\/p>\n<p><span style=\"color: #000000;\">Kryeministri i Bullgaris\u00eb Petkov deklaroi sot se nuk ka asnj\u00eb mund\u00ebsi q\u00eb Bullgaria t\u00eb heq\u00eb veton ndaj Maqedonis\u00eb s\u00eb Veriut gjat\u00eb samitit t\u00eb BE-s\u00eb. <\/span><\/p>\n<p><span style=\"color: #000000;\">Megjithat\u00eb ai e la t\u00eb hapur mund\u00ebsin\u00eb e arritjes s\u00eb nj\u00eb zgjidhjeje n\u00eb dit\u00ebt n\u00eb vijim. R\u00ebnia e qeveris\u00eb pas vot\u00ebbesimit mbr\u00ebmjen e djeshme e ka nd\u00ebrlikuar pamjen politike n\u00eb Bullgari dhe n\u00eb dit\u00ebt n\u00eb vijim pritet t\u00eb p\u00ebrcaktohet data p\u00ebr zgjedhjet e parakohshme, t\u00eb kat\u00ebrtat n\u00eb pak muaj. <\/span><\/p>\n<p><span style=\"color: #000000;\">Sipas Petkov \u00ebsht\u00eb parlamenti bullgar q\u00eb duhet t\u00eb miratoj\u00eb rezolut\u00ebn e propozimit francez p\u00ebr heqjen e vetos ndaj Maqedonis\u00eb s\u00eb Veriut.<\/span><\/p>\n<p><span style=\"color: #000000;\"> Ai theksoi se vendimi e marr\u00ebveshja duhet t\u00eb jen\u00eb t\u00eb q\u00ebndrueshme n\u00eb m\u00ebnyr\u00eb q\u00eb t\u00eb mos hidhen posht\u00eb nga qeveria e parlamenti i radh\u00ebs n\u00eb vendin e tij.<\/span><\/p>\n<p><span style=\"color: #000000;\">Ai theksoi se opozita bullgare p\u00ebrdori \u00e7\u00ebshtjen e Maqedonis\u00eb s\u00eb Veriut p\u00ebr t\u00eb shantazhuar kabinetin e tij sa her\u00eb q\u00eb kishin frik\u00eb se do t\u00eb zbulohej korrupsioni q\u00eb nga koha e tyre n\u00eb detyr\u00eb.<\/span><\/p>\n","protected":false,"gt_translate_keys":[{"key":"rendered","format":"html"}]},"excerpt":{"rendered":"<p>Kryeministri i Bullgaris\u00eb Petkov deklaroi sot se nuk ka asnj\u00eb mund\u00ebsi q\u00eb Bullgaria t\u00eb heq\u00eb veton ndaj Maqedonis\u00eb s\u00eb Veriut gjat\u00eb samitit t\u00eb BE-s\u00eb. Megjithat\u00eb ai e la t\u00eb hapur mund\u00ebsin\u00eb e arritjes s\u00eb nj\u00eb zgjidhjeje n\u00eb dit\u00ebt n\u00eb vijim. R\u00ebnia e qeveris\u00eb pas vot\u00ebbesimit mbr\u00ebmjen e djeshme e ka nd\u00ebrlikuar pamjen politike n\u00eb Bullgari [&hellip;]<\/p>\n","protected":false,"gt_translate_keys":[{"key":"rendered","format":"html"}]},"author":51,"featured_media":531761,"comment_status":"closed","ping_status":"closed","sticky":false,"template":"","format":"standard","meta":{"footnotes":""},"categories":[149],"tags":[],"class_list":["post-531760","post","type-post","status-publish","format-standard","has-post-thumbnail","hentry","category-kosoverajon"],"gt_translate_keys":[{"key":"link","format":"url"}],"_links":{"self":[{"href":"https:\/\/www.hashtag.al\/index.php\/wp-json\/wp\/v2\/posts\/531760","targetHints":{"allow":["GET"]}}],"collection":[{"href":"https:\/\/www.hashtag.al\/index.php\/wp-json\/wp\/v2\/posts"}],"about":[{"href":"https:\/\/www.hashtag.al\/index.php\/wp-json\/wp\/v2\/types\/post"}],"author":[{"embeddable":true,"href":"https:\/\/www.hashtag.al\/index.php\/wp-json\/wp\/v2\/users\/51"}],"replies":[{"embeddable":true,"href":"https:\/\/www.hashtag.al\/index.php\/wp-json\/wp\/v2\/comments?post=531760"}],"version-history":[{"count":0,"href":"https:\/\/www.hashtag.al\/index.php\/wp-json\/wp\/v2\/posts\/531760\/revisions"}],"wp:featuredmedia":[{"embeddable":true,"href":"https:\/\/www.hashtag.al\/index.php\/wp-json\/wp\/v2\/media\/531761"}],"wp:attachment":[{"href":"https:\/\/www.hashtag.al\/index.php\/wp-json\/wp\/v2\/media?parent=531760"}],"wp:term":[{"taxonomy":"category","embeddable":true,"href":"https:\/\/www.hashtag.al\/index.php\/wp-json\/wp\/v2\/categories?post=531760"},{"taxonomy":"post_tag","embeddable":true,"href":"https:\/\/www.hashtag.al\/index.php\/wp-json\/wp\/v2\/tags?post=531760"}],"curies":[{"name":"wp","href":"https:\/\/api.w.org\/{rel}","templated":true}]}}