{"id":531745,"date":"2022-06-23T11:05:33","date_gmt":"2022-06-23T09:05:33","guid":{"rendered":"https:\/\/www.hashtag.al\/?p=531745"},"modified":"2022-06-23T11:09:42","modified_gmt":"2022-06-23T09:09:42","slug":"prokuroria-e-tiranes-sekuestron-toke-apartamente-garazhe-e-makina-dyshohet-e-u-vune-ne-menyre-te-paligjshme","status":"publish","type":"post","link":"https:\/\/www.hashtag.al\/index.php\/2022\/06\/23\/prokuroria-e-tiranes-sekuestron-toke-apartamente-garazhe-e-makina-dyshohet-e-u-vune-ne-menyre-te-paligjshme\/","title":{"rendered":"Prokuroria e Tiran\u00ebs sekuestron tok\u00eb, apartamente, garazhe e makina, dyshohet se u vun\u00eb n\u00eb m\u00ebnyr\u00eb t\u00eb paligjshme","gt_translate_keys":[{"key":"rendered","format":"text"}]},"content":{"rendered":"<p><span style=\"color: #000000;\"><img loading=\"lazy\" decoding=\"async\" class=\"aligncenter size-full wp-image-493605\" src=\"https:\/\/www.hashtag.al\/wp-content\/uploads\/2021\/12\/prokuroria-tirane.jpg\" alt=\"\" width=\"850\" height=\"466\" srcset=\"https:\/\/www.hashtag.al\/wp-content\/uploads\/2021\/12\/prokuroria-tirane.jpg 850w, https:\/\/www.hashtag.al\/wp-content\/uploads\/2021\/12\/prokuroria-tirane-300x164.jpg 300w, https:\/\/www.hashtag.al\/wp-content\/uploads\/2021\/12\/prokuroria-tirane-768x421.jpg 768w\" sizes=\"auto, (max-width: 850px) 100vw, 850px\" \/><\/span><\/p>\n<p><span style=\"color: #000000;\">Prokuroria e Tiran\u00ebs ka sekuestruar nj\u00eb sasi pasurisht q\u00eb i p\u00ebrkasin nj\u00eb personi me iniciale R.P.<\/span><\/p>\n<p><span style=\"color: #000000;\"> Sipas organit ta akuz\u00ebs dyshohet se personi n\u00eb fjal\u00eb i ka v\u00ebn\u00eb ato n\u00ebp\u00ebrmjet veprimtaris\u00eb kriminale. <\/span><\/p>\n<p><span style=\"color: #000000;\">Nd\u00ebr pasurit\u00eb e sekuestruara ka toka, apartamente, garazhe e mjete.<\/span><\/p>\n<p><span style=\"color: #000000;\"><strong>Njoftimi<\/strong><\/span><\/p>\n<p><em><span style=\"color: #000000;\">&#8220;Prokuroria Tiran\u00eb sekuestron pasurit\u00eb e shtetasit R.P p\u00ebr vepr\u00ebn penale \u201cPastrimi i produkteve t\u00eb vepr\u00ebs penale ose veprimtaris\u00eb kriminale\u201d<\/span><\/em><\/p>\n<p><em><span style=\"color: #000000;\">Prokuroria pran\u00eb Gjykat\u00ebs s\u00eb Shkall\u00ebs s\u00eb Par\u00eb Tiran\u00eb ka regjistruar procedimin penal nr.6267 t\u00eb vitit 2021, p\u00ebr vepr\u00ebn penale t\u00eb \u201cPastrimi i produkteve t\u00eb vepr\u00ebs penale ose veprimtaris\u00eb kriminale\u201d, parashikuar nga neni 287 i Kodit Penal, ndaj shtetasit R.P.<\/span><\/em><\/p>\n<p><em><span style=\"color: #000000;\">Me k\u00ebrkes\u00eb t\u00eb Prokuroris\u00eb s\u00eb Rrethit Gjyq\u00ebsor Tiran\u00eb, me vendimin nr.1336 t\u00eb dat\u00ebs 21.06.2022 t\u00eb Gjykat\u00ebs s\u00eb Shkall\u00ebs s\u00eb Par\u00eb Tiran\u00eb, dh\u00ebn\u00eb ndaj subjektit R.P dhe personave t\u00eb lidhur, jan\u00eb sekuestruar pasurit\u00eb e m\u00ebposhtme:<\/span><\/em><\/p>\n<ul>\n<li><em><span style=\"color: #000000;\">Pasuria e llojit ar\u00eb me sip\u00ebrfaqe 6800 m2, ne em\u00ebr t\u00eb shtetasit A.P, babai i subjekti t\u00eb hetimit, e cila ndodhet n\u00eb bashkia Valar\u00eb, Gjirokast\u00ebr.<\/span><\/em><\/li>\n<li><em><span style=\"color: #000000;\">Pasuria e llojit apartament me sip\u00ebrfaqe 67.25 m2, ne em\u00ebr t\u00eb shtetasit A.P, babai i subjektit t\u00eb hetimit.<\/span><\/em><\/li>\n<li><em><span style=\"color: #000000;\">Pasuria e llojit garazh me sip\u00ebrfaqe 17.5 m2, n\u00eb em\u00ebr t\u00eb shtetasit A.P, babai i subjektit t\u00eb hetimit.<\/span><\/em><\/li>\n<li><em><span style=\"color: #000000;\">Pasuria e llojit garazh me sip\u00ebrfaqe 17.5 m2 e cila \u00ebsht\u00eb regjistruar n\u00eb em\u00ebr t\u00eb shtetasit A.P, babai i subjektit t\u00eb hetimit.<\/span><\/em><\/li>\n<li><em><span style=\"color: #000000;\">Pasuria e llojit apartament me sip\u00ebrfaqe 93.38 m2, n\u00eb em\u00ebr t\u00eb shtetasit A.P, babai i subjektit t\u00eb hetimit.<\/span><\/em><\/li>\n<li><em><span style=\"color: #000000;\">Pasuria e llojit apartament me sip\u00ebrfaqe 48.6 m2, n\u00eb em\u00ebr t\u00eb shtetasit A.P, babai i subjektit t\u00eb hetimit.<\/span><\/em><\/li>\n<li><em><span style=\"color: #000000;\">Pasuria e llojit garazh me sip\u00ebrfaqe 17.78 m2, n\u00eb em\u00ebr t\u00eb shtetasit A.P, babai i subjektit t\u00eb hetimit.<\/span><\/em><\/li>\n<li><em><span style=\"color: #000000;\">Pasuria e llojit apartament me siperfaqe 105 m2, n\u00eb em\u00ebr t\u00eb shtetasit A.P, babai i subjektit t\u00eb hetimit, e ndodhur n\u00eb Tiran\u00eb, Komuna e Parisit.<\/span><\/em><\/li>\n<li><em><span style=\"color: #000000;\">Pasuria e llojit apartament me sip\u00ebrfaqe 58.42m2, n\u00eb em\u00ebr t\u00eb shtetasit A.P, babai i subjektit t\u00eb hetimit, e cila ndodhet n\u00eb Tiran\u00eb, Komuna e Parisit.<\/span><\/em><\/li>\n<li><em><span style=\"color: #000000;\">Pasuri e llojit apartament me sip\u00ebrfaqe 53 m2, n\u00eb em\u00ebr t\u00eb shtetasit A.P, babai i subjektit t\u00eb hetimit, e ndodhur n\u00eb Yzberisht.<\/span><\/em><\/li>\n<li><em><span style=\"color: #000000;\">3 automjete t\u00eb markave Range Rover Sport, Hyndai ngjyra gri dhe Audi Q5 tipi 8 n\u00eb pron\u00ebsi t\u00eb shtetasit R.P.&#8221;<\/span><\/em><\/li>\n<\/ul>\n","protected":false,"gt_translate_keys":[{"key":"rendered","format":"html"}]},"excerpt":{"rendered":"<p>Prokuroria e Tiran\u00ebs ka sekuestruar nj\u00eb sasi pasurisht q\u00eb i p\u00ebrkasin nj\u00eb personi me iniciale R.P. Sipas organit ta akuz\u00ebs dyshohet se personi n\u00eb fjal\u00eb i ka v\u00ebn\u00eb ato n\u00ebp\u00ebrmjet veprimtaris\u00eb kriminale. Nd\u00ebr pasurit\u00eb e sekuestruara ka toka, apartamente, garazhe e mjete. Njoftimi &#8220;Prokuroria Tiran\u00eb sekuestron pasurit\u00eb e shtetasit R.P p\u00ebr vepr\u00ebn penale \u201cPastrimi i [&hellip;]<\/p>\n","protected":false,"gt_translate_keys":[{"key":"rendered","format":"html"}]},"author":51,"featured_media":493605,"comment_status":"closed","ping_status":"closed","sticky":false,"template":"","format":"standard","meta":{"footnotes":""},"categories":[65,13],"tags":[],"class_list":["post-531745","post","type-post","status-publish","format-standard","has-post-thumbnail","hentry","category-lajme","category-te-fundit"],"gt_translate_keys":[{"key":"link","format":"url"}],"_links":{"self":[{"href":"https:\/\/www.hashtag.al\/index.php\/wp-json\/wp\/v2\/posts\/531745","targetHints":{"allow":["GET"]}}],"collection":[{"href":"https:\/\/www.hashtag.al\/index.php\/wp-json\/wp\/v2\/posts"}],"about":[{"href":"https:\/\/www.hashtag.al\/index.php\/wp-json\/wp\/v2\/types\/post"}],"author":[{"embeddable":true,"href":"https:\/\/www.hashtag.al\/index.php\/wp-json\/wp\/v2\/users\/51"}],"replies":[{"embeddable":true,"href":"https:\/\/www.hashtag.al\/index.php\/wp-json\/wp\/v2\/comments?post=531745"}],"version-history":[{"count":0,"href":"https:\/\/www.hashtag.al\/index.php\/wp-json\/wp\/v2\/posts\/531745\/revisions"}],"wp:featuredmedia":[{"embeddable":true,"href":"https:\/\/www.hashtag.al\/index.php\/wp-json\/wp\/v2\/media\/493605"}],"wp:attachment":[{"href":"https:\/\/www.hashtag.al\/index.php\/wp-json\/wp\/v2\/media?parent=531745"}],"wp:term":[{"taxonomy":"category","embeddable":true,"href":"https:\/\/www.hashtag.al\/index.php\/wp-json\/wp\/v2\/categories?post=531745"},{"taxonomy":"post_tag","embeddable":true,"href":"https:\/\/www.hashtag.al\/index.php\/wp-json\/wp\/v2\/tags?post=531745"}],"curies":[{"name":"wp","href":"https:\/\/api.w.org\/{rel}","templated":true}]}}