{"id":531599,"date":"2022-06-22T15:23:30","date_gmt":"2022-06-22T13:23:30","guid":{"rendered":"https:\/\/www.hashtag.al\/?p=531599"},"modified":"2022-06-22T15:23:30","modified_gmt":"2022-06-22T13:23:30","slug":"lagjja-e-re-ne-kombinat-veliaj-po-kapim-kohen-e-humbur-nga-gjyqet-kete-vit-strehojme-familjet-e-para","status":"publish","type":"post","link":"https:\/\/www.hashtag.al\/index.php\/2022\/06\/22\/lagjja-e-re-ne-kombinat-veliaj-po-kapim-kohen-e-humbur-nga-gjyqet-kete-vit-strehojme-familjet-e-para\/","title":{"rendered":"Lagjja e re n\u00eb Kombinat\/ Veliaj: Po kapim koh\u00ebn e humbur nga gjyqet, k\u00ebt\u00eb vit strehojm\u00eb familjet e para","gt_translate_keys":[{"key":"rendered","format":"text"}]},"content":{"rendered":"<p><span style=\"color: #000000;\"><a href=\"https:\/\/www.hashtag.al\/wp-content\/uploads\/2022\/06\/c6cbe224-d569-4531-be20-1174a6223f82.jpg\"><img loading=\"lazy\" decoding=\"async\" class=\"aligncenter size-full wp-image-531601\" src=\"https:\/\/www.hashtag.al\/wp-content\/uploads\/2022\/06\/c6cbe224-d569-4531-be20-1174a6223f82.jpg\" alt=\"\" width=\"1280\" height=\"853\" srcset=\"https:\/\/www.hashtag.al\/wp-content\/uploads\/2022\/06\/c6cbe224-d569-4531-be20-1174a6223f82.jpg 1280w, https:\/\/www.hashtag.al\/wp-content\/uploads\/2022\/06\/c6cbe224-d569-4531-be20-1174a6223f82-300x200.jpg 300w, https:\/\/www.hashtag.al\/wp-content\/uploads\/2022\/06\/c6cbe224-d569-4531-be20-1174a6223f82-1024x682.jpg 1024w, https:\/\/www.hashtag.al\/wp-content\/uploads\/2022\/06\/c6cbe224-d569-4531-be20-1174a6223f82-768x512.jpg 768w\" sizes=\"auto, (max-width: 1280px) 100vw, 1280px\" \/><\/a><br \/>\n<\/span><\/p>\n<p><span style=\"color: #000000;\">Kryetari i Bashkis\u00eb s\u00eb Tiran\u00ebs, Erion Veliaj ka vizituar kantierin p\u00ebr nd\u00ebrtimin e lagjjes e re \u201cKombinArt\u201d, ku do t\u00eb strehohen familjet q\u00eb mbet\u00ebn pa sht\u00ebpi nga t\u00ebrmeti i N\u00ebntorit 2019.<\/span><\/p>\n<p><span style=\"color: #000000;\">Pas zhbllokimit t\u00eb procesit, si pasoj\u00eb e disa \u00e7\u00ebshtjeve gjyq\u00ebsore, rind\u00ebrtimi i zon\u00ebs ka hyr\u00eb n\u00eb faz\u00ebn\u00a0ku\u00a0po ngrihen pallatet e reja me nga 6 dhe 8 kate.<\/span><\/p>\n<p><span style=\"color: #000000;\">Veliaj tha se procesi i rind\u00ebrtimit po ec\u00ebn shpejt, p\u00ebr t\u00eb kapur koh\u00ebn e humbur sipas tij p\u00ebr shkak t\u00eb bllokimeve politike.<\/span><\/p>\n<p><span style=\"color: #000000;\"><em>\u00a0\u201cNuk do reshtim asnj\u00eb dit\u00eb t\u00eb ver\u00ebs! Do t\u00eb punojm\u00eb p\u00ebr t\u00eb kapur koh\u00ebn e humbur. Kur them t\u00eb kapim koh\u00ebn e humbur fjala \u00ebsht\u00eb se, si\u00e7 ndodhi te Astiri dhe &#8216;5 Maji&#8217;, edhe k\u00ebtu n\u00eb Kombinat pat\u00ebm mbi 20 gjyqe e bllokime t\u00eb frym\u00ebzuara kryesisht nga parti politike q\u00eb p\u00ebr vete jetojn\u00eb n\u00eb Lalz, por ama, jan\u00eb t\u00eb gatsh\u00ebm t\u2019i fusin njer\u00ebzit n\u00eb sherre mes tyre, t\u00eb mbjellin pasiguri, t\u00eb mbjellin lajme t\u00eb rreme e t\u00eb nxisin njer\u00ebzit p\u00ebr gjyqe t\u00eb pafundme. I kemi fituar t\u00eb gjitha gjyqet! Si\u00e7 e pat\u00eb, \u00ebsht\u00eb liruar i gjith\u00eb territori i zon\u00ebs s\u00eb Kombinatit dhe kemi filluar me themelet e reja. N\u00eb disa pjes\u00eb kemi ecur dhe do jemi gati t\u00eb strehojm\u00eb familjet e para q\u00eb k\u00ebt\u00eb vit.\u201d-<\/em> tha Veliaj.<\/span><\/p>\n<p><span style=\"color: #000000;\">Kryebashkiaku shtoi se \u201cnuk mund t\u00eb b\u00ebhet politik\u00eb me jet\u00ebt e humbura\u201d.<\/span><\/p>\n<p><a href=\"https:\/\/www.hashtag.al\/wp-content\/uploads\/2022\/06\/3ee5258d-c8c4-44fa-be99-c938752064ec.jpg\"><img loading=\"lazy\" decoding=\"async\" class=\"aligncenter size-full wp-image-531600\" src=\"https:\/\/www.hashtag.al\/wp-content\/uploads\/2022\/06\/3ee5258d-c8c4-44fa-be99-c938752064ec.jpg\" alt=\"\" width=\"1280\" height=\"853\" srcset=\"https:\/\/www.hashtag.al\/wp-content\/uploads\/2022\/06\/3ee5258d-c8c4-44fa-be99-c938752064ec.jpg 1280w, https:\/\/www.hashtag.al\/wp-content\/uploads\/2022\/06\/3ee5258d-c8c4-44fa-be99-c938752064ec-300x200.jpg 300w, https:\/\/www.hashtag.al\/wp-content\/uploads\/2022\/06\/3ee5258d-c8c4-44fa-be99-c938752064ec-1024x682.jpg 1024w, https:\/\/www.hashtag.al\/wp-content\/uploads\/2022\/06\/3ee5258d-c8c4-44fa-be99-c938752064ec-768x512.jpg 768w\" sizes=\"auto, (max-width: 1280px) 100vw, 1280px\" \/><\/a><\/p>\n","protected":false,"gt_translate_keys":[{"key":"rendered","format":"html"}]},"excerpt":{"rendered":"<p>Kryetari i Bashkis\u00eb s\u00eb Tiran\u00ebs, Erion Veliaj ka vizituar kantierin p\u00ebr nd\u00ebrtimin e lagjjes e re \u201cKombinArt\u201d, ku do t\u00eb strehohen familjet q\u00eb mbet\u00ebn pa sht\u00ebpi nga t\u00ebrmeti i N\u00ebntorit 2019. Pas zhbllokimit t\u00eb procesit, si pasoj\u00eb e disa \u00e7\u00ebshtjeve gjyq\u00ebsore, rind\u00ebrtimi i zon\u00ebs ka hyr\u00eb n\u00eb faz\u00ebn\u00a0ku\u00a0po ngrihen pallatet e reja me nga 6 [&hellip;]<\/p>\n","protected":false,"gt_translate_keys":[{"key":"rendered","format":"html"}]},"author":30,"featured_media":531601,"comment_status":"closed","ping_status":"closed","sticky":false,"template":"","format":"standard","meta":{"footnotes":""},"categories":[65,13],"tags":[],"class_list":["post-531599","post","type-post","status-publish","format-standard","has-post-thumbnail","hentry","category-lajme","category-te-fundit"],"gt_translate_keys":[{"key":"link","format":"url"}],"_links":{"self":[{"href":"https:\/\/www.hashtag.al\/index.php\/wp-json\/wp\/v2\/posts\/531599","targetHints":{"allow":["GET"]}}],"collection":[{"href":"https:\/\/www.hashtag.al\/index.php\/wp-json\/wp\/v2\/posts"}],"about":[{"href":"https:\/\/www.hashtag.al\/index.php\/wp-json\/wp\/v2\/types\/post"}],"author":[{"embeddable":true,"href":"https:\/\/www.hashtag.al\/index.php\/wp-json\/wp\/v2\/users\/30"}],"replies":[{"embeddable":true,"href":"https:\/\/www.hashtag.al\/index.php\/wp-json\/wp\/v2\/comments?post=531599"}],"version-history":[{"count":0,"href":"https:\/\/www.hashtag.al\/index.php\/wp-json\/wp\/v2\/posts\/531599\/revisions"}],"wp:featuredmedia":[{"embeddable":true,"href":"https:\/\/www.hashtag.al\/index.php\/wp-json\/wp\/v2\/media\/531601"}],"wp:attachment":[{"href":"https:\/\/www.hashtag.al\/index.php\/wp-json\/wp\/v2\/media?parent=531599"}],"wp:term":[{"taxonomy":"category","embeddable":true,"href":"https:\/\/www.hashtag.al\/index.php\/wp-json\/wp\/v2\/categories?post=531599"},{"taxonomy":"post_tag","embeddable":true,"href":"https:\/\/www.hashtag.al\/index.php\/wp-json\/wp\/v2\/tags?post=531599"}],"curies":[{"name":"wp","href":"https:\/\/api.w.org\/{rel}","templated":true}]}}