{"id":531572,"date":"2022-06-22T13:10:31","date_gmt":"2022-06-22T11:10:31","guid":{"rendered":"https:\/\/www.hashtag.al\/?p=531572"},"modified":"2022-06-22T13:10:31","modified_gmt":"2022-06-22T11:10:31","slug":"presidenti-meksikan-do-ti-kerkoj-bidenit-lirimin-e-assange","status":"publish","type":"post","link":"https:\/\/www.hashtag.al\/index.php\/2022\/06\/22\/presidenti-meksikan-do-ti-kerkoj-bidenit-lirimin-e-assange\/","title":{"rendered":"Presidenti meksikan: Do t\u2019i k\u00ebrkoj Bidenit lirimin e Assange","gt_translate_keys":[{"key":"rendered","format":"text"}]},"content":{"rendered":"<p><span style=\"color: #000000;\"><a href=\"https:\/\/www.hashtag.al\/wp-content\/uploads\/2022\/06\/AMLO.jpg\"><img loading=\"lazy\" decoding=\"async\" class=\"aligncenter size-full wp-image-531573\" src=\"https:\/\/www.hashtag.al\/wp-content\/uploads\/2022\/06\/AMLO.jpg\" alt=\"\" width=\"540\" height=\"304\" srcset=\"https:\/\/www.hashtag.al\/wp-content\/uploads\/2022\/06\/AMLO.jpg 540w, https:\/\/www.hashtag.al\/wp-content\/uploads\/2022\/06\/AMLO-300x169.jpg 300w\" sizes=\"auto, (max-width: 540px) 100vw, 540px\" \/><\/a><\/span><\/p>\n<p><span style=\"color: #000000;\">Presidenti meksikan Andres Manuel Lopez Obrador thot\u00eb se bashk\u00ebthemeluesi i \u201cWikiLeaks\u201d, Julian Assange \u00ebsht\u00eb trajtuar &#8220;<em>shum\u00eb padrejt\u00ebsisht<\/em>&#8221; p\u00ebr turpin e gjith\u00eb bot\u00ebs dhe Meksika \u00ebsht\u00eb e gatshme ta pranoj\u00eb at\u00eb.<\/span><\/p>\n<p><span style=\"color: #000000;\">Ai tha para gazetar\u00ebve se rastin e Assange do ta ngrinte n\u00eb takimin me homologun e tij amerikan Joe Biden q\u00eb pritet t\u00eb mbahet n\u00eb korrik.<\/span><\/p>\n<p><span style=\"color: #000000;\">Britania e Madhe njoftoi jav\u00ebn e kaluar se do ta ekstradonte botuesin e burgosur n\u00eb SHBA, ku ai p\u00ebrballet me akuza p\u00ebr spiunazh dhe deri n\u00eb 175 vjet pas hekurave n\u00ebse shpallet fajtor. Vendimi i Sekretarit t\u00eb Brendsh\u00ebm t\u00eb Mbret\u00ebris\u00eb s\u00eb Bashkuar Priti Patel ishte &#8220;<em>shum\u00eb zhg\u00ebnjyes<\/em>&#8220;, tha Lopez Obrador.<\/span><\/p>\n<p><span style=\"color: #000000;\">Ai tha gjithashtu se synon t&#8217;i k\u00ebrkoj\u00eb Bidenit t\u00eb heq\u00eb akuzat kund\u00ebr Assange kur ata t\u00eb takohen muajin e ardhsh\u00ebm. Nj\u00eb veprim i till\u00eb do t\u00eb shkonte n\u00eb kund\u00ebrshtim me &#8220;<em>t\u00eb vij\u00ebs s\u00eb ashp\u00ebr n\u00eb SHBA<\/em>&#8220;, por ai shtoi &#8220;n<em>jer\u00ebzimi duhet t\u00eb mbizot\u00ebroj\u00eb&#8221;.<\/em><\/span><\/p>\n<p><span style=\"color: #000000;\"><em>\u201cJulian Assange \u00ebsht\u00eb gazetari m\u00eb i mir\u00eb i koh\u00ebs son\u00eb n\u00eb bot\u00eb dhe ai \u00ebsht\u00eb trajtuar shum\u00eb padrejt\u00ebsisht, m\u00eb keq se nj\u00eb kriminel.\u201d-<\/em> tha Lopez Obrador sipas <span style=\"color: #0000ff;\"><a style=\"color: #0000ff;\" href=\"https:\/\/www.rt.com\/news\/557584-mexico-biden-assange-amlo\/\">RT<\/a><\/span>. &#8220;<em>Ky \u00ebsht\u00eb nj\u00eb turp p\u00ebr bot\u00ebn.&#8221;<\/em><\/span><\/p>\n<p><span style=\"color: #000000;\">Meksika \u00ebsht\u00eb e gatshme t&#8217;i siguroj\u00eb Assange strehim n\u00ebse dhe kur ai t\u00eb lirohet, shtoi presidenti, duke u kujtuar gazetar\u00ebve se ai i kishte b\u00ebr\u00eb thirrje administrat\u00ebs s\u00eb m\u00ebparshme amerikane t\u00eb heq\u00eb akuzat kund\u00ebr Assange si &#8220;<em>nj\u00eb i burgosur i nd\u00ebrgjegjes&#8221;.<\/em><\/span><\/p>\n<p><span style=\"color: #000000;\">Kujtojm\u00eb se Assange, i cili \u00ebsht\u00eb nj\u00eb shtetas australian, k\u00ebrkoi azil n\u00eb Ekuador n\u00eb vitin 2012, pas frik\u00ebs se Uashingtoni donte q\u00eb ai t\u00eb arrestohej dhe ekstradohej lidhur me publikimin e dosjeve t\u00eb klasifikuara nga \u00cbikiLeaks n\u00eb vitin 2010 mbi luft\u00ebrat e SHBA-ve n\u00eb Irak dhe Afganistan. Ai i kaloi shtat\u00eb vitet e ardhshme brenda ambasad\u00ebs s\u00eb Ekuadorit n\u00eb Lond\u00ebr, pasi Britania e Madhe i refuzoi kalimin e sigurt, derisa azili i tij u anulua nga qeveria e re miq\u00ebsore me SHBA-n\u00eb n\u00eb Quito.<\/span><\/p>\n<p><span style=\"color: #000000;\">Policia britanike e nxori Assange nga ambasada n\u00eb prill 2019 dhe e futi n\u00eb burgun e siguris\u00eb maksimale Belmarsh n\u00eb Londr\u00ebn jugore, ku ai ende q\u00ebndron. Brenda nj\u00eb muaji nga arrestimi i tij, SHBA-ja ngriti nj\u00eb aktakuz\u00eb q\u00eb e akuzonte at\u00eb p\u00ebr vepra sipas ligjit t\u00eb spiunazhit, p\u00ebr t\u00eb cilat ai mund t\u00eb p\u00ebrballet me 175 vjet burg. Assange ka mohuar t\u00eb gjitha akuzat por nj\u00eb d\u00ebshmitar ky\u00e7 n\u00eb \u00e7\u00ebshtjen e Uashingtonit kund\u00ebr tij pranoi se ai g\u00ebnjeu n\u00eb d\u00ebshmin\u00eb e tij.<\/span><\/p>\n<p><span style=\"color: #000000;\">Australia nuk \u00ebsht\u00eb shprehur ende p\u00ebr lirimin e Assange, edhe pse kryeministri i sapo zgjedhur Anthony Albanese gjat\u00eb fushat\u00ebs zgjedhore i kishte kund\u00ebrshtuar akuzat kund\u00ebr gazetarit. Albanese tha t\u00eb h\u00ebn\u00ebn se ai ende besonte se Assange duhet t\u00eb lirohet, por se qeveria e tij nuk do t\u00eb nd\u00ebrhynte publikisht me SHBA-n\u00eb n\u00eb em\u00ebr t\u00eb tij, sepse ajo <em>&#8220;angazhohet n\u00eb m\u00ebnyr\u00eb diplomatike dhe t\u00eb p\u00ebrshtatshme me partner\u00ebt tan\u00eb&#8221;.<\/em><\/span><\/p>\n","protected":false,"gt_translate_keys":[{"key":"rendered","format":"html"}]},"excerpt":{"rendered":"<p>Presidenti meksikan Andres Manuel Lopez Obrador thot\u00eb se bashk\u00ebthemeluesi i \u201cWikiLeaks\u201d, Julian Assange \u00ebsht\u00eb trajtuar &#8220;shum\u00eb padrejt\u00ebsisht&#8221; p\u00ebr turpin e gjith\u00eb bot\u00ebs dhe Meksika \u00ebsht\u00eb e gatshme ta pranoj\u00eb at\u00eb. Ai tha para gazetar\u00ebve se rastin e Assange do ta ngrinte n\u00eb takimin me homologun e tij amerikan Joe Biden q\u00eb pritet t\u00eb mbahet n\u00eb [&hellip;]<\/p>\n","protected":false,"gt_translate_keys":[{"key":"rendered","format":"html"}]},"author":30,"featured_media":531573,"comment_status":"closed","ping_status":"closed","sticky":false,"template":"","format":"standard","meta":{"footnotes":""},"categories":[6,13],"tags":[],"class_list":["post-531572","post","type-post","status-publish","format-standard","has-post-thumbnail","hentry","category-nderkombetare","category-te-fundit"],"gt_translate_keys":[{"key":"link","format":"url"}],"_links":{"self":[{"href":"https:\/\/www.hashtag.al\/index.php\/wp-json\/wp\/v2\/posts\/531572","targetHints":{"allow":["GET"]}}],"collection":[{"href":"https:\/\/www.hashtag.al\/index.php\/wp-json\/wp\/v2\/posts"}],"about":[{"href":"https:\/\/www.hashtag.al\/index.php\/wp-json\/wp\/v2\/types\/post"}],"author":[{"embeddable":true,"href":"https:\/\/www.hashtag.al\/index.php\/wp-json\/wp\/v2\/users\/30"}],"replies":[{"embeddable":true,"href":"https:\/\/www.hashtag.al\/index.php\/wp-json\/wp\/v2\/comments?post=531572"}],"version-history":[{"count":0,"href":"https:\/\/www.hashtag.al\/index.php\/wp-json\/wp\/v2\/posts\/531572\/revisions"}],"wp:featuredmedia":[{"embeddable":true,"href":"https:\/\/www.hashtag.al\/index.php\/wp-json\/wp\/v2\/media\/531573"}],"wp:attachment":[{"href":"https:\/\/www.hashtag.al\/index.php\/wp-json\/wp\/v2\/media?parent=531572"}],"wp:term":[{"taxonomy":"category","embeddable":true,"href":"https:\/\/www.hashtag.al\/index.php\/wp-json\/wp\/v2\/categories?post=531572"},{"taxonomy":"post_tag","embeddable":true,"href":"https:\/\/www.hashtag.al\/index.php\/wp-json\/wp\/v2\/tags?post=531572"}],"curies":[{"name":"wp","href":"https:\/\/api.w.org\/{rel}","templated":true}]}}