{"id":531491,"date":"2022-06-22T08:44:19","date_gmt":"2022-06-22T06:44:19","guid":{"rendered":"https:\/\/www.hashtag.al\/?p=531491"},"modified":"2022-06-22T08:20:30","modified_gmt":"2022-06-22T06:20:30","slug":"rusia-kercenon-lituanine-me-pasoja-serioze-per-bllokimin-e-transportit-te-mallrave-ne-kaliningrad","status":"publish","type":"post","link":"https:\/\/www.hashtag.al\/index.php\/2022\/06\/22\/rusia-kercenon-lituanine-me-pasoja-serioze-per-bllokimin-e-transportit-te-mallrave-ne-kaliningrad\/","title":{"rendered":"Rusia k\u00ebrc\u00ebnon Lituanin\u00eb me pasoja \u2018serioze\u2019 p\u00ebr bllokimin e transportit t\u00eb mallrave n\u00eb Kaliningrad","gt_translate_keys":[{"key":"rendered","format":"text"}]},"content":{"rendered":"<p><span style=\"color: #000000;\"><img loading=\"lazy\" decoding=\"async\" class=\"aligncenter size-full wp-image-531492\" src=\"https:\/\/www.hashtag.al\/wp-content\/uploads\/2022\/06\/kaliningrad.jpg\" alt=\"\" width=\"1240\" height=\"697\" srcset=\"https:\/\/www.hashtag.al\/wp-content\/uploads\/2022\/06\/kaliningrad.jpg 1240w, https:\/\/www.hashtag.al\/wp-content\/uploads\/2022\/06\/kaliningrad-300x169.jpg 300w, https:\/\/www.hashtag.al\/wp-content\/uploads\/2022\/06\/kaliningrad-1024x576.jpg 1024w, https:\/\/www.hashtag.al\/wp-content\/uploads\/2022\/06\/kaliningrad-768x432.jpg 768w\" sizes=\"auto, (max-width: 1240px) 100vw, 1240px\" \/><\/span><\/p>\n<p><span style=\"color: #000000;\">Hakmarrja e Mosk\u00ebs ndaj \u2018bllokimit\u2019 t\u00eb transportit nga Lituania n\u00eb rajonin rus t\u00eb Kaliningradit do prek\u00eb seriozisht qytetar\u00ebt lituanez\u00eb, ka th\u00ebn\u00eb Nikolay Patrushev, kreu i K\u00ebshillit t\u00eb Sigurimit t\u00eb Rusis\u00eb.<\/span><\/p>\n<p><span style=\"color: #000000;\"><em>\u201cSigurisht, Rusia do u p\u00ebrgjigjet veprimeve armiq\u00ebsore. Masat e duhura jan\u00eb n\u00eb pun\u00eb dhe do t\u00eb miratohen n\u00eb t\u00eb ardhmen e af\u00ebrt.&#8221;<\/em> &#8211; u tha Patrushev gazetar\u00ebve gjat\u00eb nj\u00eb udh\u00ebtimi n\u00eb Kaliningrad t\u00eb mart\u00ebn.<\/span><\/p>\n<p><span style=\"color: #000000;\">Ai shtoi se pasojat e p\u00ebrgjigjes s\u00eb Mosk\u00ebs \u2018do ken\u00eb nj\u00eb ndikim serioz negativ mbi popullin e Lituanis\u00eb\u2019.<\/span><\/p>\n<p><span style=\"color: #000000;\">Rajoni i Kaliningradit \u00ebsht\u00eb nj\u00eb enklav\u00eb e vog\u00ebl ruse e vendosur midis Polonis\u00eb dhe Lituanis\u00eb. T\u00eb shtun\u00ebn, operatori hekurudhor komb\u00ebtar i Lituanis\u00eb ndaloi qarkullimin e mallrave t\u00eb sanksionuara midis rajonit dhe pjes\u00ebs tjet\u00ebr t\u00eb Rusis\u00eb, duke cituar udh\u00ebzimet nga Komisioni Evropian.<\/span><\/p>\n<p><span style=\"color: #000000;\">Moska e cil\u00ebsoi mas\u00ebn si t\u00eb paligjshme sipas ligjit nd\u00ebrkomb\u00ebtar dhe thirri ambasadorin lituanez. T\u00eb mart\u00ebn, Ministria e Jashtme thirri t\u00eb d\u00ebrguarin e BE-s\u00eb n\u00eb Rusi, Markus Ederer.<\/span><\/p>\n<p><span style=\"color: #000000;\"><em>&#8220;Ne k\u00ebrkuam q\u00eb funksionimi normal i tranzitit t\u00eb Kaliningradit t\u00eb rivendoset menj\u00ebher\u00eb.&#8221;<\/em> &#8211; tha ministria n\u00eb nj\u00eb deklarat\u00eb.<\/span><\/p>\n<p><span style=\"color: #000000;\">Shum\u00eb vende, duke p\u00ebrfshir\u00eb an\u00ebtar\u00ebt e BE-s\u00eb, vendos\u00ebn sanksione gjith\u00ebp\u00ebrfshir\u00ebse ndaj Mosk\u00ebs n\u00eb p\u00ebrgjigje t\u00eb fushat\u00ebs ushtarake t\u00eb Rusis\u00eb n\u00eb Ukrain\u00eb, e cila filloi n\u00eb fund t\u00eb shkurtit.<\/span><\/p>\n<p><span style=\"color: #000000;\">Josep Borrell, kryediplomati i BE-s\u00eb, mbrojti Vilniusin t\u00eb h\u00ebn\u00ebn, duke th\u00ebn\u00eb se po vepronte n\u00eb p\u00ebrputhje me mekanizmin e sanksioneve t\u00eb bllokut.<\/span><\/p>\n<p><span style=\"color: #000000;\"><em>&#8220;Lituania nuk \u00ebsht\u00eb fajtore, nuk po zbaton sanksionet komb\u00ebtare.&#8221;<\/em> &#8211; u tha ai gazetar\u00ebve.<\/span><\/p>\n","protected":false,"gt_translate_keys":[{"key":"rendered","format":"html"}]},"excerpt":{"rendered":"<p>Hakmarrja e Mosk\u00ebs ndaj \u2018bllokimit\u2019 t\u00eb transportit nga Lituania n\u00eb rajonin rus t\u00eb Kaliningradit do prek\u00eb seriozisht qytetar\u00ebt lituanez\u00eb, ka th\u00ebn\u00eb Nikolay Patrushev, kreu i K\u00ebshillit t\u00eb Sigurimit t\u00eb Rusis\u00eb. \u201cSigurisht, Rusia do u p\u00ebrgjigjet veprimeve armiq\u00ebsore. Masat e duhura jan\u00eb n\u00eb pun\u00eb dhe do t\u00eb miratohen n\u00eb t\u00eb ardhmen e af\u00ebrt.&#8221; &#8211; u tha [&hellip;]<\/p>\n","protected":false,"gt_translate_keys":[{"key":"rendered","format":"html"}]},"author":51,"featured_media":531492,"comment_status":"closed","ping_status":"closed","sticky":false,"template":"","format":"standard","meta":{"footnotes":""},"categories":[53],"tags":[],"class_list":["post-531491","post","type-post","status-publish","format-standard","has-post-thumbnail","hentry","category-fast-foodi"],"gt_translate_keys":[{"key":"link","format":"url"}],"_links":{"self":[{"href":"https:\/\/www.hashtag.al\/index.php\/wp-json\/wp\/v2\/posts\/531491","targetHints":{"allow":["GET"]}}],"collection":[{"href":"https:\/\/www.hashtag.al\/index.php\/wp-json\/wp\/v2\/posts"}],"about":[{"href":"https:\/\/www.hashtag.al\/index.php\/wp-json\/wp\/v2\/types\/post"}],"author":[{"embeddable":true,"href":"https:\/\/www.hashtag.al\/index.php\/wp-json\/wp\/v2\/users\/51"}],"replies":[{"embeddable":true,"href":"https:\/\/www.hashtag.al\/index.php\/wp-json\/wp\/v2\/comments?post=531491"}],"version-history":[{"count":0,"href":"https:\/\/www.hashtag.al\/index.php\/wp-json\/wp\/v2\/posts\/531491\/revisions"}],"wp:featuredmedia":[{"embeddable":true,"href":"https:\/\/www.hashtag.al\/index.php\/wp-json\/wp\/v2\/media\/531492"}],"wp:attachment":[{"href":"https:\/\/www.hashtag.al\/index.php\/wp-json\/wp\/v2\/media?parent=531491"}],"wp:term":[{"taxonomy":"category","embeddable":true,"href":"https:\/\/www.hashtag.al\/index.php\/wp-json\/wp\/v2\/categories?post=531491"},{"taxonomy":"post_tag","embeddable":true,"href":"https:\/\/www.hashtag.al\/index.php\/wp-json\/wp\/v2\/tags?post=531491"}],"curies":[{"name":"wp","href":"https:\/\/api.w.org\/{rel}","templated":true}]}}