{"id":531487,"date":"2022-06-22T08:29:27","date_gmt":"2022-06-22T06:29:27","guid":{"rendered":"https:\/\/www.hashtag.al\/?p=531487"},"modified":"2022-06-22T08:16:52","modified_gmt":"2022-06-22T06:16:52","slug":"ikona-e-manchester-united-dorehiqet-si-trajner-i-ekipit-kombetar-mes-akuzave-per-sulms-seksual-ndaj-ish-se-dashures","status":"publish","type":"post","link":"https:\/\/www.hashtag.al\/index.php\/2022\/06\/22\/ikona-e-manchester-united-dorehiqet-si-trajner-i-ekipit-kombetar-mes-akuzave-per-sulms-seksual-ndaj-ish-se-dashures\/","title":{"rendered":"Ikona e Manchester United dor\u00ebhiqet si trajner i ekipit komb\u00ebtar mes akuzave p\u00ebr sulms seksual ndaj ish-s\u00eb dashur\u00ebs","gt_translate_keys":[{"key":"rendered","format":"text"}]},"content":{"rendered":"<p><span style=\"color: #000000;\"><img loading=\"lazy\" decoding=\"async\" class=\"aligncenter size-full wp-image-531488\" src=\"https:\/\/www.hashtag.al\/wp-content\/uploads\/2022\/06\/gigs.jpg\" alt=\"\" width=\"768\" height=\"432\" srcset=\"https:\/\/www.hashtag.al\/wp-content\/uploads\/2022\/06\/gigs.jpg 768w, https:\/\/www.hashtag.al\/wp-content\/uploads\/2022\/06\/gigs-300x169.jpg 300w\" sizes=\"auto, (max-width: 768px) 100vw, 768px\" \/><\/span><\/p>\n<p><span style=\"color: #000000;\">Legjenda e Manchester United, Ryan Giggs, ka dh\u00ebn\u00eb dor\u00ebheqjen si trajner i komb\u00ebtares s\u00eb Uellsit.<\/span><\/p>\n<p><span style=\"color: #000000;\">Ikona e futbollit t\u00eb viteve 1990 u largua p\u00ebrkoh\u00ebsisht nga roli pasi u akuzua p\u00ebr sulm ndaj ish-t\u00eb dashur\u00ebs s\u00eb tij. T\u00eb h\u00ebn\u00ebn n\u00eb mbr\u00ebmje ai njoftoi vendimin e tij i cili erdhi pas bisedimeve me zyrtar\u00ebt e Federat\u00ebs s\u00eb Futboliit t\u00eb Uellsit.<\/span><\/p>\n<p><span style=\"color: #000000;\">Giggs mohon akuzat e ngritura kund\u00ebr tij, t\u00eb cilat \u00e7uan n\u00eb dor\u00ebheqjen e 48-vje\u00e7arit fillimisht n\u00eb n\u00ebntor 2020. Nd\u00ebrsa p\u00ebrpiqet t\u00eb pastroj\u00eb emrin e tij, ai nuk d\u00ebshiron q\u00eb problemet e tij ligjore t\u00eb veprojn\u00eb si nj\u00eb shp\u00ebrqendrim p\u00ebr lojtar\u00ebt e vendit t\u00eb tij, nd\u00ebrsa ata p\u00ebrgatiten p\u00ebr paraqitjen e tyre t\u00eb par\u00eb n\u00eb Kup\u00ebn e Bot\u00ebs q\u00eb nga viti 1958, me procedurat ligjore q\u00eb nuk ka gjasa t\u00eb zhvillohen para gushtit.<\/span><\/p>\n<p><span style=\"color: #000000;\"><em>\u201cKa qen\u00eb nder dhe privilegj t\u00eb menaxhoj ekipin e vendit tim, por \u00ebsht\u00eb e drejt\u00eb q\u00eb Federata e Futbollit t\u00eb Uellsit, stafi st\u00ebrvitor dhe lojtar\u00ebt t\u00eb p\u00ebrgatiten p\u00ebr turneun me siguri, qart\u00ebsim dhe pa spekulime rreth pozicionit t\u00eb trajnerit t\u00eb tyre.\u201d<\/em> &#8211; tha Giggs n\u00eb nj\u00eb deklarat\u00eb.<\/span><\/p>\n<p><span style=\"color: #000000;\">Gigga theksoi se ai ishte deklaruar i pafajsh\u00ebm p\u00ebr akuzat q\u00eb po trajtoheshin n\u00eb Gjykat\u00ebn e Kuror\u00ebs s\u00eb Man\u00e7esterit dhe duke qen\u00eb i sigurt n\u00eb procesin gjyq\u00ebsor, ai kishte shpresuar se \u00e7\u00ebshtja do t\u00eb ishte d\u00ebgjuar m\u00eb her\u00ebt n\u00eb m\u00ebnyr\u00eb q\u00eb t\u00eb mund t\u00eb rifillonte karriera e tij si menaxher.<\/span><\/p>\n<p><span style=\"color: #000000;\">Giggs tha se ai kishte pasur fatin t\u00eb kishte shijuar disa \u2018momente t\u00eb paharrueshme\u2019 gjat\u00eb tre viteve t\u00eb tij si shef i Uellsit.<\/span><\/p>\n<p><span style=\"color: #000000;\"><em>\u201cKa qen\u00eb k\u00ebnaq\u00ebsi t\u00eb punoja me profesionist\u00eb t\u00eb till\u00eb t\u00eb njohur dhe t\u00eb shk\u00eblqyer dhe jam krenar t\u00eb shikoja kaq shum\u00eb lojtar\u00eb t\u00eb rinj q\u00eb p\u00ebrparojn\u00eb n\u00eb skuadr\u00ebn komb\u00ebtare dhe lul\u00ebzojn\u00eb me ngjyrat krenare t\u00eb kuqe t\u00eb vendit ton\u00eb.\u201d<\/em> &#8211; vijoi ai.<\/span><\/p>\n<p><span style=\"color: #000000;\">Duke fal\u00ebnderuar drejtuesit m\u00eb t\u00eb lart\u00eb t\u00eb Federat\u00ebs s\u00eb Futbollit t\u00eb Uellsit, lojtar\u00ebt, stafin dhe mb\u00ebshtet\u00ebsit nd\u00ebrsa u uroi atyre sukses n\u00eb Kup\u00ebn e Bot\u00ebs, Giggs deklaroi se synimi i tij \u00ebsht\u00eb t\u00eb rifilloj\u00eb karrier\u00ebn e tij menaxheriale n\u00eb nj\u00eb dat\u00eb t\u00eb m\u00ebvonshme.<\/span><\/p>\n<p><span style=\"color: #000000;\">I akuzuar se ka l\u00ebnduar fizikisht ish-t\u00eb dashur\u00ebn e tij n\u00eb sht\u00ebpin\u00eb e tij n\u00eb \u00cborsley n\u00eb Man\u00e7ester, Giggs iu shty gjyqi deri m\u00eb 8 gusht p\u00ebr shkak se Gjykata e Kuror\u00ebs s\u00eb Man\u00e7esterit vuante nga nj\u00eb num\u00ebr i madh \u00e7\u00ebshtjesh.<\/span><\/p>\n<p><span style=\"color: #000000;\">Pasi udh\u00ebhoqi Uellsin drejt kualifikimit t\u00eb Kup\u00ebs s\u00eb Bot\u00ebs, i vulosur nga nj\u00eb fitore 1-0 n\u00eb finalen e play-off-it ndaj Ukrain\u00ebs n\u00eb Cardiff, trajneri i m\u00ebparsh\u00ebm i p\u00ebrkohsh\u00ebm Page do t\u00eb udh\u00ebheq\u00eb kombin e tij. Uellsi ka r\u00ebn\u00eb n\u00eb Grupin B me Anglin\u00eb, SHBA-n\u00eb dhe Iranin.<\/span><\/p>\n","protected":false,"gt_translate_keys":[{"key":"rendered","format":"html"}]},"excerpt":{"rendered":"<p>Legjenda e Manchester United, Ryan Giggs, ka dh\u00ebn\u00eb dor\u00ebheqjen si trajner i komb\u00ebtares s\u00eb Uellsit. Ikona e futbollit t\u00eb viteve 1990 u largua p\u00ebrkoh\u00ebsisht nga roli pasi u akuzua p\u00ebr sulm ndaj ish-t\u00eb dashur\u00ebs s\u00eb tij. T\u00eb h\u00ebn\u00ebn n\u00eb mbr\u00ebmje ai njoftoi vendimin e tij i cili erdhi pas bisedimeve me zyrtar\u00ebt e Federat\u00ebs s\u00eb [&hellip;]<\/p>\n","protected":false,"gt_translate_keys":[{"key":"rendered","format":"html"}]},"author":51,"featured_media":531488,"comment_status":"closed","ping_status":"closed","sticky":false,"template":"","format":"standard","meta":{"footnotes":""},"categories":[134],"tags":[],"class_list":["post-531487","post","type-post","status-publish","format-standard","has-post-thumbnail","hentry","category-sport"],"gt_translate_keys":[{"key":"link","format":"url"}],"_links":{"self":[{"href":"https:\/\/www.hashtag.al\/index.php\/wp-json\/wp\/v2\/posts\/531487","targetHints":{"allow":["GET"]}}],"collection":[{"href":"https:\/\/www.hashtag.al\/index.php\/wp-json\/wp\/v2\/posts"}],"about":[{"href":"https:\/\/www.hashtag.al\/index.php\/wp-json\/wp\/v2\/types\/post"}],"author":[{"embeddable":true,"href":"https:\/\/www.hashtag.al\/index.php\/wp-json\/wp\/v2\/users\/51"}],"replies":[{"embeddable":true,"href":"https:\/\/www.hashtag.al\/index.php\/wp-json\/wp\/v2\/comments?post=531487"}],"version-history":[{"count":0,"href":"https:\/\/www.hashtag.al\/index.php\/wp-json\/wp\/v2\/posts\/531487\/revisions"}],"wp:featuredmedia":[{"embeddable":true,"href":"https:\/\/www.hashtag.al\/index.php\/wp-json\/wp\/v2\/media\/531488"}],"wp:attachment":[{"href":"https:\/\/www.hashtag.al\/index.php\/wp-json\/wp\/v2\/media?parent=531487"}],"wp:term":[{"taxonomy":"category","embeddable":true,"href":"https:\/\/www.hashtag.al\/index.php\/wp-json\/wp\/v2\/categories?post=531487"},{"taxonomy":"post_tag","embeddable":true,"href":"https:\/\/www.hashtag.al\/index.php\/wp-json\/wp\/v2\/tags?post=531487"}],"curies":[{"name":"wp","href":"https:\/\/api.w.org\/{rel}","templated":true}]}}