{"id":531331,"date":"2022-06-21T12:30:24","date_gmt":"2022-06-21T10:30:24","guid":{"rendered":"https:\/\/www.hashtag.al\/?p=531331"},"modified":"2022-06-21T12:30:24","modified_gmt":"2022-06-21T10:30:24","slug":"konflikti-etnik-ne-etiopi-shkakton-qindra-viktima","status":"publish","type":"post","link":"https:\/\/www.hashtag.al\/index.php\/2022\/06\/21\/konflikti-etnik-ne-etiopi-shkakton-qindra-viktima\/","title":{"rendered":"Konflikti etnik n\u00eb Etiopi shkakton qindra viktima","gt_translate_keys":[{"key":"rendered","format":"text"}]},"content":{"rendered":"<p><span style=\"color: #000000;\"><img loading=\"lazy\" decoding=\"async\" class=\"aligncenter size-full wp-image-531332\" src=\"https:\/\/www.hashtag.al\/wp-content\/uploads\/2022\/06\/afrike.jpg\" alt=\"\" width=\"768\" height=\"432\" srcset=\"https:\/\/www.hashtag.al\/wp-content\/uploads\/2022\/06\/afrike.jpg 768w, https:\/\/www.hashtag.al\/wp-content\/uploads\/2022\/06\/afrike-300x169.jpg 300w\" sizes=\"auto, (max-width: 768px) 100vw, 768px\" \/><\/span><\/p>\n<p><span style=\"color: #000000;\">Nj\u00eb rritje e dhun\u00ebs etnike n\u00eb Etiopi jav\u00ebn e kaluar, rezultoi n\u00eb vrasjen e t\u00eb pakt\u00ebn 200 civil\u00ebve n\u00eb rajonin e Oromis\u00eb t\u00eb vendit. Qeveria qendrore n\u00eb Addis Abeba nuk i konfirmoi menj\u00ebher\u00eb raportet, por pranoi sulmet ndaj njer\u00ebzve t\u00eb pafajsh\u00ebm.<\/span><\/p>\n<p><span style=\"color: #000000;\"><em>\u201cKam num\u00ebruar 230 trupa. Kam frik\u00eb se ky \u00ebsht\u00eb sulmi m\u00eb vdekjeprur\u00ebs kund\u00ebr civil\u00ebve q\u00eb kemi par\u00eb gjat\u00eb jet\u00ebs son\u00eb.\u201d<\/em> &#8211; tha Abdul-Seid Tahir, nj\u00eb banor i qarkut Gimbi, p\u00ebr Associated Press t\u00eb diel\u00ebn.<\/span><\/p>\n<p><span style=\"color: #000000;\">Sulmet thuhet se kishin n\u00eb sh\u00ebnjest\u00ebr komunitetin etnik Amhara, nj\u00eb nga m\u00eb t\u00eb m\u00ebdhenjt\u00eb n\u00eb vendin afrikan. D\u00ebshmitar\u00ebt pohuan se Ushtria \u00c7lirimtare e Oromos (OLA), nj\u00eb grup i armatosur q\u00eb k\u00ebrkon vet\u00ebvendosje p\u00ebr popullin Oromo, ishte p\u00ebrgjegj\u00ebs p\u00ebr vrasjet. Ata i than\u00eb agjencis\u00eb s\u00eb lajmeve se militant\u00ebt po hakmerreshin kund\u00ebr Amharas\u00eb p\u00ebr nj\u00eb seri disfatash t\u00eb p\u00ebsuar kund\u00ebr forcave qeveritare.<\/span><\/p>\n<p><span style=\"color: #000000;\">Grupi i mohoi akuzat, duke th\u00ebn\u00eb se \u2018regjimi dhe milicia vendase\u2019 q\u00ebndronin pas mizorive.<\/span><\/p>\n<p><span style=\"color: #000000;\"><em>\u201cLuft\u00ebtar\u00ebt tan\u00eb nuk kishin arritur n\u00eb at\u00eb zon\u00eb kur ndodh\u00ebn sulmet.\u201d<\/em> &#8211; than\u00eb ata.<\/span><\/p>\n<p><span style=\"color: #000000;\">Kryeministri i Etiopis\u00eb Abiy Ahmed Ali shprehu zem\u00ebrimin p\u00ebr \u2018sulmet ndaj civil\u00ebve t\u00eb pafajsh\u00ebm dhe shkat\u00ebrrimin e mjeteve t\u00eb jetes\u00ebs nga forcat e paligjshme\u2019. <\/span><\/p>\n<p><span style=\"color: #000000;\">Komisioni Etiopian i t\u00eb Drejtave t\u00eb Njeriut i em\u00ebruar nga qeveria konfirmoi se nj\u00eb video q\u00eb qarkullonte n\u00eb mediat sociale q\u00eb nga e premtja tregonte vrasje personash nga forcat qeveritare. Organizata tha se t\u00eb pakt\u00ebn 30 persona, t\u00eb cil\u00ebt dyshohet se ishin pjes\u00eb e OLA, u vran\u00eb n\u00eb incidentin q\u00eb ndodhi n\u00eb dhjetor 2021.<\/span><\/p>\n<p><span style=\"color: #000000;\">Qeveria federale e Etiopis\u00eb e konsideron OLA si nj\u00eb organizat\u00eb terroriste. Populli Amhara mb\u00ebrriti masivisht n\u00eb rajonin e Oromis\u00eb tre dekada m\u00eb par\u00eb si pjes\u00eb e nj\u00eb programi risistemimi t\u00eb sponsorizuar nga qeveria. P\u00ebrball\u00eb sulmeve, ata tani po i k\u00ebrkojn\u00eb qeveris\u00eb t&#8217;i ndihmoj\u00eb ata t\u00eb largohen nga zona.<\/span><\/p>\n","protected":false,"gt_translate_keys":[{"key":"rendered","format":"html"}]},"excerpt":{"rendered":"<p>Nj\u00eb rritje e dhun\u00ebs etnike n\u00eb Etiopi jav\u00ebn e kaluar, rezultoi n\u00eb vrasjen e t\u00eb pakt\u00ebn 200 civil\u00ebve n\u00eb rajonin e Oromis\u00eb t\u00eb vendit. Qeveria qendrore n\u00eb Addis Abeba nuk i konfirmoi menj\u00ebher\u00eb raportet, por pranoi sulmet ndaj njer\u00ebzve t\u00eb pafajsh\u00ebm. \u201cKam num\u00ebruar 230 trupa. Kam frik\u00eb se ky \u00ebsht\u00eb sulmi m\u00eb vdekjeprur\u00ebs kund\u00ebr civil\u00ebve [&hellip;]<\/p>\n","protected":false,"gt_translate_keys":[{"key":"rendered","format":"html"}]},"author":51,"featured_media":531332,"comment_status":"closed","ping_status":"closed","sticky":false,"template":"","format":"standard","meta":{"footnotes":""},"categories":[6],"tags":[],"class_list":["post-531331","post","type-post","status-publish","format-standard","has-post-thumbnail","hentry","category-nderkombetare"],"gt_translate_keys":[{"key":"link","format":"url"}],"_links":{"self":[{"href":"https:\/\/www.hashtag.al\/index.php\/wp-json\/wp\/v2\/posts\/531331","targetHints":{"allow":["GET"]}}],"collection":[{"href":"https:\/\/www.hashtag.al\/index.php\/wp-json\/wp\/v2\/posts"}],"about":[{"href":"https:\/\/www.hashtag.al\/index.php\/wp-json\/wp\/v2\/types\/post"}],"author":[{"embeddable":true,"href":"https:\/\/www.hashtag.al\/index.php\/wp-json\/wp\/v2\/users\/51"}],"replies":[{"embeddable":true,"href":"https:\/\/www.hashtag.al\/index.php\/wp-json\/wp\/v2\/comments?post=531331"}],"version-history":[{"count":0,"href":"https:\/\/www.hashtag.al\/index.php\/wp-json\/wp\/v2\/posts\/531331\/revisions"}],"wp:featuredmedia":[{"embeddable":true,"href":"https:\/\/www.hashtag.al\/index.php\/wp-json\/wp\/v2\/media\/531332"}],"wp:attachment":[{"href":"https:\/\/www.hashtag.al\/index.php\/wp-json\/wp\/v2\/media?parent=531331"}],"wp:term":[{"taxonomy":"category","embeddable":true,"href":"https:\/\/www.hashtag.al\/index.php\/wp-json\/wp\/v2\/categories?post=531331"},{"taxonomy":"post_tag","embeddable":true,"href":"https:\/\/www.hashtag.al\/index.php\/wp-json\/wp\/v2\/tags?post=531331"}],"curies":[{"name":"wp","href":"https:\/\/api.w.org\/{rel}","templated":true}]}}