{"id":531128,"date":"2022-06-20T18:20:04","date_gmt":"2022-06-20T16:20:04","guid":{"rendered":"https:\/\/www.hashtag.al\/?p=531128"},"modified":"2022-06-20T13:41:58","modified_gmt":"2022-06-20T11:41:58","slug":"arrestimet-per-aferen-ne-bashkine-e-prages-shkaktojne-trazira-ne-qeverine-ceke","status":"publish","type":"post","link":"https:\/\/www.hashtag.al\/index.php\/2022\/06\/20\/arrestimet-per-aferen-ne-bashkine-e-prages-shkaktojne-trazira-ne-qeverine-ceke\/","title":{"rendered":"Arrestimet p\u00ebr afer\u00ebn n\u00eb bashkin\u00eb e Prag\u00ebs shkaktojn\u00eb trazira n\u00eb qeverin\u00eb \u00e7eke","gt_translate_keys":[{"key":"rendered","format":"text"}]},"content":{"rendered":"<p style=\"text-align: justify;\"><span style=\"color: #000000;\"><img loading=\"lazy\" decoding=\"async\" class=\"aligncenter size-full wp-image-531131\" src=\"https:\/\/www.hashtag.al\/wp-content\/uploads\/2022\/06\/ministri-cek.png\" alt=\"\" width=\"1191\" height=\"747\" srcset=\"https:\/\/www.hashtag.al\/wp-content\/uploads\/2022\/06\/ministri-cek.png 1191w, https:\/\/www.hashtag.al\/wp-content\/uploads\/2022\/06\/ministri-cek-300x188.png 300w, https:\/\/www.hashtag.al\/wp-content\/uploads\/2022\/06\/ministri-cek-1024x642.png 1024w, https:\/\/www.hashtag.al\/wp-content\/uploads\/2022\/06\/ministri-cek-768x482.png 768w\" sizes=\"auto, (max-width: 1191px) 100vw, 1191px\" \/><\/span><\/p>\n<p style=\"text-align: justify;\"><span style=\"color: #000000;\">Nj\u00eb skandal n\u00eb bashkin\u00eb e Prag\u00ebs b\u00ebri q\u00eb ministri i arsimit i Republik\u00ebs \u00c7eke t\u00eb jap\u00eb dor\u00ebheqjen t\u00eb diel\u00ebn dhe po k\u00ebrc\u00ebnon stabilitetin e qeveris\u00eb s\u00eb koalicionit t\u00eb vendit, e cila erdhi n\u00eb pushtet me nj\u00eb premtim p\u00ebr t\u00eb \u00e7rr\u00ebnjosur korrupsionin dhe p\u00ebr t\u00eb rivendosur demokracin\u00eb liberale.<\/span><\/p>\n<p style=\"text-align: justify;\"><span style=\"color: #000000;\">Republika \u00c7eke merr presidenc\u00ebn e radh\u00ebs t\u00eb K\u00ebshillit t\u00eb BE muajin e ardhsh\u00ebm.<\/span><\/p>\n<p style=\"text-align: justify;\"><span style=\"color: #000000;\">Petr Hlubu\u010dek, i cili dha dor\u00ebheqjen si n\u00ebnkryetar i Bashkis\u00eb s\u00eb Prag\u00ebs, e kaloi fundjav\u00ebn n\u00eb burg pasi u ndalua t\u00eb premten n\u00eb mbr\u00ebmje, nj\u00eb nga 11 personat e lidhur me kompanin\u00eb e transportit t\u00eb qytetit DPP q\u00eb u akuzua p\u00ebr ryshfet, p\u00ebrfshirje n\u00eb krimin e organizuar dhe dyshime p\u00ebr drog\u00eb t\u00eb paligjshme. P\u00ebrdorni, shkruan Politico.eu.<\/span><\/p>\n<p style=\"text-align: justify;\"><span style=\"color: #000000;\">Hlubu\u010dek \u00ebsht\u00eb nj\u00eb an\u00ebtar i L\u00ebvizjes STAN, e dyta m\u00eb e madhe nga pes\u00eb partit\u00eb q\u00eb formojn\u00eb koalicionin qeveris\u00ebs komb\u00ebtar. Gjithashtu u arrestua lobisti Michal Redl, nj\u00eb ish-bashk\u00ebpun\u00ebtor i mbretit mafioz t\u00eb arratisur Radovan Krej\u010d\u00ed\u0159, i cili ndodhet n\u00eb burg n\u00eb Afrik\u00ebn e Jugut.<\/span><\/p>\n<p style=\"text-align: justify;\"><span style=\"color: #000000;\">Ministri i Arsimit dhe an\u00ebtari i STAN Petr Gazd\u00edk thuhet se mbajti disa takime me Redl. Ai tha se ishte i pafajsh\u00ebm p\u00ebr \u00e7do keqb\u00ebrje, por dha dor\u00ebheqjen p\u00ebr t\u00eb shmangur d\u00ebmtimin e qeveris\u00eb.<\/span><\/p>\n<p style=\"text-align: justify;\"><span style=\"color: #000000;\">\u201cNuk dua t\u00eb l\u00ebkundet qeveria apo koalicioni n\u00eb pragun e presidenc\u00ebs s\u00eb BE-s\u00eb\u201d, tha ai.<\/span><\/p>\n<p style=\"text-align: justify;\"><span style=\"color: #000000;\">\u201cPetr Gazd\u00edk nuk \u00ebsht\u00eb as i akuzuar dhe as n\u00ebn hetim. Prandaj \u00ebsht\u00eb nj\u00eb zgjidhje e ndershme, me t\u00eb cil\u00ebn nuk jemi m\u00ebsuar n\u00eb politik\u00ebn e lart\u00eb vitet e fundit\u201d, shkroi kryeministri Petr Fiala n\u00eb Twitter. Ai tha p\u00ebr televizionin shtet\u00ebror t\u00eb lajmeve CTK se \u00ebsht\u00eb n\u00eb pritje t\u00eb \u201csqarimit\u201d nga STAN.<\/span><\/p>\n<p style=\"text-align: justify;\"><span style=\"color: #000000;\">Udh\u00ebheq\u00ebsi i STAN dhe z\u00ebvend\u00ebskryeministri V\u00edt Raku\u0161an njoftoi se partia do t\u00eb th\u00ebrres\u00eb para kohe asamblen\u00eb p\u00ebr t\u00eb votuar udh\u00ebheqjen e saj, e cila fillimisht ishte planifikuar p\u00ebr n\u00eb vjesht\u00eb.<\/span><\/p>\n<p style=\"text-align: justify;\"><span style=\"color: #000000;\">Hlubu\u010dek tha se ai po jepte dor\u00ebheqjen p\u00ebr t\u00eb parandaluar &#8220;kritik\u00ebn e pajustifikuar politike&#8221; t\u00eb STAN nga an\u00ebtar\u00eb t\u00eb tjer\u00eb t\u00eb k\u00ebshillit t\u00eb qytetit.<\/span><\/p>\n<p style=\"text-align: justify;\"><span style=\"color: #000000;\">Arrestimet po tronditin qeverin\u00eb e koalicionit, e cila u formua n\u00eb n\u00ebntor pasi premtoi se do t\u00eb rivendoste besimin n\u00eb politik\u00ebn kryesore midis nj\u00eb elektorati thell\u00ebsisht cinik.<\/span><\/p>\n<p style=\"text-align: justify;\"><span style=\"color: #000000;\">N\u00ebse STAN shp\u00ebrb\u00ebhet, mbajtja e Fial\u00ebs n\u00eb pushtet do t\u00eb k\u00ebrc\u00ebnohej. Koalicioni ka 108 vende n\u00eb parlamentin prej 200 an\u00ebtar\u00ebsh, por do t\u00eb humbiste shumic\u00ebn e tij pa 37 deputet\u00ebt nga Partia e Pirat\u00ebve dhe STAN.<\/span><\/p>\n<p style=\"text-align: justify;\"><span style=\"color: #000000;\">Kjo do t\u00eb ofronte nj\u00eb hapje p\u00ebr Andrej Babi\u0161, ish-kryeministrin e rr\u00ebzuar n\u00eb zgjedhjet e tetorit, pasi u akuzua p\u00ebr mashtrim. Partia e tij opozitare Ano ka 72 vende.<\/span><\/p>\n<p style=\"text-align: justify;\"><span style=\"color: #000000;\">\u201cKryetari i v\u00ebrtet\u00eb i hydra-s \u00ebsht\u00eb zoti Raku\u0161an, i cili mbulon krimin e organizuar t\u00eb STAN nga posti i ministrit t\u00eb Brendsh\u00ebm,\u201d tha Babi\u0161. \u201cDuke l\u00ebn\u00eb Raku\u0161an-in n\u00eb qeveri, zoti Fiala miraton praktikat mafioze dhe grabit\u00ebse t\u00eb STAN-it.\u201d<\/span><\/p>\n<p style=\"text-align: justify;\"><span style=\"color: #000000;\">Trazirat dhe arrestimet jan\u00eb nj\u00eb kujtes\u00eb e viteve 1990 dhe 2000 kur vendi ishte i zhytur n\u00eb skandale korrupsioni.<\/span><\/p>\n<p style=\"text-align: justify;\"><span style=\"color: #000000;\">&#8220;Kjo t\u00eb kujton dit\u00ebt e vjetra t\u00eb err\u00ebta,&#8221; tha Ji\u0159\u00ed Pehe, nj\u00eb analist politik dhe drejtor i Universitetit t\u00eb Nju Jorkut n\u00eb Prag\u00eb. \u201cMjerisht, duket nj\u00eb tem\u00eb e p\u00ebrs\u00ebritur e politik\u00ebs \u00e7eke dhe ka t\u00eb ngjar\u00eb t\u00eb minoj\u00eb m\u00eb tej besimin e njer\u00ebzve ndaj politik\u00ebs.\u201d<\/span><\/p>\n<p style=\"text-align: justify;\"><span style=\"color: #000000;\">Presidenca e m\u00ebparshme e K\u00ebshillit t\u00eb vendit n\u00eb vitin 2009 u d\u00ebmtua kur qeveria e kryeministrit Mirek Topol\u00e1nek humbi nj\u00eb vot\u00ebbesim.<\/span><\/p>\n","protected":false,"gt_translate_keys":[{"key":"rendered","format":"html"}]},"excerpt":{"rendered":"<p>Nj\u00eb skandal n\u00eb bashkin\u00eb e Prag\u00ebs b\u00ebri q\u00eb ministri i arsimit i Republik\u00ebs \u00c7eke t\u00eb jap\u00eb dor\u00ebheqjen t\u00eb diel\u00ebn dhe po k\u00ebrc\u00ebnon stabilitetin e qeveris\u00eb s\u00eb koalicionit t\u00eb vendit, e cila erdhi n\u00eb pushtet me nj\u00eb premtim p\u00ebr t\u00eb \u00e7rr\u00ebnjosur korrupsionin dhe p\u00ebr t\u00eb rivendosur demokracin\u00eb liberale. Republika \u00c7eke merr presidenc\u00ebn e radh\u00ebs t\u00eb K\u00ebshillit [&hellip;]<\/p>\n","protected":false,"gt_translate_keys":[{"key":"rendered","format":"html"}]},"author":32,"featured_media":531131,"comment_status":"closed","ping_status":"closed","sticky":false,"template":"","format":"standard","meta":{"footnotes":""},"categories":[6,13],"tags":[],"class_list":["post-531128","post","type-post","status-publish","format-standard","has-post-thumbnail","hentry","category-nderkombetare","category-te-fundit"],"gt_translate_keys":[{"key":"link","format":"url"}],"_links":{"self":[{"href":"https:\/\/www.hashtag.al\/index.php\/wp-json\/wp\/v2\/posts\/531128","targetHints":{"allow":["GET"]}}],"collection":[{"href":"https:\/\/www.hashtag.al\/index.php\/wp-json\/wp\/v2\/posts"}],"about":[{"href":"https:\/\/www.hashtag.al\/index.php\/wp-json\/wp\/v2\/types\/post"}],"author":[{"embeddable":true,"href":"https:\/\/www.hashtag.al\/index.php\/wp-json\/wp\/v2\/users\/32"}],"replies":[{"embeddable":true,"href":"https:\/\/www.hashtag.al\/index.php\/wp-json\/wp\/v2\/comments?post=531128"}],"version-history":[{"count":0,"href":"https:\/\/www.hashtag.al\/index.php\/wp-json\/wp\/v2\/posts\/531128\/revisions"}],"wp:featuredmedia":[{"embeddable":true,"href":"https:\/\/www.hashtag.al\/index.php\/wp-json\/wp\/v2\/media\/531131"}],"wp:attachment":[{"href":"https:\/\/www.hashtag.al\/index.php\/wp-json\/wp\/v2\/media?parent=531128"}],"wp:term":[{"taxonomy":"category","embeddable":true,"href":"https:\/\/www.hashtag.al\/index.php\/wp-json\/wp\/v2\/categories?post=531128"},{"taxonomy":"post_tag","embeddable":true,"href":"https:\/\/www.hashtag.al\/index.php\/wp-json\/wp\/v2\/tags?post=531128"}],"curies":[{"name":"wp","href":"https:\/\/api.w.org\/{rel}","templated":true}]}}