{"id":530804,"date":"2022-06-18T15:25:23","date_gmt":"2022-06-18T13:25:23","guid":{"rendered":"https:\/\/www.hashtag.al\/?p=530804"},"modified":"2022-06-18T16:00:12","modified_gmt":"2022-06-18T14:00:12","slug":"bledian-koka-djali-i-bledi-cucit-ne-fakt-eshte-nje-viktime-e-sistemit-te-kalbur-shqiptar","status":"publish","type":"post","link":"https:\/\/www.hashtag.al\/index.php\/2022\/06\/18\/bledian-koka-djali-i-bledi-cucit-ne-fakt-eshte-nje-viktime-e-sistemit-te-kalbur-shqiptar\/","title":{"rendered":"Bledian Koka: Djali i Bledi \u00c7u\u00e7it n\u00eb fakt \u00ebsht\u00eb nj\u00eb viktim\u00eb e sistemit t\u00eb kalbur shqiptar","gt_translate_keys":[{"key":"rendered","format":"text"}]},"content":{"rendered":"<p><span style=\"color: #000000;\"><a href=\"https:\/\/www.hashtag.al\/wp-content\/uploads\/2022\/06\/bled-koka.jpg\"><img loading=\"lazy\" decoding=\"async\" class=\"aligncenter size-full wp-image-530805\" src=\"https:\/\/www.hashtag.al\/wp-content\/uploads\/2022\/06\/bled-koka.jpg\" alt=\"\" width=\"683\" height=\"551\" srcset=\"https:\/\/www.hashtag.al\/wp-content\/uploads\/2022\/06\/bled-koka.jpg 683w, https:\/\/www.hashtag.al\/wp-content\/uploads\/2022\/06\/bled-koka-300x242.jpg 300w\" sizes=\"auto, (max-width: 683px) 100vw, 683px\" \/><\/a><\/span><\/p>\n<p><span style=\"color: #000000;\">Gazetari Bledian Koka ka reaguar lidhur me akuzat e b\u00ebra dje nga ish-kryeministri Sali Berisha dhe sot nga deputeti Flamur Noka, n\u00eb drejtim n\u00eb djalit t\u00eb Ministrit t\u00eb Pun\u00ebve t\u00eb Brendshme, Bledi \u00c7u\u00e7it.<\/span><\/p>\n<p><span style=\"color: #000000;\">Koka e quan Endi \u00c7u\u00e7in viktim\u00eb t\u00eb sistemit shqiptar t\u00eb sh\u00ebndet\u00ebsis\u00eb. Sipas tij, djali i ministrit i rezulton atij <\/span><span style=\"color: #000000;\">vet\u00ebm si &#8220;nj\u00eb korrier i prokurorimit t\u00eb medikameteve t\u00eb ve\u00e7anta&#8221; p\u00ebr familjar\u00ebt e tij dhe p\u00ebr ndonj\u00eb t\u00eb af\u00ebrm, si pasoj\u00eb e munges\u00ebs s\u00eb medikamenteve cil\u00ebsore n\u00eb tregun shqiptar, por aq t\u00eb nevojshme p\u00ebr pacient\u00ebt.<\/span><\/p>\n<p><em><span style=\"color: #000000;\">\u201cDjali i \u00c7u\u00e7it si viktim\u00eb e \u2018Sh\u00ebndet\u00ebsis\u00eb Falas\u2019.<\/span><\/em><\/p>\n<p><span style=\"color: #000000;\"><em>Afera e trafikut t\u00eb ila\u00e7eve n\u00eb t\u00eb cil\u00ebn rezulton t\u00eb jet\u00eb i p\u00ebrfshir\u00eb djali i Ministrit t\u00eb Brendsh\u00ebm \u00ebsht\u00eb n\u00eb fakt treguesi i v\u00ebrtet\u00eb i \u2018Sh\u00ebndet\u00ebsis\u00eb Falas\u2019 t\u00eb Edi Ram\u00ebs. Djali n\u00eb fjal\u00eb m\u00eb rezulton thjesht\u00eb e vet\u00ebm si nj\u00eb korrier i prokurorimit t\u00eb medikameteve t\u00eb ve\u00e7anta p\u00ebr familjar\u00ebt e tij dhe p\u00ebr ndonj\u00eb t\u00eb af\u00ebrm si pasoj\u00eb e munges\u00ebs s\u00eb medikamenteve cil\u00ebsore n\u00eb tregun shqiptar. <\/em><\/span><\/p>\n<p><span style=\"color: #000000;\"><em>T\u00eb hetuar n\u00eb \u2018super\u2019 operacionin italian jan\u00eb edhe pacient\u00eb shqiptar\u00eb q\u00eb vuajn\u00eb nga kancere t\u00eb ndrysh\u00ebm t\u00eb cil\u00ebt Shqip\u00ebria nuk u ofron asgj\u00eb. N\u00eb k\u00ebmbim n\u00eb Itali duke siguruar nj\u00eb kart\u00eb sh\u00ebndet\u00ebsore \u2018n\u00ebn dor\u00eb\u2019 ata mund t\u00eb sigurojn\u00eb mjekime falas nga shteti italian q\u00eb p\u00ebr xhepin e tyre jan\u00eb t\u00eb pap\u00ebrballueshme. Jan\u00eb me mij\u00ebra shqiptar\u00eb q\u00eb gjejn\u00eb \u2018xhepa\u2019 t\u00eb till\u00eb n\u00eb sistemin super social t\u00eb sh\u00ebndet\u00ebsis\u00eb n\u00eb Itali nd\u00ebrsa n\u00eb Shqip\u00ebri nuk ofrohet asgj\u00eb p\u00ebrve\u00e7se agonis\u00eb pa sh\u00ebrim. Drejt\u00ebsia italiane \u00ebsht\u00eb n\u00eb t\u00eb drejt\u00ebn e vet q\u00eb t\u00eb luftoj\u00eb abuzimet n\u00eb sistemin e vet, por e v\u00ebrteta e par\u00eb me syt\u00eb e Shqip\u00ebris\u00eb \u00ebsht\u00eb drama q\u00eb vuan pacienti shqiptar me sh\u00ebndet\u00ebsin\u00eb e Edit dhe Ogit. Shqip\u00ebria nuk i ofron asgj\u00eb as djalit t\u00eb Ministrit t\u00eb Brendsh\u00ebm, kjo \u00ebsht\u00eb e gjith\u00eb e v\u00ebrteta e hidhur e \u2018trafikut\u2019 t\u00eb ila\u00e7eve.\u201d-<\/em> shkruan Koka.<\/span><\/p>\n<p><span style=\"color: #000000;\">Gazetari shton se nuk po p\u00ebrpiqet t\u2019i dal\u00eb n\u00eb mbrojtje djalit t\u00eb ministrit, por m\u00eb shum\u00eb t\u00eb tregoj\u00eb gjendjen ku ka arritur sh\u00ebndet\u00ebsia n\u00eb vend.<\/span><\/p>\n<p><em><span style=\"color: #000000;\">\u201cKy status nuk ka p\u00ebr q\u00ebllim t\u00eb justifikoj\u00eb ask\u00ebnd, e aq m\u00eb pak djemt\u00eb e martesave t\u00eb para t\u00eb Rilindasve. Statusi tregon gremin\u00ebn ku ka r\u00ebn\u00eb shteti i k\u00ebtyre q\u00eb \u2018din\u00eb t\u00eb b\u00ebjn\u00eb shtet\u2019!\u2019<\/span><\/em><\/p>\n<p><span style=\"color: #000000;\"><em>p.s&#8230;Prandaj nuk \u00ebsht\u00eb \u00e7udi q\u00eb me k\u00ebto ritme, djali i Edi Ram\u00ebs t\u00eb kapet pas disa koh\u00ebsh duke kontrabanduar naft\u00eb me bidona nga Mali i Zi, si\u00e7 kan\u00eb shkur pun\u00ebt n\u00eb Rilindje!\u201d-<\/em> shkruan Koka.<\/span><\/p>\n<p><span style=\"color: #000000;\">Dit\u00ebn e djeshme ish-kryeministri Sali Berisha publikoi n\u00eb Facebook disa pasazhe nga dosja hetimore italiane ku p\u00ebrmendej dhe djali biologjik i Ministrit Bledi \u00c7u\u00e7i si person i proceduar n\u00eb shtetin italian.<\/span><\/p>\n<p><span style=\"color: #000000;\">Por dje <strong>Hashtag.al <\/strong>pasi ka siguruar t\u00eb plot\u00eb dosjen hetimore dhe operative t\u00eb autoriteteve italiane, ka zbuluar se prokuror\u00ebt italian\u00eb n\u00eb fund t\u00eb procesit t\u00eb interceptimeve dhe hetimit shkruajn\u00eb se shtetasi Endi \u00c7u\u00e7i p\u00ebrjashtohet nga \u00e7do lloj barre pasi nuk rezulton i implikuar nga asnj\u00eb prej veprave q\u00eb dyshohej gjat\u00eb interceptimeve (lexo\u00a0<span style=\"color: #0000ff;\"><a style=\"color: #0000ff;\" href=\"https:\/\/www.hashtag.al\/index.php\/2022\/06\/17\/berisha-bie-ne-kurth-djali-i-ministrit-bledi-cuci-nuk-eshte-i-proceduar-ne-itali\/\">k\u00ebtu<\/a><\/span>). Nj\u00eb gj\u00eb q\u00eb nuk \u00ebsht\u00eb p\u00ebrmendur nga Berisha dje e as sot nga Noka.<\/span><\/p>\n<p><span style=\"color: #000000;\">Ish-bashk\u00ebshortja e ministrit \u00c7u\u00e7i, Zhaklina Peto, reagoi mbr\u00ebm\u00eb pas denoncimit p\u00ebr t\u00eb birin. <\/span><span style=\"color: #000000;\">Peto shkruante se as ajo dhe as djali i saj nuk kan\u00eb probleme me drejt\u00ebsin\u00eb italiane pavar\u00ebsisht se p\u00ebrmenden n\u00eb hetimin e drejt\u00ebsis\u00eb italiane. <\/span><span style=\"color: #000000;\">Ajo p\u00ebrmend edhe paragrafin e hetimit ku thuhet se Endi \u00c7u\u00e7i nuk lidhet me asnj\u00eb nga akuzat dhe k\u00ebrkon q\u00eb t\u00eb mos hidhet balt\u00eb mbi t\u00eb birin.<\/span><\/p>\n","protected":false,"gt_translate_keys":[{"key":"rendered","format":"html"}]},"excerpt":{"rendered":"<p>Gazetari Bledian Koka ka reaguar lidhur me akuzat e b\u00ebra dje nga ish-kryeministri Sali Berisha dhe sot nga deputeti Flamur Noka, n\u00eb drejtim n\u00eb djalit t\u00eb Ministrit t\u00eb Pun\u00ebve t\u00eb Brendshme, Bledi \u00c7u\u00e7it. Koka e quan Endi \u00c7u\u00e7in viktim\u00eb t\u00eb sistemit shqiptar t\u00eb sh\u00ebndet\u00ebsis\u00eb. Sipas tij, djali i ministrit i rezulton atij vet\u00ebm si &#8220;nj\u00eb [&hellip;]<\/p>\n","protected":false,"gt_translate_keys":[{"key":"rendered","format":"html"}]},"author":30,"featured_media":530805,"comment_status":"closed","ping_status":"closed","sticky":false,"template":"","format":"standard","meta":{"footnotes":""},"categories":[22,65,13],"tags":[],"class_list":["post-530804","post","type-post","status-publish","format-standard","has-post-thumbnail","hentry","category-ballina","category-lajme","category-te-fundit"],"gt_translate_keys":[{"key":"link","format":"url"}],"_links":{"self":[{"href":"https:\/\/www.hashtag.al\/index.php\/wp-json\/wp\/v2\/posts\/530804","targetHints":{"allow":["GET"]}}],"collection":[{"href":"https:\/\/www.hashtag.al\/index.php\/wp-json\/wp\/v2\/posts"}],"about":[{"href":"https:\/\/www.hashtag.al\/index.php\/wp-json\/wp\/v2\/types\/post"}],"author":[{"embeddable":true,"href":"https:\/\/www.hashtag.al\/index.php\/wp-json\/wp\/v2\/users\/30"}],"replies":[{"embeddable":true,"href":"https:\/\/www.hashtag.al\/index.php\/wp-json\/wp\/v2\/comments?post=530804"}],"version-history":[{"count":0,"href":"https:\/\/www.hashtag.al\/index.php\/wp-json\/wp\/v2\/posts\/530804\/revisions"}],"wp:featuredmedia":[{"embeddable":true,"href":"https:\/\/www.hashtag.al\/index.php\/wp-json\/wp\/v2\/media\/530805"}],"wp:attachment":[{"href":"https:\/\/www.hashtag.al\/index.php\/wp-json\/wp\/v2\/media?parent=530804"}],"wp:term":[{"taxonomy":"category","embeddable":true,"href":"https:\/\/www.hashtag.al\/index.php\/wp-json\/wp\/v2\/categories?post=530804"},{"taxonomy":"post_tag","embeddable":true,"href":"https:\/\/www.hashtag.al\/index.php\/wp-json\/wp\/v2\/tags?post=530804"}],"curies":[{"name":"wp","href":"https:\/\/api.w.org\/{rel}","templated":true}]}}