{"id":530784,"date":"2022-06-18T13:35:13","date_gmt":"2022-06-18T11:35:13","guid":{"rendered":"https:\/\/www.hashtag.al\/?p=530784"},"modified":"2022-06-18T13:35:13","modified_gmt":"2022-06-18T11:35:13","slug":"depoja-e-armeve-ne-yzberisht-lihen-ne-burg-elvis-bakalli-dhe-dorian-kalo","status":"publish","type":"post","link":"https:\/\/www.hashtag.al\/index.php\/2022\/06\/18\/depoja-e-armeve-ne-yzberisht-lihen-ne-burg-elvis-bakalli-dhe-dorian-kalo\/","title":{"rendered":"Depoja e arm\u00ebve n\u00eb Yzberisht, lihen n\u00eb burg Elvis Bakalli dhe Dorian Kalo","gt_translate_keys":[{"key":"rendered","format":"text"}]},"content":{"rendered":"<p><span style=\"color: #000000;\"><a href=\"https:\/\/www.hashtag.al\/wp-content\/uploads\/2022\/06\/depo-armesh.png\"><img loading=\"lazy\" decoding=\"async\" class=\"aligncenter size-full wp-image-530785\" src=\"https:\/\/www.hashtag.al\/wp-content\/uploads\/2022\/06\/depo-armesh.png\" alt=\"\" width=\"688\" height=\"484\" srcset=\"https:\/\/www.hashtag.al\/wp-content\/uploads\/2022\/06\/depo-armesh.png 688w, https:\/\/www.hashtag.al\/wp-content\/uploads\/2022\/06\/depo-armesh-300x211.png 300w, https:\/\/www.hashtag.al\/wp-content\/uploads\/2022\/06\/depo-armesh-570x400.png 570w, https:\/\/www.hashtag.al\/wp-content\/uploads\/2022\/06\/depo-armesh-360x252.png 360w\" sizes=\"auto, (max-width: 688px) 100vw, 688px\" \/><\/a><\/span><\/p>\n<p><span style=\"color: #000000;\">Gjykata e Tiran\u00ebs ka caktuar mas\u00ebn e siguris\u00eb \u201carrest me burg\u201d p\u00ebr Elvis Bakallin dhe Dorian Kalon, t\u00eb cil\u00ebt u arrestuan\u00a0n\u00eb depon e arm\u00ebve n\u00eb Yzberisht.<\/span><\/p>\n<p><span style=\"color: #000000;\">Ervis Bakalli dhe Dorian Kalo kan\u00eb dal\u00eb k\u00ebt\u00eb t\u00eb shtun\u00eb p\u00ebrpara gjykat\u00ebs p\u00ebr t\u2019u njohur me mas\u00ebn e siguris\u00eb, pasi n\u00eb banes\u00ebn e Bakallit u zbulua nj\u00eb depo e modifikimit t\u00eb arm\u00ebve.<\/span><\/p>\n<p><span style=\"color: #000000;\">Sipas \u201c<span style=\"color: #0000ff;\">Balkanweb<\/span>\u201d, seanca gjyq\u00ebsore \u00ebsht\u00eb shoq\u00ebruar me debate, pasi prokurorja ka th\u00ebn\u00eb n\u00eb sall\u00ebn e gjyqit se \u201cN\u00eb telefonin e Dorian Kalos jan\u00eb gjetur skica e banes\u00ebs, ku b\u00ebhej modifikimi i arm\u00ebve. Banes\u00ebn e kishte n\u00eb p\u00ebrdorim Ervis Bakalli\u201d.<\/span><\/p>\n<p><span style=\"color: #000000;\">Por k\u00ebto akuza jan\u00eb mohuar nga Dorian Kalo dhe avokati i tij ka insistuar q\u00eb Prokuroria t\u2019i v\u00ebr\u00eb n\u00eb dispozicion k\u00ebto skica, sepse sipas tij, nuk ekzistojn\u00eb.<\/span><\/p>\n<p><span style=\"color: #000000;\">Por prokurorja \u00ebsht\u00eb shprehur se telefonat e Kalos dhe Bakallit jan\u00eb d\u00ebrguar p\u00ebr ekspertim. Madje Kalo ka mohuar t\u00eb ket\u00eb lidhje me depon e arm\u00ebve.<\/span><\/p>\n<p><span style=\"color: #000000;\">Dy dit\u00eb m\u00eb par\u00eb, drejtori i Policis\u00eb s\u00eb Tiran\u00ebs Lorenc Panganika tha se ata jan\u00eb kapur duke punuar p\u00ebr modifikimin e arm\u00ebve n\u00eb nj\u00eb banes\u00eb n\u00eb pron\u00ebsi t\u00eb Elvis Bakallit n\u00eb zon\u00ebn e M\u00ebzezit.<\/span><\/p>\n<p><span style=\"color: #000000;\">Sipas policis\u00eb, t\u00eb rinjt\u00eb siguronin arm\u00eb nga persona me t\u00eb shkuar kriminale dhe dyshohet se m\u00eb pas ato shiteshin te grupet kriminale me q\u00ebllim p\u00ebrdorimin e tyre n\u00eb krimet kund\u00ebr personit.<\/span><\/p>\n<p><span style=\"color: #000000;\">Bakalli rezulton q\u00eb ka pasur n\u00eb p\u00ebrdorim sht\u00ebpin\u00eb, ku u gjet\u00ebn arm\u00ebt.<\/span><\/p>\n","protected":false,"gt_translate_keys":[{"key":"rendered","format":"html"}]},"excerpt":{"rendered":"<p>Gjykata e Tiran\u00ebs ka caktuar mas\u00ebn e siguris\u00eb \u201carrest me burg\u201d p\u00ebr Elvis Bakallin dhe Dorian Kalon, t\u00eb cil\u00ebt u arrestuan\u00a0n\u00eb depon e arm\u00ebve n\u00eb Yzberisht. Ervis Bakalli dhe Dorian Kalo kan\u00eb dal\u00eb k\u00ebt\u00eb t\u00eb shtun\u00eb p\u00ebrpara gjykat\u00ebs p\u00ebr t\u2019u njohur me mas\u00ebn e siguris\u00eb, pasi n\u00eb banes\u00ebn e Bakallit u zbulua nj\u00eb depo e [&hellip;]<\/p>\n","protected":false,"gt_translate_keys":[{"key":"rendered","format":"html"}]},"author":30,"featured_media":530785,"comment_status":"closed","ping_status":"closed","sticky":false,"template":"","format":"standard","meta":{"footnotes":""},"categories":[65,13],"tags":[],"class_list":["post-530784","post","type-post","status-publish","format-standard","has-post-thumbnail","hentry","category-lajme","category-te-fundit"],"gt_translate_keys":[{"key":"link","format":"url"}],"_links":{"self":[{"href":"https:\/\/www.hashtag.al\/index.php\/wp-json\/wp\/v2\/posts\/530784","targetHints":{"allow":["GET"]}}],"collection":[{"href":"https:\/\/www.hashtag.al\/index.php\/wp-json\/wp\/v2\/posts"}],"about":[{"href":"https:\/\/www.hashtag.al\/index.php\/wp-json\/wp\/v2\/types\/post"}],"author":[{"embeddable":true,"href":"https:\/\/www.hashtag.al\/index.php\/wp-json\/wp\/v2\/users\/30"}],"replies":[{"embeddable":true,"href":"https:\/\/www.hashtag.al\/index.php\/wp-json\/wp\/v2\/comments?post=530784"}],"version-history":[{"count":0,"href":"https:\/\/www.hashtag.al\/index.php\/wp-json\/wp\/v2\/posts\/530784\/revisions"}],"wp:featuredmedia":[{"embeddable":true,"href":"https:\/\/www.hashtag.al\/index.php\/wp-json\/wp\/v2\/media\/530785"}],"wp:attachment":[{"href":"https:\/\/www.hashtag.al\/index.php\/wp-json\/wp\/v2\/media?parent=530784"}],"wp:term":[{"taxonomy":"category","embeddable":true,"href":"https:\/\/www.hashtag.al\/index.php\/wp-json\/wp\/v2\/categories?post=530784"},{"taxonomy":"post_tag","embeddable":true,"href":"https:\/\/www.hashtag.al\/index.php\/wp-json\/wp\/v2\/tags?post=530784"}],"curies":[{"name":"wp","href":"https:\/\/api.w.org\/{rel}","templated":true}]}}