{"id":530769,"date":"2022-06-18T12:35:00","date_gmt":"2022-06-18T10:35:00","guid":{"rendered":"https:\/\/www.hashtag.al\/?p=530769"},"modified":"2022-06-18T12:37:59","modified_gmt":"2022-06-18T10:37:59","slug":"policia-i-riu-qe-u-gjet-i-pajete-ne-nje-rezervuar-ne-maliq-eshte-vrare-tre-te-arrestuar","status":"publish","type":"post","link":"https:\/\/www.hashtag.al\/index.php\/2022\/06\/18\/policia-i-riu-qe-u-gjet-i-pajete-ne-nje-rezervuar-ne-maliq-eshte-vrare-tre-te-arrestuar\/","title":{"rendered":"Policia: I riu q\u00eb u gjet i pajet\u00eb n\u00eb nj\u00eb rezervuar n\u00eb Maliq \u00ebsht\u00eb vrar\u00eb, tre t\u00eb arrestuar","gt_translate_keys":[{"key":"rendered","format":"text"}]},"content":{"rendered":"<p><span style=\"color: #000000;\"><a style=\"color: #000000;\" href=\"https:\/\/www.hashtag.al\/wp-content\/uploads\/2021\/11\/policia-arrestim-1-1.jpg\"><img loading=\"lazy\" decoding=\"async\" class=\"aligncenter size-full wp-image-483961\" src=\"https:\/\/www.hashtag.al\/wp-content\/uploads\/2021\/11\/policia-arrestim-1-1.jpg\" alt=\"\" width=\"681\" height=\"347\" srcset=\"https:\/\/www.hashtag.al\/wp-content\/uploads\/2021\/11\/policia-arrestim-1-1.jpg 681w, https:\/\/www.hashtag.al\/wp-content\/uploads\/2021\/11\/policia-arrestim-1-1-300x153.jpg 300w, https:\/\/www.hashtag.al\/wp-content\/uploads\/2021\/11\/policia-arrestim-1-1-568x290.jpg 568w\" sizes=\"auto, (max-width: 681px) 100vw, 681px\" \/><\/a><\/span><\/p>\n<p><span style=\"color: #000000;\">Policia ka njoftuar sot se pas hetimeve ka zbuluar se 26-vje\u00e7ari Martin \u00c7e\u00e7o \u00ebsht\u00eb vrar\u00eb.<\/span><\/p>\n<p><span style=\"color: #000000;\">Trupi i pajet\u00eb i t\u00eb riut u gjet dy dit\u00eb m\u00eb par\u00eb n\u00eb rezervuarin e fshatit Kolanec n\u00eb Maliq. Kjo pasi babai i t\u00eb riut, Nevzat \u00c7e\u00e7o b\u00ebri kall\u00ebzim n\u00eb Polici se i biri i ishte larguar nga banesa.<\/span><\/p>\n<p><span style=\"color: #000000;\">Lidhur me ngjarjen, Policia ka v\u00ebn\u00eb n\u00eb pranga tre persona q\u00eb dyshohet se jan\u00eb autor\u00ebt e krimit.<\/span><\/p>\n<p><span style=\"color: #000000;\"><em>\u201cSi rezultat i k\u00ebtij operacioni u b\u00eb ndalimi i tre autor\u00ebve t\u00eb dyshuar t\u00eb k\u00ebsaj ngjarjeje, shtetasve:<\/em><\/span><\/p>\n<p><span style=\"color: #000000;\"><em>\u2013 B. A., 38 vje\u00e7, banues n\u00eb fshatin Peshk\u00ebpi, Pogradec (i d\u00ebnuar m\u00eb par\u00eb p\u00ebr vjedhje);<\/em><\/span><\/p>\n<p><span style=\"color: #000000;\"><em>\u2013 V. M., 43 vje\u00e7, banues n\u00eb fshatin Marjan, Kor\u00e7\u00eb;<\/em><\/span><\/p>\n<p><span style=\"color: #000000;\"><em>\u2013 E. M., 35 vje\u00e7, banues n\u00eb fshatin Marjan, Kor\u00e7\u00eb.<\/em><\/span><\/p>\n<p><span style=\"color: #000000;\"><em>Sh\u00ebrbimet e Policis\u00eb, pasi kan\u00eb nxjerr\u00eb nga rezervuari trupin e pajet\u00eb t\u00eb 26-vje\u00e7arit M. \u00c7., kan\u00eb krijuar dyshime se b\u00ebhej fjal\u00eb p\u00ebr nj\u00eb ngjarje kriminale, duke qen\u00eb se gjat\u00eb k\u00ebqyrjes, n\u00eb trupin e 26-vje\u00e7arit, jan\u00eb konstatuar shenja n\u00eb pjes\u00ebn e fytit.<\/em>\u201d- thuhet n\u00eb njoftimin e Policis\u00eb.<\/span><\/p>\n<p><span style=\"color: #000000;\">T\u00eb dyshuarit pasi e kan\u00eb mbytur t\u00eb riut, akuzohen se e kan\u00eb hedhur trupin e tij n\u00eb rezervuar, p\u00ebr t\u00eb mbuluar ngjarjen dhe p\u00ebr t\u00eb inskenuar nj\u00eb vet\u00ebvrasje t\u00eb 26-vje\u00e7arit.<\/span><\/p>\n<p><span style=\"color: #000000;\"><strong>Njoftimi i Policis\u00eb<\/strong><\/span><\/p>\n<p><span style=\"color: #000000;\">Finalizohet operacioni policor i koduar \u201cMarjani\u201d.<\/span><\/p>\n<p><span style=\"color: #000000;\">Operacioni, pas hetimeve intensive nga Sektori p\u00ebr Hetimin e Krimeve, n\u00eb bashk\u00ebpunim me Komisariatin e Policis\u00eb Maliq, n\u00ebn drejtimin e Prokuroris\u00eb Kor\u00e7\u00eb.<\/span><\/p>\n<p><span style=\"color: #000000;\">Zbardhet dhe dokumentohet ngjarja e ndodhur dy dit\u00eb m\u00eb par\u00eb, n\u00eb rezervuarin e fshatit Kolanec, Maliq, ku u gjet i pajet\u00eb shtetasi M. \u00c7.<\/span><\/p>\n<p><span style=\"color: #000000;\">Vihen n\u00eb pranga 3 autor\u00ebt e dyshuar t\u00eb vrasjes s\u00eb 26-vje\u00e7arit.<\/span><\/p>\n<p><span style=\"color: #000000;\">N\u00eb vijim t\u00eb pun\u00ebs p\u00ebr zbardhjen dhe dokumentimin e plot\u00eb me prova ligjore t\u00eb ngjarjes s\u00eb ndodhur dy dit\u00eb m\u00eb par\u00eb, n\u00eb rezervuarin e fshatit Kolanec, Maliq, ku u gjet i pajet\u00eb shtetasi M. \u00c7., 26 vje\u00e7, banues n\u00eb k\u00ebt\u00eb fshat, i cili rezultonte i larguar nga banesa, specialist\u00ebt e Sektorit p\u00ebr Hetimin e Krimeve n\u00eb Drejtorin\u00eb Vendore t\u00eb Policis\u00eb Kor\u00e7\u00eb, n\u00eb bashk\u00ebpunim me Komisariatin e Policis\u00eb Maliq, n\u00ebn drejtimin e Prokuroris\u00eb pran\u00eb Gjykat\u00ebs s\u00eb Rrethit Gjyq\u00ebsor Kor\u00e7\u00eb, finalizuan me sukses operacionin e koduar \u201cMarjani\u201d. Si rezultat i k\u00ebtij operacioni u b\u00eb ndalimi i tre autor\u00ebve t\u00eb dyshuar t\u00eb k\u00ebsaj ngjarjeje, shtetasve:<\/span><\/p>\n<p><span style=\"color: #000000;\">\u2013 B. A., 38 vje\u00e7, banues n\u00eb fshatin Peshk\u00ebpi, Pogradec (i d\u00ebnuar m\u00eb par\u00eb p\u00ebr vjedhje);<\/span><\/p>\n<p><span style=\"color: #000000;\">\u2013 V. M., 43 vje\u00e7, banues n\u00eb fshatin Marjan, Kor\u00e7\u00eb;<\/span><\/p>\n<p><span style=\"color: #000000;\">\u2013 E. M., 35 vje\u00e7, banues n\u00eb fshatin Marjan, Kor\u00e7\u00eb.<\/span><\/p>\n<p><span style=\"color: #000000;\">Sh\u00ebrbimet e Policis\u00eb, pasi kan\u00eb nxjerr\u00eb nga rezervuari trupin e pajet\u00eb t\u00eb 26-vje\u00e7arit M. \u00c7., kan\u00eb krijuar dyshime se b\u00ebhej fjal\u00eb p\u00ebr nj\u00eb ngjarje kriminale, duke qen\u00eb se gjat\u00eb k\u00ebqyrjes, n\u00eb trupin e 26-vje\u00e7arit, jan\u00eb konstatuar shenja n\u00eb pjes\u00ebn e fytit.<\/span><\/p>\n<p><span style=\"color: #000000;\">Fal\u00eb pun\u00ebs profesionale hetimore, provave dhe informacioneve t\u00eb grumbulluara nga grupi hetimor, u dokumentua se tre shtetasit e arrestuar, n\u00eb bashk\u00ebpunim me nj\u00ebri-tjetrin, m\u00eb dat\u00eb 12.06.2022, kan\u00eb marr\u00eb viktim\u00ebn M. \u00c7., n\u00eb fshatin Kolanec, dhe pasi e kan\u00eb vrar\u00eb (mbytur), p\u00ebr motive t\u00eb dob\u00ebta, kan\u00eb hedhur trupin e tij n\u00eb rezervuar, p\u00ebr t\u00eb mbuluar ngjarjen dhe p\u00ebr t\u00eb inskenuar nj\u00eb vet\u00ebvrasje t\u00eb 26-vje\u00e7arit.<\/span><\/p>\n<p><span style=\"color: #000000;\">Materialet i kaluan Prokuroris\u00eb pran\u00eb Gjykat\u00ebs s\u00eb Shkall\u00ebs s\u00eb Par\u00eb Kor\u00e7\u00eb, p\u00ebr vepr\u00ebn penale \u201cVrasja me paramendim\u201d, kryer n\u00eb bashk\u00ebpunim.<\/span><\/p>\n","protected":false,"gt_translate_keys":[{"key":"rendered","format":"html"}]},"excerpt":{"rendered":"<p>Policia ka njoftuar sot se pas hetimeve ka zbuluar se 26-vje\u00e7ari Martin \u00c7e\u00e7o \u00ebsht\u00eb vrar\u00eb. Trupi i pajet\u00eb i t\u00eb riut u gjet dy dit\u00eb m\u00eb par\u00eb n\u00eb rezervuarin e fshatit Kolanec n\u00eb Maliq. Kjo pasi babai i t\u00eb riut, Nevzat \u00c7e\u00e7o b\u00ebri kall\u00ebzim n\u00eb Polici se i biri i ishte larguar nga banesa. Lidhur [&hellip;]<\/p>\n","protected":false,"gt_translate_keys":[{"key":"rendered","format":"html"}]},"author":30,"featured_media":483961,"comment_status":"closed","ping_status":"closed","sticky":false,"template":"","format":"standard","meta":{"footnotes":""},"categories":[65,13],"tags":[],"class_list":["post-530769","post","type-post","status-publish","format-standard","has-post-thumbnail","hentry","category-lajme","category-te-fundit"],"gt_translate_keys":[{"key":"link","format":"url"}],"_links":{"self":[{"href":"https:\/\/www.hashtag.al\/index.php\/wp-json\/wp\/v2\/posts\/530769","targetHints":{"allow":["GET"]}}],"collection":[{"href":"https:\/\/www.hashtag.al\/index.php\/wp-json\/wp\/v2\/posts"}],"about":[{"href":"https:\/\/www.hashtag.al\/index.php\/wp-json\/wp\/v2\/types\/post"}],"author":[{"embeddable":true,"href":"https:\/\/www.hashtag.al\/index.php\/wp-json\/wp\/v2\/users\/30"}],"replies":[{"embeddable":true,"href":"https:\/\/www.hashtag.al\/index.php\/wp-json\/wp\/v2\/comments?post=530769"}],"version-history":[{"count":0,"href":"https:\/\/www.hashtag.al\/index.php\/wp-json\/wp\/v2\/posts\/530769\/revisions"}],"wp:featuredmedia":[{"embeddable":true,"href":"https:\/\/www.hashtag.al\/index.php\/wp-json\/wp\/v2\/media\/483961"}],"wp:attachment":[{"href":"https:\/\/www.hashtag.al\/index.php\/wp-json\/wp\/v2\/media?parent=530769"}],"wp:term":[{"taxonomy":"category","embeddable":true,"href":"https:\/\/www.hashtag.al\/index.php\/wp-json\/wp\/v2\/categories?post=530769"},{"taxonomy":"post_tag","embeddable":true,"href":"https:\/\/www.hashtag.al\/index.php\/wp-json\/wp\/v2\/tags?post=530769"}],"curies":[{"name":"wp","href":"https:\/\/api.w.org\/{rel}","templated":true}]}}