{"id":530758,"date":"2022-06-18T11:55:04","date_gmt":"2022-06-18T09:55:04","guid":{"rendered":"https:\/\/www.hashtag.al\/?p=530758"},"modified":"2022-06-18T11:55:04","modified_gmt":"2022-06-18T09:55:04","slug":"peleshi-per-zjarret-bashkite-bejne-sikur-nuk-shohin-mos-i-bini-telefonit-per-helikopter-vetem-kur-zjarri-merr-permasa-te-medha","status":"publish","type":"post","link":"https:\/\/www.hashtag.al\/index.php\/2022\/06\/18\/peleshi-per-zjarret-bashkite-bejne-sikur-nuk-shohin-mos-i-bini-telefonit-per-helikopter-vetem-kur-zjarri-merr-permasa-te-medha\/","title":{"rendered":"Peleshi p\u00ebr zjarret: Bashkit\u00eb b\u00ebjn\u00eb sikur nuk shohin, mos i bini telefonit p\u00ebr helikopter vet\u00ebm kur zjarri merr p\u00ebrmasa t\u00eb m\u00ebdha","gt_translate_keys":[{"key":"rendered","format":"text"}]},"content":{"rendered":"<p><span style=\"color: #000000;\"><a href=\"https:\/\/www.hashtag.al\/wp-content\/uploads\/2022\/06\/Peleshi-2.jpg\"><img loading=\"lazy\" decoding=\"async\" class=\"aligncenter size-full wp-image-530759\" src=\"https:\/\/www.hashtag.al\/wp-content\/uploads\/2022\/06\/Peleshi-2.jpg\" alt=\"\" width=\"675\" height=\"450\" srcset=\"https:\/\/www.hashtag.al\/wp-content\/uploads\/2022\/06\/Peleshi-2.jpg 675w, https:\/\/www.hashtag.al\/wp-content\/uploads\/2022\/06\/Peleshi-2-300x200.jpg 300w\" sizes=\"auto, (max-width: 675px) 100vw, 675px\" \/><\/a><\/span><\/p>\n<p><span style=\"color: #000000;\">Ministri i Mbrojtjes, Niko Peleshi nisi sot nga Kor\u00e7a nj\u00eb tur takimesh q\u00eb do t\u00eb vijoj\u00eb n\u00eb t\u00eb gjith\u00eb vendin me strukturat e Emergjencave Civile, kryetar\u00ebt dhe prefekt\u00ebt.<\/span><\/p>\n<p><span style=\"color: #000000;\">Ai ishte i shoq\u00ebruar edhe nga Drejtori i Agjencis\u00eb s\u00eb Mbrojtjes Civile, Haki \u00c7ako.<\/span><\/p>\n<p><span style=\"color: #000000;\">Gjat\u00eb fjal\u00ebs s\u00eb tij, Peleshi u shpreh se bashkit\u00eb nuk mund t\u00eb b\u00ebjn\u00eb sikur nuk i shohin zjarret dhe t\u2019i bien telefonit p\u00ebr t\u00eb k\u00ebrkuar helikopter pasi situata ka marr\u00eb p\u00ebrmasa m\u00eb t\u00eb r\u00ebnda.<\/span><\/p>\n<p><em><span style=\"color: #000000;\">\u201cJu k\u00ebrkoj s\u00eb pari qytetarisht mir\u00ebkuptim dhe bashk\u00ebpunim, s\u00eb dyti ligj\u00ebrisht. Nuk mund t\u00eb vazhdoj\u00eb m\u00eb k\u00ebshtu q\u00eb bie nj\u00eb zjarr diku, bashkia b\u00ebn sikur nuk e shikon, pret sa zjarri t\u00eb marr\u00eb nj\u00eb p\u00ebrmas\u00eb t\u00eb qen\u00ebsishme dhe pastaj i bie telefonit t\u00eb marr\u00eb helikopterin. K\u00ebshtu ka ndodhur deri tani.<\/span><\/em><\/p>\n<p><em><span style=\"color: #000000;\">Ne do b\u00ebjm\u00eb ton\u00ebn, edhe p\u00ebr rritjen e gatishm\u00ebris\u00eb s\u00eb helikopter\u00ebve, kemi lajme shum\u00eb t\u00eb mira edhe nga komisioneri i emergjencave civile, t\u00eb cilit i dham\u00eb aplikimin zyrtar p\u00ebr t\u2019u b\u00ebr\u00eb an\u00ebtar\u00eb t\u00eb Mekanizmit Evropian.<\/span><\/em><\/p>\n<p><span style=\"color: #000000;\"><em>Kemi marr\u00eb sigurin\u00eb q\u00eb do t\u00eb na p\u00ebrgjigjen, sepse ndonj\u00ebher\u00eb nuk mjaftojn\u00eb as 2 helikopter\u00eb, as 5 as flota ndonj\u00ebher\u00eb kur vatrat e zjarrit jan\u00eb t\u00eb shp\u00ebrndara n\u00eb t\u00eb gjith\u00eb Shqip\u00ebrin\u00eb si\u00e7 ishin vitin e kaluar dhe si\u00e7 parashikojm\u00eb t\u00eb jen\u00eb edhe k\u00ebt\u00eb vit.\u201d<\/em>&#8211; u shpreh Peleshi.<\/span><\/p>\n<p><span style=\"color: #000000;\">Peleshi propozoi q\u00eb puna duhet t\u00eb nis\u00eb me edukimin e komuniteteve q\u00eb t\u00eb reagojn\u00eb n\u00eb raste t\u00eb tilla, pun\u00eb kjo q\u00eb sipas tij duhet t\u00eb filoj\u00eb q\u00eb nga kryepleqt\u00eb e fshatrave.<\/span><\/p>\n<p><span style=\"color: #000000;\">Q\u00ebllimi i k\u00ebtyre takimeve \u00ebsht\u00eb sensibilizimi i nj\u00ebsive vendore p\u00ebr identifikimin e hersh\u00ebm dhe eliminimin e vatrave potenciale t\u00eb zjarreve p\u00ebr t\u00eb mos lejuar degradimin e situatave ve\u00e7an\u00ebrisht gjat\u00eb sezonit veror.<\/span><\/p>\n","protected":false,"gt_translate_keys":[{"key":"rendered","format":"html"}]},"excerpt":{"rendered":"<p>Ministri i Mbrojtjes, Niko Peleshi nisi sot nga Kor\u00e7a nj\u00eb tur takimesh q\u00eb do t\u00eb vijoj\u00eb n\u00eb t\u00eb gjith\u00eb vendin me strukturat e Emergjencave Civile, kryetar\u00ebt dhe prefekt\u00ebt. Ai ishte i shoq\u00ebruar edhe nga Drejtori i Agjencis\u00eb s\u00eb Mbrojtjes Civile, Haki \u00c7ako. Gjat\u00eb fjal\u00ebs s\u00eb tij, Peleshi u shpreh se bashkit\u00eb nuk mund t\u00eb b\u00ebjn\u00eb [&hellip;]<\/p>\n","protected":false,"gt_translate_keys":[{"key":"rendered","format":"html"}]},"author":30,"featured_media":530759,"comment_status":"closed","ping_status":"closed","sticky":false,"template":"","format":"standard","meta":{"footnotes":""},"categories":[65,13],"tags":[],"class_list":["post-530758","post","type-post","status-publish","format-standard","has-post-thumbnail","hentry","category-lajme","category-te-fundit"],"gt_translate_keys":[{"key":"link","format":"url"}],"_links":{"self":[{"href":"https:\/\/www.hashtag.al\/index.php\/wp-json\/wp\/v2\/posts\/530758","targetHints":{"allow":["GET"]}}],"collection":[{"href":"https:\/\/www.hashtag.al\/index.php\/wp-json\/wp\/v2\/posts"}],"about":[{"href":"https:\/\/www.hashtag.al\/index.php\/wp-json\/wp\/v2\/types\/post"}],"author":[{"embeddable":true,"href":"https:\/\/www.hashtag.al\/index.php\/wp-json\/wp\/v2\/users\/30"}],"replies":[{"embeddable":true,"href":"https:\/\/www.hashtag.al\/index.php\/wp-json\/wp\/v2\/comments?post=530758"}],"version-history":[{"count":0,"href":"https:\/\/www.hashtag.al\/index.php\/wp-json\/wp\/v2\/posts\/530758\/revisions"}],"wp:featuredmedia":[{"embeddable":true,"href":"https:\/\/www.hashtag.al\/index.php\/wp-json\/wp\/v2\/media\/530759"}],"wp:attachment":[{"href":"https:\/\/www.hashtag.al\/index.php\/wp-json\/wp\/v2\/media?parent=530758"}],"wp:term":[{"taxonomy":"category","embeddable":true,"href":"https:\/\/www.hashtag.al\/index.php\/wp-json\/wp\/v2\/categories?post=530758"},{"taxonomy":"post_tag","embeddable":true,"href":"https:\/\/www.hashtag.al\/index.php\/wp-json\/wp\/v2\/tags?post=530758"}],"curies":[{"name":"wp","href":"https:\/\/api.w.org\/{rel}","templated":true}]}}