{"id":530584,"date":"2022-06-17T15:02:39","date_gmt":"2022-06-17T13:02:39","guid":{"rendered":"https:\/\/www.hashtag.al\/?p=530584"},"modified":"2022-06-17T15:02:39","modified_gmt":"2022-06-17T13:02:39","slug":"berisha-nga-azerbajxhani-vucic-kercenon-kosoven-marreveshja-mes-dy-vendeve-eshte-jetesore","status":"publish","type":"post","link":"https:\/\/www.hashtag.al\/index.php\/2022\/06\/17\/berisha-nga-azerbajxhani-vucic-kercenon-kosoven-marreveshja-mes-dy-vendeve-eshte-jetesore\/","title":{"rendered":"Berisha nga Azerbajxhani: Vu\u00e7i\u00e7 k\u00ebrc\u00ebnon Kosov\u00ebn, marr\u00ebveshja mes dy vendeve \u00ebsht\u00eb jet\u00ebsore","gt_translate_keys":[{"key":"rendered","format":"text"}]},"content":{"rendered":"<p><span style=\"color: #000000;\"><img loading=\"lazy\" decoding=\"async\" class=\"aligncenter size-full wp-image-530585\" src=\"https:\/\/www.hashtag.al\/wp-content\/uploads\/2022\/06\/berisha-3.jpg\" alt=\"\" width=\"1399\" height=\"756\" srcset=\"https:\/\/www.hashtag.al\/wp-content\/uploads\/2022\/06\/berisha-3.jpg 1399w, https:\/\/www.hashtag.al\/wp-content\/uploads\/2022\/06\/berisha-3-300x162.jpg 300w, https:\/\/www.hashtag.al\/wp-content\/uploads\/2022\/06\/berisha-3-1024x553.jpg 1024w, https:\/\/www.hashtag.al\/wp-content\/uploads\/2022\/06\/berisha-3-768x415.jpg 768w\" sizes=\"auto, (max-width: 1399px) 100vw, 1399px\" \/><\/span><\/p>\n<p><span style=\"color: #000000;\">Kreu i PD-s\u00eb Berisha ka deklaruar nga Azerbajxhani se presidenti serb Vu\u00e7i\u00e7 k\u00ebrc\u00ebnon Kosov\u00ebn dhe stabilitetin rajonal duke mbajtur pezull konfliktin.<\/span><\/p>\n<p><span style=\"color: #000000;\"> Ai e b\u00ebri deklarat\u00ebn n\u00eb Forumin Global t\u00eb Azerajxhanit ku po merr pjes\u00eb bashk\u00eb me presidentin Meta. <\/span><\/p>\n<p><span style=\"color: #000000;\">Sipas tij Serbia po armatoset me arm\u00eb ruse e kineze nd\u00ebrkoh\u00eb q\u00eb nuk k\u00ebrc\u00ebnohet nga askush duke e quajtur shqet\u00ebsuese di\u00e7ka t\u00eb till\u00eb.<\/span><\/p>\n<p><span style=\"color: #000000;\"><em>\u201cTre vite m\u00eb par\u00eb, Vu\u00e7i\u00e7 vizitoi veriun e Kosov\u00ebs, tre dit\u00eb n\u00eb \u00e7do takim u shpreh haptas se Serbia do \u00a0zgjerohet dhe do b\u00ebhet m\u00eb e madhe. Po ky president u betua para dy jav\u00ebsh para parlamentit duke u zotuar se do mbronte sovranitetin e Serbis\u00eb p\u00ebrfshir\u00eb Kosov\u00ebn. Kjo do t\u00eb thot\u00eb q\u00eb konflikti t\u00eb mbahet pezull. Por atje po shkojn\u00eb arm\u00eb ruse dhe kineze, n\u00eb at\u00eb koh\u00eb q\u00eb Serbia k\u00ebrc\u00ebnohet nga askush, askush nuk e k\u00ebrc\u00ebnon Serbin\u00eb sot. Mendoj se kjo q\u00eb po ndodh \u00ebsht\u00eb shqet\u00ebsuese.\u201d<\/em> &#8211; tha Berisha.<\/span><\/p>\n<p><span style=\"color: #000000;\">Kreu i PD-s\u00eb shtoi m\u00eb tej se rajoni ka ende shum\u00eb plag\u00eb t\u00eb pash\u00ebruruara duke theksuar se marr\u00ebveshja mes Kosov\u00ebs dhe Serbis\u00eb \u00ebsht\u00eb jetike.<\/span><\/p>\n<p><span style=\"color: #000000;\"><em>\u201cPavar\u00ebsisht progresit t\u00eb madh q\u00eb ka b\u00ebr\u00eb rajoni n\u00eb procesin e integrimit, ende p\u00ebr sa i p\u00ebrket siguris\u00eb do t\u00eb thosha se \u00ebsht\u00eb shum\u00eb larg pozicionit ku duhet t\u00eb ishte. Arsyeja kryesore ose disa arsye jan\u00eb plag\u00ebt e pash\u00ebruara t\u00eb konflikteve t\u00eb fundit dhe fantazma e ultranacionalizmit t\u00eb pranishme t\u00eb cilat e mbajn\u00eb pezull konfliktin. S\u00eb dyti nj\u00eb ndikim i fort\u00eb rus n\u00eb rajon, s\u00eb treti krimi i organizuar n\u00eb nivelet m\u00eb t\u00eb larta n\u00eb lidhje me pushtete autokratike n\u00eb korrupsion. Nj\u00eb marr\u00ebveshje mes Serbis\u00eb dhe Kosov\u00ebs \u00ebsht\u00eb jet\u00ebsore.\u201d<\/em> &#8211; shtoi Berisha.<\/span><\/p>\n","protected":false,"gt_translate_keys":[{"key":"rendered","format":"html"}]},"excerpt":{"rendered":"<p>Kreu i PD-s\u00eb Berisha ka deklaruar nga Azerbajxhani se presidenti serb Vu\u00e7i\u00e7 k\u00ebrc\u00ebnon Kosov\u00ebn dhe stabilitetin rajonal duke mbajtur pezull konfliktin. Ai e b\u00ebri deklarat\u00ebn n\u00eb Forumin Global t\u00eb Azerajxhanit ku po merr pjes\u00eb bashk\u00eb me presidentin Meta. Sipas tij Serbia po armatoset me arm\u00eb ruse e kineze nd\u00ebrkoh\u00eb q\u00eb nuk k\u00ebrc\u00ebnohet nga askush duke [&hellip;]<\/p>\n","protected":false,"gt_translate_keys":[{"key":"rendered","format":"html"}]},"author":51,"featured_media":530585,"comment_status":"closed","ping_status":"closed","sticky":false,"template":"","format":"standard","meta":{"footnotes":""},"categories":[65,13],"tags":[],"class_list":["post-530584","post","type-post","status-publish","format-standard","has-post-thumbnail","hentry","category-lajme","category-te-fundit"],"gt_translate_keys":[{"key":"link","format":"url"}],"_links":{"self":[{"href":"https:\/\/www.hashtag.al\/index.php\/wp-json\/wp\/v2\/posts\/530584","targetHints":{"allow":["GET"]}}],"collection":[{"href":"https:\/\/www.hashtag.al\/index.php\/wp-json\/wp\/v2\/posts"}],"about":[{"href":"https:\/\/www.hashtag.al\/index.php\/wp-json\/wp\/v2\/types\/post"}],"author":[{"embeddable":true,"href":"https:\/\/www.hashtag.al\/index.php\/wp-json\/wp\/v2\/users\/51"}],"replies":[{"embeddable":true,"href":"https:\/\/www.hashtag.al\/index.php\/wp-json\/wp\/v2\/comments?post=530584"}],"version-history":[{"count":0,"href":"https:\/\/www.hashtag.al\/index.php\/wp-json\/wp\/v2\/posts\/530584\/revisions"}],"wp:featuredmedia":[{"embeddable":true,"href":"https:\/\/www.hashtag.al\/index.php\/wp-json\/wp\/v2\/media\/530585"}],"wp:attachment":[{"href":"https:\/\/www.hashtag.al\/index.php\/wp-json\/wp\/v2\/media?parent=530584"}],"wp:term":[{"taxonomy":"category","embeddable":true,"href":"https:\/\/www.hashtag.al\/index.php\/wp-json\/wp\/v2\/categories?post=530584"},{"taxonomy":"post_tag","embeddable":true,"href":"https:\/\/www.hashtag.al\/index.php\/wp-json\/wp\/v2\/tags?post=530584"}],"curies":[{"name":"wp","href":"https:\/\/api.w.org\/{rel}","templated":true}]}}