{"id":530510,"date":"2022-06-17T10:13:52","date_gmt":"2022-06-17T08:13:52","guid":{"rendered":"https:\/\/www.hashtag.al\/?p=530510"},"modified":"2022-06-17T10:13:52","modified_gmt":"2022-06-17T08:13:52","slug":"kreu-i-ke-se-michel-javen-qe-vjen-do-kemi-lajme-pozitive-per-celjen-e-negociatave-me-tiranen-e-shkupin","status":"publish","type":"post","link":"https:\/\/www.hashtag.al\/index.php\/2022\/06\/17\/kreu-i-ke-se-michel-javen-qe-vjen-do-kemi-lajme-pozitive-per-celjen-e-negociatave-me-tiranen-e-shkupin\/","title":{"rendered":"Kreu i KE-s\u00eb Michel: Jav\u00ebn q\u00eb vjen do kemi lajme pozitive p\u00ebr \u00e7eljen e negociatave me Tiran\u00ebn e Shkupin","gt_translate_keys":[{"key":"rendered","format":"text"}]},"content":{"rendered":"<p><span style=\"color: #000000;\"><img loading=\"lazy\" decoding=\"async\" class=\"aligncenter size-full wp-image-530511\" src=\"https:\/\/www.hashtag.al\/wp-content\/uploads\/2022\/06\/michel.jpg\" alt=\"\" width=\"1225\" height=\"738\" srcset=\"https:\/\/www.hashtag.al\/wp-content\/uploads\/2022\/06\/michel.jpg 1225w, https:\/\/www.hashtag.al\/wp-content\/uploads\/2022\/06\/michel-300x181.jpg 300w, https:\/\/www.hashtag.al\/wp-content\/uploads\/2022\/06\/michel-1024x617.jpg 1024w, https:\/\/www.hashtag.al\/wp-content\/uploads\/2022\/06\/michel-768x463.jpg 768w\" sizes=\"auto, (max-width: 1225px) 100vw, 1225px\" \/><\/span><\/p>\n<p><span style=\"color: #000000;\">Kreu i K\u00ebshillit t\u00eb Europ\u00ebs, Charles Michel, tha nga Maqedonia e Veriut se jav\u00ebn e ardhshme priten zhvillime pozitive p\u00ebr sa i p\u00ebrket \u00e7eljes s\u00eb negociatave p\u00ebr Tiran\u00ebn e Shkupin. <\/span><\/p>\n<p><span style=\"color: #000000;\">Ai e b\u00ebri deklarat\u00ebn gjat\u00eb pjes\u00ebmarrjes n\u00eb Forumin e Presp\u00ebs p\u00ebr Dialog. <\/span><\/p>\n<p><span style=\"color: #000000;\">Sipas tij, BE-ja \u00ebsht\u00eb e p\u00ebrkushtuar p\u00ebr \u00e7eljen e negociatave me dy vendet dhe po punon me pal\u00ebn bullgare p\u00ebr zgjidhjen\u00a0 e problemeve me Maqedonin\u00eb e Veriut.<\/span><\/p>\n<p><span style=\"color: #000000;\"><em>\u201cBE-ja \u00ebsht\u00eb shum\u00eb e p\u00ebrkushtuar q\u00eb Maqedonia e Veriut dhe Shqip\u00ebria t\u00eb fillojn\u00eb negociatat p\u00ebr an\u00ebtar\u00ebsim n\u00eb BE. Po i b\u00ebjm\u00eb t\u00eb gjitha p\u00ebrpjekjet q\u00eb t\u00eb gjendet nj\u00eb zgjidhje e p\u00ebrbashk\u00ebt e pranueshme p\u00ebr t\u00eb dyja pal\u00ebt p\u00ebr \u00e7\u00ebshtjet e hapura me pal\u00ebn bullgare. Un\u00eb jam n\u00eb bisedime n\u00eb k\u00ebt\u00eb bashk\u00eb me Franc\u00ebn dhe BE-n\u00eb dhe d\u00ebshirojm\u00eb t\u00eb ndihmojm\u00eb k\u00ebt\u00eb proces q\u00eb t\u00eb ec\u00eb p\u00ebrpara. Jam i bindur se s\u00eb shpejti do t\u00eb ket\u00eb nj\u00eb zhvillim shum\u00eb pozitiv, q\u00eb do t\u00eb jet\u00eb shum\u00eb i r\u00ebnd\u00ebsish\u00ebm p\u00ebr vendin tuaj dhe mbar\u00eb rajonin.\u201d<\/em> &#8211; tha Michel.<\/span><\/p>\n","protected":false,"gt_translate_keys":[{"key":"rendered","format":"html"}]},"excerpt":{"rendered":"<p>Kreu i K\u00ebshillit t\u00eb Europ\u00ebs, Charles Michel, tha nga Maqedonia e Veriut se jav\u00ebn e ardhshme priten zhvillime pozitive p\u00ebr sa i p\u00ebrket \u00e7eljes s\u00eb negociatave p\u00ebr Tiran\u00ebn e Shkupin. Ai e b\u00ebri deklarat\u00ebn gjat\u00eb pjes\u00ebmarrjes n\u00eb Forumin e Presp\u00ebs p\u00ebr Dialog. Sipas tij, BE-ja \u00ebsht\u00eb e p\u00ebrkushtuar p\u00ebr \u00e7eljen e negociatave me dy vendet [&hellip;]<\/p>\n","protected":false,"gt_translate_keys":[{"key":"rendered","format":"html"}]},"author":51,"featured_media":530511,"comment_status":"closed","ping_status":"closed","sticky":false,"template":"","format":"standard","meta":{"footnotes":""},"categories":[149],"tags":[],"class_list":["post-530510","post","type-post","status-publish","format-standard","has-post-thumbnail","hentry","category-kosoverajon"],"gt_translate_keys":[{"key":"link","format":"url"}],"_links":{"self":[{"href":"https:\/\/www.hashtag.al\/index.php\/wp-json\/wp\/v2\/posts\/530510","targetHints":{"allow":["GET"]}}],"collection":[{"href":"https:\/\/www.hashtag.al\/index.php\/wp-json\/wp\/v2\/posts"}],"about":[{"href":"https:\/\/www.hashtag.al\/index.php\/wp-json\/wp\/v2\/types\/post"}],"author":[{"embeddable":true,"href":"https:\/\/www.hashtag.al\/index.php\/wp-json\/wp\/v2\/users\/51"}],"replies":[{"embeddable":true,"href":"https:\/\/www.hashtag.al\/index.php\/wp-json\/wp\/v2\/comments?post=530510"}],"version-history":[{"count":0,"href":"https:\/\/www.hashtag.al\/index.php\/wp-json\/wp\/v2\/posts\/530510\/revisions"}],"wp:featuredmedia":[{"embeddable":true,"href":"https:\/\/www.hashtag.al\/index.php\/wp-json\/wp\/v2\/media\/530511"}],"wp:attachment":[{"href":"https:\/\/www.hashtag.al\/index.php\/wp-json\/wp\/v2\/media?parent=530510"}],"wp:term":[{"taxonomy":"category","embeddable":true,"href":"https:\/\/www.hashtag.al\/index.php\/wp-json\/wp\/v2\/categories?post=530510"},{"taxonomy":"post_tag","embeddable":true,"href":"https:\/\/www.hashtag.al\/index.php\/wp-json\/wp\/v2\/tags?post=530510"}],"curies":[{"name":"wp","href":"https:\/\/api.w.org\/{rel}","templated":true}]}}