{"id":530484,"date":"2022-06-17T08:29:51","date_gmt":"2022-06-17T06:29:51","guid":{"rendered":"https:\/\/www.hashtag.al\/?p=530484"},"modified":"2022-06-17T08:40:04","modified_gmt":"2022-06-17T06:40:04","slug":"koreja-e-veriut-njofton-shperthimin-e-semundjes-se-zorreve","status":"publish","type":"post","link":"https:\/\/www.hashtag.al\/index.php\/2022\/06\/17\/koreja-e-veriut-njofton-shperthimin-e-semundjes-se-zorreve\/","title":{"rendered":"Koreja e Veriut njofton shp\u00ebrthimin e s\u00ebmundjes s\u00eb zorr\u00ebve","gt_translate_keys":[{"key":"rendered","format":"text"}]},"content":{"rendered":"<p><span style=\"color: #000000;\"><a href=\"https:\/\/www.hashtag.al\/wp-content\/uploads\/2022\/06\/125437195_mediaitem125437194.jpg\"><img loading=\"lazy\" decoding=\"async\" class=\"aligncenter size-full wp-image-530485\" src=\"https:\/\/www.hashtag.al\/wp-content\/uploads\/2022\/06\/125437195_mediaitem125437194.jpg\" alt=\"\" width=\"976\" height=\"549\" srcset=\"https:\/\/www.hashtag.al\/wp-content\/uploads\/2022\/06\/125437195_mediaitem125437194.jpg 976w, https:\/\/www.hashtag.al\/wp-content\/uploads\/2022\/06\/125437195_mediaitem125437194-300x169.jpg 300w, https:\/\/www.hashtag.al\/wp-content\/uploads\/2022\/06\/125437195_mediaitem125437194-768x432.jpg 768w\" sizes=\"auto, (max-width: 976px) 100vw, 976px\" \/><\/a><\/span><\/p>\n<p><span style=\"color: #000000;\">Koreja e Veriut thot\u00eb se po merret me nj\u00eb shp\u00ebrthim t\u00eb nj\u00eb s\u00ebmundjeje t\u00eb paidentifikuar t\u00eb zorr\u00ebve, duke shtuar tensionin e shkaktuar nga p\u00ebrhapja e Covid-19.<\/span><\/p>\n<p><span style=\"color: #000000;\">Udh\u00ebheq\u00ebsi i vendit, Kim Jong-un, ka urdh\u00ebruar zbatimin e masave t\u00eb karantin\u00ebs, raporton agjencia zyrtare e lajmeve KCNA.<\/span><\/p>\n<p><span style=\"color: #000000;\">Ai tha se kishte d\u00ebrguar ila\u00e7e n\u00eb qytetin Haeju t\u00eb m\u00ebrkur\u00ebn p\u00ebr t\u00eb ndihmuar pacient\u00ebt q\u00eb vuanin nga <em>&#8220;epidemia akute enterike&#8221;.<\/em><\/span><\/p>\n<p><span style=\"color: #000000;\">Ekspert\u00ebt sh\u00ebndet\u00ebsor\u00eb dyshojn\u00eb se s\u00ebmundja mund t\u00eb jet\u00eb tifo ose kolera.<\/span><\/p>\n<p><span style=\"color: #000000;\">Koreja e Veriut shpalli gjendjen e jasht\u00ebzakonshme n\u00eb maj pasi tha se miliona njer\u00ebz po p\u00ebrjetonin &#8220;ethe&#8221;, q\u00eb besohet t\u00eb jen\u00eb raste t\u00eb patestuara me Covid-19.<\/span><\/p>\n<p><span style=\"color: #000000;\">Nuk ka raportuar numrin e njer\u00ebzve t\u00eb prekur nga shp\u00ebrthimi i fundit i s\u00ebmundjes, apo nuk ka elaboruar se \u00e7far\u00eb \u00ebsht\u00eb s\u00ebmundja, por enteriku i referohet traktit gastrointestinal.<\/span><\/p>\n<p><span style=\"color: #000000;\"><em>\u201cKim theksoi nevoj\u00ebn p\u00ebr t\u00eb p\u00ebrmir\u00ebsuar epidemin\u00eb n\u00eb dat\u00ebn m\u00eb t\u00eb hershme t\u00eb mundshme duke marr\u00eb nj\u00eb mas\u00eb t\u00eb mir\u00ebp\u00ebrcaktuar p\u00ebr t\u00eb karantinuar rastet e dyshuara p\u00ebr t\u00eb frenuar plot\u00ebsisht p\u00ebrhapjen e saj, duke konfirmuar rastet p\u00ebrmes ekzaminimit epidemiologjik dhe testeve shkencore.\u201d<\/em>&#8211; tha KCNA, p\u00ebrcjell <span style=\"color: #0000ff;\"><a style=\"color: #0000ff;\" href=\"https:\/\/www.bbc.com\/news\/world-asia-61825792\">BBC<\/a><\/span>.<\/span><\/p>\n<p><span style=\"color: #000000;\">Nj\u00eb zyrtar n\u00eb Ministrin\u00eb e Unifikimit t\u00eb Kores\u00eb s\u00eb Jugut q\u00eb merret me \u00e7\u00ebshtjet nd\u00ebrkoreane i tha agjencis\u00eb s\u00eb lajmeve Reuters se qeveria dyshon se shp\u00ebrthimi \u00ebsht\u00eb kolera ose tifoja.<\/span><\/p>\n","protected":false,"gt_translate_keys":[{"key":"rendered","format":"html"}]},"excerpt":{"rendered":"<p>Koreja e Veriut thot\u00eb se po merret me nj\u00eb shp\u00ebrthim t\u00eb nj\u00eb s\u00ebmundjeje t\u00eb paidentifikuar t\u00eb zorr\u00ebve, duke shtuar tensionin e shkaktuar nga p\u00ebrhapja e Covid-19. Udh\u00ebheq\u00ebsi i vendit, Kim Jong-un, ka urdh\u00ebruar zbatimin e masave t\u00eb karantin\u00ebs, raporton agjencia zyrtare e lajmeve KCNA. Ai tha se kishte d\u00ebrguar ila\u00e7e n\u00eb qytetin Haeju t\u00eb m\u00ebrkur\u00ebn [&hellip;]<\/p>\n","protected":false,"gt_translate_keys":[{"key":"rendered","format":"html"}]},"author":30,"featured_media":530485,"comment_status":"closed","ping_status":"closed","sticky":false,"template":"","format":"standard","meta":{"footnotes":""},"categories":[6,13],"tags":[],"class_list":["post-530484","post","type-post","status-publish","format-standard","has-post-thumbnail","hentry","category-nderkombetare","category-te-fundit"],"gt_translate_keys":[{"key":"link","format":"url"}],"_links":{"self":[{"href":"https:\/\/www.hashtag.al\/index.php\/wp-json\/wp\/v2\/posts\/530484","targetHints":{"allow":["GET"]}}],"collection":[{"href":"https:\/\/www.hashtag.al\/index.php\/wp-json\/wp\/v2\/posts"}],"about":[{"href":"https:\/\/www.hashtag.al\/index.php\/wp-json\/wp\/v2\/types\/post"}],"author":[{"embeddable":true,"href":"https:\/\/www.hashtag.al\/index.php\/wp-json\/wp\/v2\/users\/30"}],"replies":[{"embeddable":true,"href":"https:\/\/www.hashtag.al\/index.php\/wp-json\/wp\/v2\/comments?post=530484"}],"version-history":[{"count":0,"href":"https:\/\/www.hashtag.al\/index.php\/wp-json\/wp\/v2\/posts\/530484\/revisions"}],"wp:featuredmedia":[{"embeddable":true,"href":"https:\/\/www.hashtag.al\/index.php\/wp-json\/wp\/v2\/media\/530485"}],"wp:attachment":[{"href":"https:\/\/www.hashtag.al\/index.php\/wp-json\/wp\/v2\/media?parent=530484"}],"wp:term":[{"taxonomy":"category","embeddable":true,"href":"https:\/\/www.hashtag.al\/index.php\/wp-json\/wp\/v2\/categories?post=530484"},{"taxonomy":"post_tag","embeddable":true,"href":"https:\/\/www.hashtag.al\/index.php\/wp-json\/wp\/v2\/tags?post=530484"}],"curies":[{"name":"wp","href":"https:\/\/api.w.org\/{rel}","templated":true}]}}