{"id":530434,"date":"2022-06-16T21:19:20","date_gmt":"2022-06-16T19:19:20","guid":{"rendered":"https:\/\/www.hashtag.al\/?p=530434"},"modified":"2022-06-16T21:22:15","modified_gmt":"2022-06-16T19:22:15","slug":"operacioni-ne-itali-ku-u-sekuestruan-4-ton-kokaine-dalin-emrat-e-shqiptareve-pjese-e-grupit-nisin-rrefimet-e-te-penduarve","status":"publish","type":"post","link":"https:\/\/www.hashtag.al\/index.php\/2022\/06\/16\/operacioni-ne-itali-ku-u-sekuestruan-4-ton-kokaine-dalin-emrat-e-shqiptareve-pjese-e-grupit-nisin-rrefimet-e-te-penduarve\/","title":{"rendered":"Operacioni n\u00eb Itali ku u sekuestruan 4 ton kokain\u00eb, dalin emrat e shqiptar\u00ebve pjes\u00eb e grupit, nisin rr\u00ebfimet e t\u00eb penduarve","gt_translate_keys":[{"key":"rendered","format":"text"}]},"content":{"rendered":"<p><span style=\"color: #000000;\"><img loading=\"lazy\" decoding=\"async\" class=\"aligncenter size-full wp-image-530435\" src=\"https:\/\/www.hashtag.al\/wp-content\/uploads\/2022\/06\/trieste.jpg\" alt=\"\" width=\"2000\" height=\"1066\" srcset=\"https:\/\/www.hashtag.al\/wp-content\/uploads\/2022\/06\/trieste.jpg 2000w, https:\/\/www.hashtag.al\/wp-content\/uploads\/2022\/06\/trieste-300x160.jpg 300w, https:\/\/www.hashtag.al\/wp-content\/uploads\/2022\/06\/trieste-1024x546.jpg 1024w, https:\/\/www.hashtag.al\/wp-content\/uploads\/2022\/06\/trieste-768x409.jpg 768w, https:\/\/www.hashtag.al\/wp-content\/uploads\/2022\/06\/trieste-1536x819.jpg 1536w\" sizes=\"auto, (max-width: 2000px) 100vw, 2000px\" \/><\/span><\/p>\n<p><span style=\"color: #000000;\">Shum\u00eb prej t\u00eb arrestuarve gjat\u00eb operacionit t\u00eb r\u00ebnd\u00ebsish\u00ebm q\u00eb \u00e7oi n\u00eb sekuestrimin m\u00eb t\u00eb madh t\u00eb kokain\u00ebs t\u00eb kryer ndonj\u00ebher\u00eb n\u00eb Itali, kan\u00eb zgjedhur t\u00eb rr\u00ebfehen, duke u dh\u00ebn\u00eb hetuesve pista t\u00eb reja. <\/span><\/p>\n<p><span style=\"color: #000000;\">Ka qen\u00eb kjo deklarata e Prokurori t\u00eb P\u00ebrgjithsh\u00ebm Rajonal, Antonio De Nicolo, i arritsh\u00ebm me telefon nga TriestePrima.<\/span><\/p>\n<p><span style=\"color: #000000;\"> Marrja n\u00eb pyetje po kryhet nga prokurori i hetimit paraprak Marco Casave\u00e7hia.<\/span><\/p>\n<p><span style=\"color: #000000;\"> Pas nj\u00eb turi t\u00eb par\u00eb n\u00eb t\u00eb cilin asnj\u00eb nga tet\u00eb t\u00eb arrestuarit e par\u00eb nuk foli, n\u00eb m\u00eb pak se nj\u00eb jav\u00eb \u2018m\u00eb shum\u00eb se nj\u00eb person vendosi t\u00eb rr\u00ebfej\u00eb\u2019.<\/span><\/p>\n<p><span style=\"color: #000000;\"><strong>Hetimet jan\u00eb n\u00eb vazhdim<\/strong><\/span><\/p>\n<p><span style=\"color: #000000;\">Hetimi, i cili fal\u00eb t\u00eb ashtuquajturave hetime t\u00eb fshehta dhe angazhimit t\u00eb ushtris\u00eb Gico dhe Grupit Operativ Antidrog\u00eb t\u00eb Guardia di Finanza ka \u2018fshir\u00eb\u2019 nj\u00eb lum\u00eb kokaine kolumbiane q\u00eb ishte zgjedhur t\u00eb transportohej p\u00ebrmes porti evropian t\u00eb Triestes. <\/span><\/p>\n<p><span style=\"color: #000000;\">B\u00ebhet fjal\u00eb p\u00ebr mbi kat\u00ebr ton drog\u00eb, me 19 ngarkesa t\u00eb kontrolluara dhe dy faza t\u00eb ndryshme t\u00eb operacionit. Agjenti i fsheht\u00eb ia dor\u00ebzoi 300 kilogram\u00ebt e par\u00eb Castano Ramon Abelit (kolumbianit t\u00eb cilit narkot Martinez Quiroz dhe Antonio Prudente i kishin besuar operacionet e dor\u00ebzimit dhe informacionin mbi \u2018emrat dhe kontaktet e bler\u00ebsve t\u00eb \u00e7do grumbulli kokaine\u2019) n\u00eb Trieste m\u00eb 17 maj 2021.<\/span><\/p>\n<p><span style=\"color: #000000;\"> Kjo p\u00ebr shkak se kolumbian\u00ebt nuk dyshonin p\u00ebr \u2018vendin e sigurt\u2019. N\u00eb sekuestrimin dhe rikuperimin e drog\u00ebs jan\u00eb \u2018rikthyer\u2019 135 kilogram\u00eb, nd\u00ebrsa \u2018150 kilogram\u00ebt e mbetura nuk jan\u00eb gjetur\u2019.<\/span><\/p>\n<p><span style=\"color: #000000;\"><strong><img loading=\"lazy\" decoding=\"async\" class=\"aligncenter size-full wp-image-530436\" src=\"https:\/\/www.hashtag.al\/wp-content\/uploads\/2022\/06\/DSC_1549-copia-2-scaled.jpg\" alt=\"\" width=\"2560\" height=\"1707\" srcset=\"https:\/\/www.hashtag.al\/wp-content\/uploads\/2022\/06\/DSC_1549-copia-2-scaled.jpg 2560w, https:\/\/www.hashtag.al\/wp-content\/uploads\/2022\/06\/DSC_1549-copia-2-300x200.jpg 300w, https:\/\/www.hashtag.al\/wp-content\/uploads\/2022\/06\/DSC_1549-copia-2-1024x683.jpg 1024w, https:\/\/www.hashtag.al\/wp-content\/uploads\/2022\/06\/DSC_1549-copia-2-768x512.jpg 768w, https:\/\/www.hashtag.al\/wp-content\/uploads\/2022\/06\/DSC_1549-copia-2-1536x1024.jpg 1536w, https:\/\/www.hashtag.al\/wp-content\/uploads\/2022\/06\/DSC_1549-copia-2-2048x1365.jpg 2048w\" sizes=\"auto, (max-width: 2560px) 100vw, 2560px\" \/><\/strong><\/span><\/p>\n<p><span style=\"color: #000000;\"><strong>Emrat e t\u00eb arrestuarve<\/strong><\/span><\/p>\n<p><span style=\"color: #000000;\">Nga bosi kolumbian e deri tek serb Miljenovic Milan, masat paraprake kan\u00eb arritur disa t\u00eb dyshuar. 24 emrat e par\u00eb t\u00eb hetimit jan\u00eb: Castano Catano Ramon Abel, Lazzarato Adriano (Venecia), Ugo Mascioli (Bari), Sava Gheoerghiev Savov, Bozhidar Bozilov (Bullgari), Ujla Renato (Shqip\u00ebri), Cirjau Constantin (Moldavia), Enri dhe Ervin Hardolli (Shqip\u00ebri), Luca Bellio, Antonio Prudente, Angel Maria Quiroz Martinez, Altin Lleshaj, Denis Kacaj, Moreno Demaj, Giuseppe Giorgi, Francesco Megna, Ernesto Rizzo, Sasa Radivoje Vuckovic (Serbi), Erguen Isik, Slloven\u00ebt Ales Krajaz Razek dhe Dorde Kotlaja (Mali i Zi). <\/span><\/p>\n<p><span style=\"color: #000000;\">N\u00eb k\u00ebt\u00eb kontekst, De Nicolo p\u00ebr arrestimin e sllovenit njoftoi se \u2018ka aktivitete n\u00eb vazhdim, procedura e urdh\u00ebrarrestit evropian do zgjas\u00eb rreth 30 deri n\u00eb 40 dit\u00eb\u2019. Vrasja e Stanjel \u2018nuk ka t\u00eb b\u00ebj\u00eb me hetimet\u2019, ve\u00e7an\u00ebrisht n\u00eb tregun nd\u00ebrkufitar t\u00eb drog\u00ebs.<\/span><\/p>\n<p><span style=\"color: #000000;\"><strong><img loading=\"lazy\" decoding=\"async\" class=\"aligncenter size-full wp-image-530439\" src=\"https:\/\/www.hashtag.al\/wp-content\/uploads\/2022\/06\/6737999_07072848_109189373.jpg\" alt=\"\" width=\"1280\" height=\"702\" srcset=\"https:\/\/www.hashtag.al\/wp-content\/uploads\/2022\/06\/6737999_07072848_109189373.jpg 1280w, https:\/\/www.hashtag.al\/wp-content\/uploads\/2022\/06\/6737999_07072848_109189373-300x165.jpg 300w, https:\/\/www.hashtag.al\/wp-content\/uploads\/2022\/06\/6737999_07072848_109189373-1024x562.jpg 1024w, https:\/\/www.hashtag.al\/wp-content\/uploads\/2022\/06\/6737999_07072848_109189373-768x421.jpg 768w\" sizes=\"auto, (max-width: 1280px) 100vw, 1280px\" \/><\/strong><\/span><\/p>\n<p><span style=\"color: #000000;\"><strong>Rryma serbe<\/strong><\/span><\/p>\n<p><span style=\"color: #000000;\">Nd\u00ebr emrat e t\u00eb arrestuarve \u00ebsht\u00eb edhe ai i 33-vje\u00e7arit me origjin\u00eb serbe, Sasha Vu\u00e7koviq. I arrestuar n\u00eb Zagreb, atij i jan\u00eb konfiskuar telefonat, nj\u00eb laptop dhe nj\u00eb makin\u00eb \u2018Skoda\u2019, ndon\u00ebse ai \u00ebsht\u00eb i njohur p\u00ebr publikun ballkanik p\u00ebr rr\u00ebmbimin e djalit t\u00eb nj\u00eb biznesmeni t\u00eb njohur n\u00eb Beograd n\u00eb vitin 2010. <\/span><\/p>\n<p><span style=\"color: #000000;\">Pasi u rr\u00ebmbye pran\u00eb sall\u00ebs s\u00eb sportit, skuadra e rr\u00ebmbimit prej shtat\u00eb personash k\u00ebrkoi nj\u00eb shp\u00ebrblim prej 150,000 eurosh. I riu s\u00eb bashku me t\u00eb dashur\u00ebn e tij ran\u00eb n\u00eb kurthin e organizuar nga Vu\u00e7kovi\u00e7 dhe e josh\u00ebn viktim\u00ebn n\u00eb nj\u00eb kurth. <\/span><\/p>\n<p><span style=\"color: #000000;\">Dy nga bashk\u00ebpun\u00ebtor\u00ebt e serbit u maskuan si oficer\u00eb policie dhe rr\u00ebmbyen t\u00eb riun i cili ishte mbyllur n\u00eb nj\u00eb bodrum. Nj\u00eb nga partner\u00ebt e biznesit t\u00eb Vukcovic (MM me inicialet e tij) p\u00ebrfundoi n\u00eb burg vite m\u00eb par\u00eb p\u00ebr organizimin e transportit t\u00eb 38 kilogram\u00ebve kokain\u00eb nga Peruja n\u00eb Kroaci midis 2005 dhe 2009.<\/span><\/p>\n<p><span style=\"color: #000000;\"><span style=\"color: #ff0000;\"><strong>VINI RE<\/strong><\/span>: Ky material \u00ebsht\u00eb pron\u00ebsi intelektuale e <span style=\"color: #0000ff;\"><a style=\"color: #0000ff;\" href=\"https:\/\/www.triesteprima.it\/cronaca\/cocaina-sequestro-trieste.html\">Triesteprima<\/a><\/span><\/span><\/p>\n<p><span style=\"color: #000000;\"><img loading=\"lazy\" decoding=\"async\" class=\"aligncenter size-full wp-image-530440\" src=\"https:\/\/www.hashtag.al\/wp-content\/uploads\/2022\/06\/image-3.jpg\" alt=\"\" width=\"1200\" height=\"800\" srcset=\"https:\/\/www.hashtag.al\/wp-content\/uploads\/2022\/06\/image-3.jpg 1200w, https:\/\/www.hashtag.al\/wp-content\/uploads\/2022\/06\/image-3-300x200.jpg 300w, https:\/\/www.hashtag.al\/wp-content\/uploads\/2022\/06\/image-3-1024x683.jpg 1024w, https:\/\/www.hashtag.al\/wp-content\/uploads\/2022\/06\/image-3-768x512.jpg 768w\" sizes=\"auto, (max-width: 1200px) 100vw, 1200px\" \/><\/span><\/p>\n","protected":false,"gt_translate_keys":[{"key":"rendered","format":"html"}]},"excerpt":{"rendered":"<p>Shum\u00eb prej t\u00eb arrestuarve gjat\u00eb operacionit t\u00eb r\u00ebnd\u00ebsish\u00ebm q\u00eb \u00e7oi n\u00eb sekuestrimin m\u00eb t\u00eb madh t\u00eb kokain\u00ebs t\u00eb kryer ndonj\u00ebher\u00eb n\u00eb Itali, kan\u00eb zgjedhur t\u00eb rr\u00ebfehen, duke u dh\u00ebn\u00eb hetuesve pista t\u00eb reja. Ka qen\u00eb kjo deklarata e Prokurori t\u00eb P\u00ebrgjithsh\u00ebm Rajonal, Antonio De Nicolo, i arritsh\u00ebm me telefon nga TriestePrima. Marrja n\u00eb pyetje po [&hellip;]<\/p>\n","protected":false,"gt_translate_keys":[{"key":"rendered","format":"html"}]},"author":51,"featured_media":530435,"comment_status":"closed","ping_status":"closed","sticky":false,"template":"","format":"standard","meta":{"footnotes":""},"categories":[22,6],"tags":[],"class_list":["post-530434","post","type-post","status-publish","format-standard","has-post-thumbnail","hentry","category-ballina","category-nderkombetare"],"gt_translate_keys":[{"key":"link","format":"url"}],"_links":{"self":[{"href":"https:\/\/www.hashtag.al\/index.php\/wp-json\/wp\/v2\/posts\/530434","targetHints":{"allow":["GET"]}}],"collection":[{"href":"https:\/\/www.hashtag.al\/index.php\/wp-json\/wp\/v2\/posts"}],"about":[{"href":"https:\/\/www.hashtag.al\/index.php\/wp-json\/wp\/v2\/types\/post"}],"author":[{"embeddable":true,"href":"https:\/\/www.hashtag.al\/index.php\/wp-json\/wp\/v2\/users\/51"}],"replies":[{"embeddable":true,"href":"https:\/\/www.hashtag.al\/index.php\/wp-json\/wp\/v2\/comments?post=530434"}],"version-history":[{"count":0,"href":"https:\/\/www.hashtag.al\/index.php\/wp-json\/wp\/v2\/posts\/530434\/revisions"}],"wp:featuredmedia":[{"embeddable":true,"href":"https:\/\/www.hashtag.al\/index.php\/wp-json\/wp\/v2\/media\/530435"}],"wp:attachment":[{"href":"https:\/\/www.hashtag.al\/index.php\/wp-json\/wp\/v2\/media?parent=530434"}],"wp:term":[{"taxonomy":"category","embeddable":true,"href":"https:\/\/www.hashtag.al\/index.php\/wp-json\/wp\/v2\/categories?post=530434"},{"taxonomy":"post_tag","embeddable":true,"href":"https:\/\/www.hashtag.al\/index.php\/wp-json\/wp\/v2\/tags?post=530434"}],"curies":[{"name":"wp","href":"https:\/\/api.w.org\/{rel}","templated":true}]}}