{"id":530408,"date":"2022-06-16T19:30:09","date_gmt":"2022-06-16T17:30:09","guid":{"rendered":"https:\/\/www.hashtag.al\/?p=530408"},"modified":"2022-06-16T19:30:09","modified_gmt":"2022-06-16T17:30:09","slug":"kadilli-berisha-e-sheh-pd-ne-si-projekt-individual-selia-blu-shihet-si-klubi-i-miqve-te-tij","status":"publish","type":"post","link":"https:\/\/www.hashtag.al\/index.php\/2022\/06\/16\/kadilli-berisha-e-sheh-pd-ne-si-projekt-individual-selia-blu-shihet-si-klubi-i-miqve-te-tij\/","title":{"rendered":"Kadilli: Berisha e sheh PD-n\u00eb si projekt individual, selia blu shihet si klubi i miqve t\u00eb tij","gt_translate_keys":[{"key":"rendered","format":"text"}]},"content":{"rendered":"<p><span style=\"color: #000000;\"><img loading=\"lazy\" decoding=\"async\" class=\"aligncenter size-full wp-image-471540\" src=\"https:\/\/www.hashtag.al\/wp-content\/uploads\/2021\/09\/kadilli.jpg\" alt=\"\" width=\"1085\" height=\"555\" srcset=\"https:\/\/www.hashtag.al\/wp-content\/uploads\/2021\/09\/kadilli.jpg 1085w, https:\/\/www.hashtag.al\/wp-content\/uploads\/2021\/09\/kadilli-300x153.jpg 300w, https:\/\/www.hashtag.al\/wp-content\/uploads\/2021\/09\/kadilli-768x393.jpg 768w, https:\/\/www.hashtag.al\/wp-content\/uploads\/2021\/09\/kadilli-1024x524.jpg 1024w, https:\/\/www.hashtag.al\/wp-content\/uploads\/2021\/09\/kadilli-568x290.jpg 568w\" sizes=\"auto, (max-width: 1085px) 100vw, 1085px\" \/><\/span><\/p>\n<p><span style=\"color: #000000;\">An\u00ebtari i PD-s\u00eb Fatbardh Kadilli ka deklaruar mbr\u00ebmjen e sotme se kreu i partis\u00eb Berisha ka projekt individual dhe e sheh PD-n\u00eb si vijim t\u00eb k\u00ebtij projekti. <\/span><\/p>\n<p><span style=\"color: #000000;\">Nj\u00eb nga kritik\u00ebt e z\u00ebsh\u00ebm t\u00eb ish-kreut Basha e kreut Berisha Kadilli tha se PD-ja shihet sot si klubi i miqve t\u00eb Berish\u00ebs e nuk duhet t\u00eb jet\u00eb e till\u00eb. <\/span><\/p>\n<p><span style=\"color: #000000;\">Po k\u00ebshtu ai theksoi se pala tjet\u00ebr q\u00eb e kund\u00ebshton Berish\u00ebn n\u00eb PD po b\u00ebn nj\u00eb politik\u00eb burokratike.<\/span><\/p>\n<p><span style=\"color: #000000;\"><em>\u201cBerisha ka projekt individual dhe e sheh partin\u00eb si nj\u00eb vazhdim t\u00eb t\u00eb projektit t\u00eb tij individual. Partia shihet si klubi i miqve t\u00eb Berish\u00ebs, partia nuk mund t\u00eb jet\u00eb e till\u00eb. As dashamir\u00ebs t\u00eb projektit t\u00eb Berish\u00ebs dhe pas situat\u00ebs s\u00eb izolimit t\u00eb tij \u00ebsht\u00eb e pamundur q\u00eb ky t\u00eb kthehet n\u00eb nj\u00eb projekt q\u00eb kap\u00ebrcen vetveten. Grupi i deputet\u00ebve rezistent b\u00ebn nj\u00eb politik\u00eb burokratike n\u00eb parlament. P\u00ebrball\u00eb nj\u00eb politike t\u00eb vjet\u00ebr t\u00eb Berish\u00ebs dhe p\u00ebrball\u00eb nj\u00eb jo politike pjesa tjet\u00ebr, demokrat\u00ebt zgjedhin at\u00eb politik\u00ebn q\u00eb jan\u00eb m\u00ebsuar p\u00ebrher\u00eb. T\u00eb jesh alternativ\u00eb duhet t\u00eb propozosh di\u00e7ka t\u00eb re.\u201d<\/em> &#8211; tha Kadilli.\u00a0<\/span><\/p>\n","protected":false,"gt_translate_keys":[{"key":"rendered","format":"html"}]},"excerpt":{"rendered":"<p>An\u00ebtari i PD-s\u00eb Fatbardh Kadilli ka deklaruar mbr\u00ebmjen e sotme se kreu i partis\u00eb Berisha ka projekt individual dhe e sheh PD-n\u00eb si vijim t\u00eb k\u00ebtij projekti. Nj\u00eb nga kritik\u00ebt e z\u00ebsh\u00ebm t\u00eb ish-kreut Basha e kreut Berisha Kadilli tha se PD-ja shihet sot si klubi i miqve t\u00eb Berish\u00ebs e nuk duhet t\u00eb jet\u00eb [&hellip;]<\/p>\n","protected":false,"gt_translate_keys":[{"key":"rendered","format":"html"}]},"author":51,"featured_media":471540,"comment_status":"closed","ping_status":"closed","sticky":false,"template":"","format":"standard","meta":{"footnotes":""},"categories":[65,13],"tags":[],"class_list":["post-530408","post","type-post","status-publish","format-standard","has-post-thumbnail","hentry","category-lajme","category-te-fundit"],"gt_translate_keys":[{"key":"link","format":"url"}],"_links":{"self":[{"href":"https:\/\/www.hashtag.al\/index.php\/wp-json\/wp\/v2\/posts\/530408","targetHints":{"allow":["GET"]}}],"collection":[{"href":"https:\/\/www.hashtag.al\/index.php\/wp-json\/wp\/v2\/posts"}],"about":[{"href":"https:\/\/www.hashtag.al\/index.php\/wp-json\/wp\/v2\/types\/post"}],"author":[{"embeddable":true,"href":"https:\/\/www.hashtag.al\/index.php\/wp-json\/wp\/v2\/users\/51"}],"replies":[{"embeddable":true,"href":"https:\/\/www.hashtag.al\/index.php\/wp-json\/wp\/v2\/comments?post=530408"}],"version-history":[{"count":0,"href":"https:\/\/www.hashtag.al\/index.php\/wp-json\/wp\/v2\/posts\/530408\/revisions"}],"wp:featuredmedia":[{"embeddable":true,"href":"https:\/\/www.hashtag.al\/index.php\/wp-json\/wp\/v2\/media\/471540"}],"wp:attachment":[{"href":"https:\/\/www.hashtag.al\/index.php\/wp-json\/wp\/v2\/media?parent=530408"}],"wp:term":[{"taxonomy":"category","embeddable":true,"href":"https:\/\/www.hashtag.al\/index.php\/wp-json\/wp\/v2\/categories?post=530408"},{"taxonomy":"post_tag","embeddable":true,"href":"https:\/\/www.hashtag.al\/index.php\/wp-json\/wp\/v2\/tags?post=530408"}],"curies":[{"name":"wp","href":"https:\/\/api.w.org\/{rel}","templated":true}]}}