{"id":530299,"date":"2022-06-16T11:53:09","date_gmt":"2022-06-16T09:53:09","guid":{"rendered":"https:\/\/www.hashtag.al\/?p=530299"},"modified":"2022-06-16T11:53:09","modified_gmt":"2022-06-16T09:53:09","slug":"edhe-meta-ne-forumin-ix-global-ne-azerbajxhan-mendimet-dhe-idete-e-shprehura-ketu-te-na-sherbejne","status":"publish","type":"post","link":"https:\/\/www.hashtag.al\/index.php\/2022\/06\/16\/edhe-meta-ne-forumin-ix-global-ne-azerbajxhan-mendimet-dhe-idete-e-shprehura-ketu-te-na-sherbejne\/","title":{"rendered":"Edhe Meta n\u00eb Forumin IX Global n\u00eb Azerbajxhan: Mendimet dhe idet\u00eb e shprehura k\u00ebtu, t\u00eb na sh\u00ebrbejn\u00eb","gt_translate_keys":[{"key":"rendered","format":"text"}]},"content":{"rendered":"<p><span style=\"color: #000000;\"><a href=\"https:\/\/www.hashtag.al\/wp-content\/uploads\/2022\/06\/Meta-2.jpg\"><img loading=\"lazy\" decoding=\"async\" class=\"aligncenter size-full wp-image-530300\" src=\"https:\/\/www.hashtag.al\/wp-content\/uploads\/2022\/06\/Meta-2.jpg\" alt=\"\" width=\"1600\" height=\"1200\" srcset=\"https:\/\/www.hashtag.al\/wp-content\/uploads\/2022\/06\/Meta-2.jpg 1600w, https:\/\/www.hashtag.al\/wp-content\/uploads\/2022\/06\/Meta-2-300x225.jpg 300w, https:\/\/www.hashtag.al\/wp-content\/uploads\/2022\/06\/Meta-2-1024x768.jpg 1024w, https:\/\/www.hashtag.al\/wp-content\/uploads\/2022\/06\/Meta-2-768x576.jpg 768w, https:\/\/www.hashtag.al\/wp-content\/uploads\/2022\/06\/Meta-2-1536x1152.jpg 1536w\" sizes=\"auto, (max-width: 1600px) 100vw, 1600px\" \/><\/a><\/span><\/p>\n<p><span style=\"color: #000000;\">Presidenti i vendit Ilir Meta gjithashtu po merr pjes\u00eb sot n\u00eb forumin IX Global t\u00eb Bakus\u00eb q\u00eb zhvillohet n\u00eb Azerbajxhan.<\/span><\/p>\n<p><span style=\"color: #000000;\">N\u00eb nj\u00eb postim n\u00eb rrjetet sociale, Meta shkruan se temat kryesore t\u00eb k\u00ebtij forumi do t\u00eb jet\u00eb pasojat e pushimit t\u00eb Ukrain\u00ebs nga Rusia dhe hapat q\u00eb duhen marr\u00eb pas pandemis\u00eb s\u00eb COVID-19.<\/span><\/p>\n<p><em><span style=\"color: #000000;\">\u201cK\u00ebnaq\u00ebsi t\u00eb marr pjes\u00eb dhe t\u00eb p\u00ebrsh\u00ebndes sot Forumin IX Global t\u00eb Bakus\u00eb \u2018Rezistenca globale, bashk\u00ebpunimi global\u2019, platform\u00eb unike e personaliteteve t\u00eb dalluara nga t\u00eb gjith\u00eb sektor\u00ebt e qeverisjes, jet\u00ebs politike dhe shoq\u00ebrore n\u00eb bot\u00eb, t\u00eb organizuar nga Qendra Nd\u00ebrkomb\u00ebtare \u2018Nizami Ganjavi\u2019.<\/span><\/em><\/p>\n<p><em><span style=\"color: #000000;\">Pasojat e pushtimit t\u00eb paprovokuar dhe t\u00eb pajustifikuar t\u00eb Ukrain\u00ebs nga Rusia, si dhe hapat q\u00eb duhen nd\u00ebrmarr\u00eb n\u00eb nj\u00eb epok\u00eb pas pandemis\u00eb COVID-19 do t\u00eb jen\u00eb temat kryesore t\u00eb k\u00ebtij forumi t\u00eb r\u00ebnd\u00ebsish\u00ebm, t\u00eb cilit i uroj rezultate t\u00eb frytshme, si dhe q\u00eb t\u00eb gjitha mendimet dhe idet\u00eb e shprehura k\u00ebtu, t\u00eb na sh\u00ebrbejn\u00eb p\u00ebr t\u00eb r\u00ebn\u00eb dakord, n\u00ebp\u00ebrmjet angazhimeve konkrete p\u00ebr t\u00eb garantuar nj\u00eb t\u00eb ardhme sa m\u00eb t\u00eb mir\u00eb p\u00ebr vendet tona.\u201d- <\/span><\/em><span style=\"color: #000000;\">shkruan Meta.<\/span><\/p>\n<p><span style=\"color: #000000;\">Kujtojm\u00eb se pjes\u00eb e k\u00ebtij forumi \u00ebsht\u00eb edhe ish-kryeministri Sali Berisha. Kjo \u00ebsht\u00eb vizita e tij e par\u00eb jasht\u00eb shtetit, q\u00eb pas marrjes s\u00eb detyr\u00ebs s\u00eb kryetarit t\u00eb PD-s\u00eb.<\/span><\/p>\n<p><span style=\"color: #000000;\">Berisha e konsideroi k\u00ebt\u00eb forum si nj\u00eb mund\u00ebsi p\u00ebr t\u00eb shprehur q\u00ebndrimin e Partis\u00eb Demokratike p\u00ebr zhvillimet n\u00eb vend, rajon dhe Europ\u00eb.<\/span><\/p>\n<p><a href=\"https:\/\/www.hashtag.al\/wp-content\/uploads\/2022\/06\/bbbb.jpg\"><img loading=\"lazy\" decoding=\"async\" class=\"aligncenter size-full wp-image-530267\" src=\"https:\/\/www.hashtag.al\/wp-content\/uploads\/2022\/06\/bbbb.jpg\" alt=\"\" width=\"676\" height=\"436\" srcset=\"https:\/\/www.hashtag.al\/wp-content\/uploads\/2022\/06\/bbbb.jpg 676w, https:\/\/www.hashtag.al\/wp-content\/uploads\/2022\/06\/bbbb-300x193.jpg 300w\" sizes=\"auto, (max-width: 676px) 100vw, 676px\" \/><\/a><\/p>\n","protected":false,"gt_translate_keys":[{"key":"rendered","format":"html"}]},"excerpt":{"rendered":"<p>Presidenti i vendit Ilir Meta gjithashtu po merr pjes\u00eb sot n\u00eb forumin IX Global t\u00eb Bakus\u00eb q\u00eb zhvillohet n\u00eb Azerbajxhan. N\u00eb nj\u00eb postim n\u00eb rrjetet sociale, Meta shkruan se temat kryesore t\u00eb k\u00ebtij forumi do t\u00eb jet\u00eb pasojat e pushimit t\u00eb Ukrain\u00ebs nga Rusia dhe hapat q\u00eb duhen marr\u00eb pas pandemis\u00eb s\u00eb COVID-19. \u201cK\u00ebnaq\u00ebsi t\u00eb [&hellip;]<\/p>\n","protected":false,"gt_translate_keys":[{"key":"rendered","format":"html"}]},"author":30,"featured_media":530300,"comment_status":"closed","ping_status":"closed","sticky":false,"template":"","format":"standard","meta":{"footnotes":""},"categories":[65,13],"tags":[],"class_list":["post-530299","post","type-post","status-publish","format-standard","has-post-thumbnail","hentry","category-lajme","category-te-fundit"],"gt_translate_keys":[{"key":"link","format":"url"}],"_links":{"self":[{"href":"https:\/\/www.hashtag.al\/index.php\/wp-json\/wp\/v2\/posts\/530299","targetHints":{"allow":["GET"]}}],"collection":[{"href":"https:\/\/www.hashtag.al\/index.php\/wp-json\/wp\/v2\/posts"}],"about":[{"href":"https:\/\/www.hashtag.al\/index.php\/wp-json\/wp\/v2\/types\/post"}],"author":[{"embeddable":true,"href":"https:\/\/www.hashtag.al\/index.php\/wp-json\/wp\/v2\/users\/30"}],"replies":[{"embeddable":true,"href":"https:\/\/www.hashtag.al\/index.php\/wp-json\/wp\/v2\/comments?post=530299"}],"version-history":[{"count":0,"href":"https:\/\/www.hashtag.al\/index.php\/wp-json\/wp\/v2\/posts\/530299\/revisions"}],"wp:featuredmedia":[{"embeddable":true,"href":"https:\/\/www.hashtag.al\/index.php\/wp-json\/wp\/v2\/media\/530300"}],"wp:attachment":[{"href":"https:\/\/www.hashtag.al\/index.php\/wp-json\/wp\/v2\/media?parent=530299"}],"wp:term":[{"taxonomy":"category","embeddable":true,"href":"https:\/\/www.hashtag.al\/index.php\/wp-json\/wp\/v2\/categories?post=530299"},{"taxonomy":"post_tag","embeddable":true,"href":"https:\/\/www.hashtag.al\/index.php\/wp-json\/wp\/v2\/tags?post=530299"}],"curies":[{"name":"wp","href":"https:\/\/api.w.org\/{rel}","templated":true}]}}