{"id":530231,"date":"2022-06-15T23:56:16","date_gmt":"2022-06-15T21:56:16","guid":{"rendered":"https:\/\/www.hashtag.al\/?p=530231"},"modified":"2022-06-15T23:57:04","modified_gmt":"2022-06-15T21:57:04","slug":"chelsea-refuzon-oferten-e-pare-te-interit-per-lukakun","status":"publish","type":"post","link":"https:\/\/www.hashtag.al\/index.php\/2022\/06\/15\/chelsea-refuzon-oferten-e-pare-te-interit-per-lukakun\/","title":{"rendered":"Chelsea refuzon ofert\u00ebn e par\u00eb t\u00eb Interit p\u00ebr Lukakun","gt_translate_keys":[{"key":"rendered","format":"text"}]},"content":{"rendered":"<p style=\"text-align: justify;\"><span style=\"color: #000000;\"><img loading=\"lazy\" decoding=\"async\" class=\"aligncenter size-full wp-image-517186\" src=\"https:\/\/www.hashtag.al\/wp-content\/uploads\/2022\/04\/lukaku-chelsea.jpg\" alt=\"\" width=\"1200\" height=\"630\" srcset=\"https:\/\/www.hashtag.al\/wp-content\/uploads\/2022\/04\/lukaku-chelsea.jpg 1200w, https:\/\/www.hashtag.al\/wp-content\/uploads\/2022\/04\/lukaku-chelsea-300x158.jpg 300w, https:\/\/www.hashtag.al\/wp-content\/uploads\/2022\/04\/lukaku-chelsea-1024x538.jpg 1024w, https:\/\/www.hashtag.al\/wp-content\/uploads\/2022\/04\/lukaku-chelsea-768x403.jpg 768w\" sizes=\"auto, (max-width: 1200px) 100vw, 1200px\" \/><\/span><\/p>\n<p style=\"text-align: justify;\"><span style=\"color: #000000;\">Gjat\u00eb dit\u00ebs s\u00eb sotme, Interi ka b\u00ebr\u00eb nj\u00eb ofert\u00eb hap\u00ebse p\u00ebr Romelu Lukakun.<\/span><\/p>\n<p style=\"text-align: justify;\"><span style=\"color: #000000;\">Ajo ofert\u00eb p\u00ebrfshinte pes\u00eb milion\u00eb euro p\u00ebr huazim deri n\u00eb fund t\u00eb edicionit t\u00eb ardhsh\u00ebm.<\/span><\/p>\n<p style=\"text-align: justify;\"><span style=\"color: #000000;\">Chelsea e ka refuzuar k\u00ebt\u00eb ofert\u00eb, nd\u00ebrsa zikaltrit po presin p\u00ebr nj\u00eb caktim t\u00eb \u00e7mimit nga londinez\u00ebt.<\/span><\/p>\n<p style=\"text-align: justify;\"><span style=\"color: #000000;\">Negociatat do t\u00eb vazhdojn\u00eb k\u00ebt\u00eb jav\u00eb, nd\u00ebrsa Lukaku i ka th\u00ebn\u00eb Boehlyt dhe Tuchelit se e d\u00ebshiron vet\u00ebm Interin.<\/span><\/p>\n<p style=\"text-align: justify;\"><span style=\"color: #000000;\">Sulmuesi i Belgjik\u00ebs u shit nga Interi te Chelsea ver\u00ebn e kaluar p\u00ebr 113 milion\u00eb euro.\u00a0<\/span><\/p>\n","protected":false,"gt_translate_keys":[{"key":"rendered","format":"html"}]},"excerpt":{"rendered":"<p>Gjat\u00eb dit\u00ebs s\u00eb sotme, Interi ka b\u00ebr\u00eb nj\u00eb ofert\u00eb hap\u00ebse p\u00ebr Romelu Lukakun. Ajo ofert\u00eb p\u00ebrfshinte pes\u00eb milion\u00eb euro p\u00ebr huazim deri n\u00eb fund t\u00eb edicionit t\u00eb ardhsh\u00ebm. Chelsea e ka refuzuar k\u00ebt\u00eb ofert\u00eb, nd\u00ebrsa zikaltrit po presin p\u00ebr nj\u00eb caktim t\u00eb \u00e7mimit nga londinez\u00ebt. Negociatat do t\u00eb vazhdojn\u00eb k\u00ebt\u00eb jav\u00eb, nd\u00ebrsa Lukaku i ka [&hellip;]<\/p>\n","protected":false,"gt_translate_keys":[{"key":"rendered","format":"html"}]},"author":32,"featured_media":517186,"comment_status":"closed","ping_status":"closed","sticky":false,"template":"","format":"standard","meta":{"footnotes":""},"categories":[134,13],"tags":[],"class_list":["post-530231","post","type-post","status-publish","format-standard","has-post-thumbnail","hentry","category-sport","category-te-fundit"],"gt_translate_keys":[{"key":"link","format":"url"}],"_links":{"self":[{"href":"https:\/\/www.hashtag.al\/index.php\/wp-json\/wp\/v2\/posts\/530231","targetHints":{"allow":["GET"]}}],"collection":[{"href":"https:\/\/www.hashtag.al\/index.php\/wp-json\/wp\/v2\/posts"}],"about":[{"href":"https:\/\/www.hashtag.al\/index.php\/wp-json\/wp\/v2\/types\/post"}],"author":[{"embeddable":true,"href":"https:\/\/www.hashtag.al\/index.php\/wp-json\/wp\/v2\/users\/32"}],"replies":[{"embeddable":true,"href":"https:\/\/www.hashtag.al\/index.php\/wp-json\/wp\/v2\/comments?post=530231"}],"version-history":[{"count":0,"href":"https:\/\/www.hashtag.al\/index.php\/wp-json\/wp\/v2\/posts\/530231\/revisions"}],"wp:featuredmedia":[{"embeddable":true,"href":"https:\/\/www.hashtag.al\/index.php\/wp-json\/wp\/v2\/media\/517186"}],"wp:attachment":[{"href":"https:\/\/www.hashtag.al\/index.php\/wp-json\/wp\/v2\/media?parent=530231"}],"wp:term":[{"taxonomy":"category","embeddable":true,"href":"https:\/\/www.hashtag.al\/index.php\/wp-json\/wp\/v2\/categories?post=530231"},{"taxonomy":"post_tag","embeddable":true,"href":"https:\/\/www.hashtag.al\/index.php\/wp-json\/wp\/v2\/tags?post=530231"}],"curies":[{"name":"wp","href":"https:\/\/api.w.org\/{rel}","templated":true}]}}