{"id":530139,"date":"2022-06-15T16:28:58","date_gmt":"2022-06-15T14:28:58","guid":{"rendered":"https:\/\/www.hashtag.al\/?p=530139"},"modified":"2022-06-15T16:28:58","modified_gmt":"2022-06-15T14:28:58","slug":"gledis-nano-pritet-ne-athine-nga-homologu-grek-te-vendosur-per-te-bashkepunuar","status":"publish","type":"post","link":"https:\/\/www.hashtag.al\/index.php\/2022\/06\/15\/gledis-nano-pritet-ne-athine-nga-homologu-grek-te-vendosur-per-te-bashkepunuar\/","title":{"rendered":"Gledis Nano pritet n\u00eb Athin\u00eb nga homologu grek: T\u00eb vendosur p\u00ebr t\u00eb bashk\u00ebpunuar","gt_translate_keys":[{"key":"rendered","format":"text"}]},"content":{"rendered":"<p><span style=\"color: #000000;\"><a href=\"https:\/\/www.hashtag.al\/wp-content\/uploads\/2022\/06\/Nano.jpg\"><img loading=\"lazy\" decoding=\"async\" class=\"aligncenter size-full wp-image-530140\" src=\"https:\/\/www.hashtag.al\/wp-content\/uploads\/2022\/06\/Nano.jpg\" alt=\"\" width=\"838\" height=\"349\" srcset=\"https:\/\/www.hashtag.al\/wp-content\/uploads\/2022\/06\/Nano.jpg 838w, https:\/\/www.hashtag.al\/wp-content\/uploads\/2022\/06\/Nano-300x125.jpg 300w, https:\/\/www.hashtag.al\/wp-content\/uploads\/2022\/06\/Nano-768x320.jpg 768w\" sizes=\"auto, (max-width: 838px) 100vw, 838px\" \/><\/a><\/span><\/p>\n<p><span style=\"color: #000000;\">Drejtori i P\u00ebrgjithsh\u00ebm i Policis\u00eb s\u00eb Shtetit Gledis Nano ndodhet n\u00eb nj\u00eb vizit\u00eb pune n\u00eb Athin\u00eb. Lajmi \u00ebsht\u00eb konfirmuar p\u00ebrmes nj\u00eb njoftimi p\u00ebr mediet nga Policia e Shtetit.<\/span><\/p>\n<p><span style=\"color: #000000;\">N\u00eb kryeqytetin grek, Nano \u00ebsht\u00eb takuar me homologun e tij atje, Konstantinos Skoumas. Dy krer\u00ebt e Policive fol\u00ebn p\u00ebr nevoj\u00ebn e forcimit t\u00eb kuadrit t\u00eb p\u00ebrbashk\u00ebt strategjik n\u00eb luft\u00ebn kund\u00ebr krimit.<\/span><\/p>\n<p><em><span style=\"color: #000000;\">\u201cDrejtor Nano u prit n\u00eb nj\u00eb takim miq\u00ebsor nga homologu i tij, Drejtori i P\u00ebrgjithsh\u00ebm i Policis\u00eb greke Gjeneral Lieutenant Konstantinos Skoumas.<\/span><\/em><\/p>\n<p><span style=\"color: #000000;\"><em>Gjat\u00eb takimit, Nano dhe Skoumas diskutuan \u00e7\u00ebshtje me interes m\u00eb t\u00eb gjer\u00eb policor, duke theksuar nevoj\u00ebn p\u00ebr forcimin e kuadrit t\u00eb p\u00ebrbashk\u00ebt strategjik p\u00ebr luft\u00ebn kund\u00ebr krimeve t\u00eb r\u00ebnda, krimit t\u00eb organizuar, trafikut t\u00eb drog\u00ebs, emigracionit t\u00eb paligjsh\u00ebm, si dhe p\u00ebr hetimin e rasteve t\u00eb vrasjeve.\u201d<\/em>&#8211; thuhet n\u00eb njoftimin e Policis\u00eb.<\/span><\/p>\n<p><span style=\"color: #000000;\">Gjithashtu, gjat\u00eb takimit, nga t\u00eb dy drejtor\u00ebt e p\u00ebrgjithsh\u00ebm u shpreh vullneti i nd\u00ebrsjell\u00eb p\u00ebr ngritjen e nivelit t\u00eb bashk\u00ebpunimit mes dy vendeve, n\u00eb \u00e7\u00ebshtjet e siguris\u00eb, bashk\u00ebpunimit policor, shk\u00ebmbimit t\u00eb informacionit dhe realizimit t\u00eb trajnimeve t\u00eb p\u00ebrbashk\u00ebta.<\/span><\/p>\n<p><em><span style=\"color: #000000;\">\u201cDrejtor Nano ka theksuar se Policia shqiptare \u00ebsht\u00eb e mirorientuar dhe e vendosur p\u00ebr t\u00eb bashk\u00ebpunuar me partner\u00ebt, n\u00eb ve\u00e7anti me vendet fqinje, p\u00ebr t\u00eb rritur forc\u00ebn parandaluese dhe godit\u00ebse ndaj krimit t\u00eb organizuar dhe krimeve nd\u00ebrkufitare.<\/span><\/em><\/p>\n<p><span style=\"color: #000000;\"><em>N\u00eb k\u00ebt\u00eb takim mor\u00ebn pjes\u00eb Drejtori i Drejtoris\u00eb s\u00eb Menaxhimit dhe Analiz\u00ebs s\u00eb Informacionit, Gjeneral Major Nikolaos Tsetsikas, Drejtori i Drejtoris\u00eb s\u00eb Bashk\u00ebpunimit Nd\u00ebrkomb\u00ebtar Policor Kolonel Ioannis Stavrakakis, shefi i Shtabit, z\u00ebvend\u00ebsshefi i Shtabit, nd\u00ebrsa nga Policia shqiptare mor\u00ebn pjes\u00eb Drejtori i Departamentit p\u00ebr Marr\u00ebdh\u00ebniet Nd\u00ebrkomb\u00ebtare, z. P\u00ebllumb Seferi, Drejtori i Kabinetit t\u00eb Drejtorit t\u00eb P\u00ebrgjithsh\u00ebm, z. Kastriot Sk\u00ebnderaj dhe oficerja e kontaktit t\u00eb Policis\u00eb shqiptare n\u00eb Athin\u00eb, znj. Eva Kollobani.\u201d<\/em>&#8211; thuhet n\u00eb njoftim.<\/span><\/p>\n","protected":false,"gt_translate_keys":[{"key":"rendered","format":"html"}]},"excerpt":{"rendered":"<p>Drejtori i P\u00ebrgjithsh\u00ebm i Policis\u00eb s\u00eb Shtetit Gledis Nano ndodhet n\u00eb nj\u00eb vizit\u00eb pune n\u00eb Athin\u00eb. Lajmi \u00ebsht\u00eb konfirmuar p\u00ebrmes nj\u00eb njoftimi p\u00ebr mediet nga Policia e Shtetit. N\u00eb kryeqytetin grek, Nano \u00ebsht\u00eb takuar me homologun e tij atje, Konstantinos Skoumas. Dy krer\u00ebt e Policive fol\u00ebn p\u00ebr nevoj\u00ebn e forcimit t\u00eb kuadrit t\u00eb p\u00ebrbashk\u00ebt strategjik [&hellip;]<\/p>\n","protected":false,"gt_translate_keys":[{"key":"rendered","format":"html"}]},"author":30,"featured_media":530140,"comment_status":"closed","ping_status":"closed","sticky":false,"template":"","format":"standard","meta":{"footnotes":""},"categories":[65,13],"tags":[],"class_list":["post-530139","post","type-post","status-publish","format-standard","has-post-thumbnail","hentry","category-lajme","category-te-fundit"],"gt_translate_keys":[{"key":"link","format":"url"}],"_links":{"self":[{"href":"https:\/\/www.hashtag.al\/index.php\/wp-json\/wp\/v2\/posts\/530139","targetHints":{"allow":["GET"]}}],"collection":[{"href":"https:\/\/www.hashtag.al\/index.php\/wp-json\/wp\/v2\/posts"}],"about":[{"href":"https:\/\/www.hashtag.al\/index.php\/wp-json\/wp\/v2\/types\/post"}],"author":[{"embeddable":true,"href":"https:\/\/www.hashtag.al\/index.php\/wp-json\/wp\/v2\/users\/30"}],"replies":[{"embeddable":true,"href":"https:\/\/www.hashtag.al\/index.php\/wp-json\/wp\/v2\/comments?post=530139"}],"version-history":[{"count":0,"href":"https:\/\/www.hashtag.al\/index.php\/wp-json\/wp\/v2\/posts\/530139\/revisions"}],"wp:featuredmedia":[{"embeddable":true,"href":"https:\/\/www.hashtag.al\/index.php\/wp-json\/wp\/v2\/media\/530140"}],"wp:attachment":[{"href":"https:\/\/www.hashtag.al\/index.php\/wp-json\/wp\/v2\/media?parent=530139"}],"wp:term":[{"taxonomy":"category","embeddable":true,"href":"https:\/\/www.hashtag.al\/index.php\/wp-json\/wp\/v2\/categories?post=530139"},{"taxonomy":"post_tag","embeddable":true,"href":"https:\/\/www.hashtag.al\/index.php\/wp-json\/wp\/v2\/tags?post=530139"}],"curies":[{"name":"wp","href":"https:\/\/api.w.org\/{rel}","templated":true}]}}