{"id":529833,"date":"2022-06-14T09:58:07","date_gmt":"2022-06-14T07:58:07","guid":{"rendered":"https:\/\/www.hashtag.al\/?p=529833"},"modified":"2022-06-14T10:01:54","modified_gmt":"2022-06-14T08:01:54","slug":"ekzekutimi-i-santiago-malkos-denohet-me-25-vite-burg-blendi-teta","status":"publish","type":"post","link":"https:\/\/www.hashtag.al\/index.php\/2022\/06\/14\/ekzekutimi-i-santiago-malkos-denohet-me-25-vite-burg-blendi-teta\/","title":{"rendered":"Ekzekutimi i Santiago Malkos, d\u00ebnohet me 25 vite burg Blendi Teta","gt_translate_keys":[{"key":"rendered","format":"text"}]},"content":{"rendered":"<p><span style=\"color: #000000;\"><img loading=\"lazy\" decoding=\"async\" class=\"aligncenter size-full wp-image-529834\" src=\"https:\/\/www.hashtag.al\/wp-content\/uploads\/2022\/06\/teta.jpg\" alt=\"\" width=\"600\" height=\"360\" srcset=\"https:\/\/www.hashtag.al\/wp-content\/uploads\/2022\/06\/teta.jpg 600w, https:\/\/www.hashtag.al\/wp-content\/uploads\/2022\/06\/teta-300x180.jpg 300w\" sizes=\"auto, (max-width: 600px) 100vw, 600px\" \/><\/span><\/p>\n<p><span style=\"color: #000000;\">Me 25 vite burg \u00ebsht\u00eb d\u00ebnuar Blendi Teta lidhur me vrasjen e Santiago Malkos.<\/span><\/p>\n<p><span style=\"color: #000000;\"> Teta u gjet fajtor p\u00ebr akuz\u00ebn se kishte v\u00ebzhguar l\u00ebvizjet e Malkos para se ai t\u00eb q\u00ebllohej p\u00ebr vdekje brenda mjetit n\u00eb rrug\u00ebn \u2018Xhanfize Keko\u2019 n\u00eb Tiran\u00eb.<\/span><\/p>\n<p><span style=\"color: #000000;\"> Ngjarja e r\u00ebnd\u00eb ndodhi m\u00eb 27 gusht 2019 nd\u00ebrsa dyshohet se plani u thur n\u00eb nj\u00eb lokal n\u00eb zon\u00ebne\u00a0 Freskut n\u00eb Tiran\u00eb. <\/span><\/p>\n<p><span style=\"color: #000000;\">Sipas prokuroris\u00eb, Teta ka qen\u00eb pjes\u00eb e grupit prej tet\u00eb personash q\u00eb planifikoi vrasjen\u00a0 e ish-efektivit t\u00eb policis\u00eb.<\/span><\/p>\n<p><span style=\"color: #000000;\"><strong>Dinamika e ngjarjes<\/strong><\/span><\/p>\n<p><span style=\"color: #000000;\">Nga hetimet rezulton se Blendi Teta dhe shtat\u00eb persona kan\u00eb darkuar s\u00eb bashku n\u00eb ambientet sekrete n\u00eb lokal. Nj\u00eb moment, nj\u00ebri nga personat u ka th\u00ebn\u00eb: \u201c\u00c7ohuni cuna se kemi pun\u00eb\u201d. T\u00eb gjith\u00eb m\u00ebsohet t\u00eb ken\u00eb dal\u00eb dhe jan\u00eb ngjitur n\u00eb dy automjete: e para tip Volkswagen Golf 5, ngjyr\u00eb gri; dhe e dyta, tip Skoda Roomster, q\u00eb u gjet e fshehur n\u00eb nj\u00eb parkim pran\u00eb drejtoris\u00eb s\u00eb ish-pyjores n\u00eb rrug\u00ebn \u2018Dalip Topi\u2019.<\/span><\/p>\n<p><span style=\"color: #000000;\">N\u00eb vendin e par\u00eb t\u00eb mjetit tip Skoda \u00ebsht\u00eb ulur Blendi Teta. Automjeti ka l\u00ebvizur nga Fresku t\u00eb IKV, te Komisariati i Qarkullimit, ka dal\u00eb n\u00eb rrug\u00ebn Myslym Keta dhe m\u00eb pas ka marr\u00eb drejtimin te Komisariati nr.4. Aty ka mb\u00ebrritur edhe automjeti tip Volkswagen Golf. N\u00eb pak minuta, automjetet kan\u00eb ecur n\u00eb drejtim t\u00eb kryq\u00ebzimit t\u00eb Alliasit, m\u00eb pas kan\u00eb vazhduar l\u00ebvizjen n\u00eb n\u00eb rrug\u00ebn ngjitur me murin e shkoll\u00ebs s\u00eb Bashkuar n\u00eb drejtim t\u00eb Oxhakut. Aty jan\u00eb kthyer djathtas n\u00eb rrug\u00ebn Kongresi i Manastirit n\u00eb drejtim t\u00eb SHISH.<\/span><\/p>\n<p><span style=\"color: #000000;\">L\u00ebvizjet e automjeteve jan\u00eb fokusuar n\u00eb pjes\u00ebn m\u00eb t\u00eb madhe nga kamerat e siguris\u00eb s\u00eb bizneseve t\u00eb ndryshme. N\u00eb dosje thuhej se kur Skoda ndodhej tek spitali nr.5, nj\u00ebri nga personat n\u00eb makin\u00eb, i ka k\u00ebrkuar shoferit t\u00eb ndryshoj\u00eb drejtimin e l\u00ebvizjes, duke i th\u00ebn\u00eb: \u201ckthehu, ka parkuar t\u00eb kazan\u00ebt\u201d. N\u00eb rrug\u00ebn &#8216;Xhanfize Keko&#8217; ata kan\u00eb konstatuar automjetin tip BMW X5.<\/span><\/p>\n<p><span style=\"color: #000000;\">Referuar d\u00ebshmis\u00eb dh\u00ebn\u00eb para oficer\u00ebve, Blendi Teta n\u00eb k\u00ebt\u00eb moment \u00ebsht\u00eb larguar, sepse sipas tij ka kuptuar se di\u00e7ka e keqe do ndodhte. Ai pretendon se ka shkuar n\u00eb k\u00ebmb\u00eb t\u00eb spitali i f\u00ebmij\u00ebve dhe pasi ka bler\u00eb nj\u00eb uj\u00eb, ka marr\u00eb taksi dhe \u00ebsht\u00eb larguar p\u00ebr n\u00eb \u2018Don Bosko\u2019 te bashk\u00ebjetuesja e tij.<\/span><\/p>\n<p><span style=\"color: #000000;\">15 minuta m\u00eb von\u00eb, ai ka par\u00eb n\u00eb lajme se ishte b\u00ebr\u00eb nj\u00eb atentat ndaj nj\u00eb makine BMW X5 dhe nj\u00eb person kishte mbetur i vdekur. N\u00eb k\u00ebt\u00eb momente ka shfaqur frik\u00eb, pasi ka patur dyshime se krimin e kan\u00eb kryer personat q\u00eb ishte shoq\u00ebruar at\u00eb mbr\u00ebmje. Pas k\u00ebsaj ai ka mbajtur kontakte vet\u00ebm me bashk\u00ebjetuesen e tij, n\u00eb sht\u00ebpin\u00eb e s\u00eb cil\u00ebs e ka pritur edhe policia.<\/span><\/p>\n<p><span style=\"color: #000000;\">Blendi Teta ka mohuar t\u00eb ishte n\u00eb dijeni t\u00eb planit p\u00ebr vrasjen e Santjago Malkos, por pranon se me personat q\u00eb darkoi pik\u00ebrisht at\u00eb nat\u00eb ka lidhje shoq\u00ebrore.<\/span><\/p>\n","protected":false,"gt_translate_keys":[{"key":"rendered","format":"html"}]},"excerpt":{"rendered":"<p>Me 25 vite burg \u00ebsht\u00eb d\u00ebnuar Blendi Teta lidhur me vrasjen e Santiago Malkos. Teta u gjet fajtor p\u00ebr akuz\u00ebn se kishte v\u00ebzhguar l\u00ebvizjet e Malkos para se ai t\u00eb q\u00ebllohej p\u00ebr vdekje brenda mjetit n\u00eb rrug\u00ebn \u2018Xhanfize Keko\u2019 n\u00eb Tiran\u00eb. Ngjarja e r\u00ebnd\u00eb ndodhi m\u00eb 27 gusht 2019 nd\u00ebrsa dyshohet se plani u thur [&hellip;]<\/p>\n","protected":false,"gt_translate_keys":[{"key":"rendered","format":"html"}]},"author":51,"featured_media":529834,"comment_status":"closed","ping_status":"closed","sticky":false,"template":"","format":"standard","meta":{"footnotes":""},"categories":[65,13],"tags":[],"class_list":["post-529833","post","type-post","status-publish","format-standard","has-post-thumbnail","hentry","category-lajme","category-te-fundit"],"gt_translate_keys":[{"key":"link","format":"url"}],"_links":{"self":[{"href":"https:\/\/www.hashtag.al\/index.php\/wp-json\/wp\/v2\/posts\/529833","targetHints":{"allow":["GET"]}}],"collection":[{"href":"https:\/\/www.hashtag.al\/index.php\/wp-json\/wp\/v2\/posts"}],"about":[{"href":"https:\/\/www.hashtag.al\/index.php\/wp-json\/wp\/v2\/types\/post"}],"author":[{"embeddable":true,"href":"https:\/\/www.hashtag.al\/index.php\/wp-json\/wp\/v2\/users\/51"}],"replies":[{"embeddable":true,"href":"https:\/\/www.hashtag.al\/index.php\/wp-json\/wp\/v2\/comments?post=529833"}],"version-history":[{"count":0,"href":"https:\/\/www.hashtag.al\/index.php\/wp-json\/wp\/v2\/posts\/529833\/revisions"}],"wp:featuredmedia":[{"embeddable":true,"href":"https:\/\/www.hashtag.al\/index.php\/wp-json\/wp\/v2\/media\/529834"}],"wp:attachment":[{"href":"https:\/\/www.hashtag.al\/index.php\/wp-json\/wp\/v2\/media?parent=529833"}],"wp:term":[{"taxonomy":"category","embeddable":true,"href":"https:\/\/www.hashtag.al\/index.php\/wp-json\/wp\/v2\/categories?post=529833"},{"taxonomy":"post_tag","embeddable":true,"href":"https:\/\/www.hashtag.al\/index.php\/wp-json\/wp\/v2\/tags?post=529833"}],"curies":[{"name":"wp","href":"https:\/\/api.w.org\/{rel}","templated":true}]}}