{"id":529398,"date":"2022-06-11T22:02:29","date_gmt":"2022-06-11T20:02:29","guid":{"rendered":"https:\/\/www.hashtag.al\/?p=529398"},"modified":"2022-06-11T22:02:29","modified_gmt":"2022-06-11T20:02:29","slug":"ukraina-ka-nevoje-per-reforma-be","status":"publish","type":"post","link":"https:\/\/www.hashtag.al\/index.php\/2022\/06\/11\/ukraina-ka-nevoje-per-reforma-be\/","title":{"rendered":"Ukraina ka nevoj\u00eb p\u00ebr reforma &#8211; BE","gt_translate_keys":[{"key":"rendered","format":"text"}]},"content":{"rendered":"<p><span style=\"color: #000000;\"><img loading=\"lazy\" decoding=\"async\" class=\"aligncenter size-full wp-image-529399\" src=\"https:\/\/www.hashtag.al\/wp-content\/uploads\/2022\/06\/zelenskyderleyen.jpg\" alt=\"\" width=\"768\" height=\"432\" srcset=\"https:\/\/www.hashtag.al\/wp-content\/uploads\/2022\/06\/zelenskyderleyen.jpg 768w, https:\/\/www.hashtag.al\/wp-content\/uploads\/2022\/06\/zelenskyderleyen-300x169.jpg 300w\" sizes=\"auto, (max-width: 768px) 100vw, 768px\" \/><\/span><\/p>\n<p><span style=\"color: #000000;\">Kievi ka p\u00ebrparuar n\u00eb \u2018rrug\u00ebn e tij evropiane\u2019, por duhet t\u00eb b\u00ebj\u00eb m\u00eb shum\u00eb, tha t\u00eb shtun\u00ebn presidentja e Komisionit Evropian Ursula von der Leyen gjat\u00eb nj\u00eb vizite t\u00eb papritur n\u00eb Ukrain\u00eb.<\/span><\/p>\n<p><span style=\"color: #000000;\">Ukraina paraqiti k\u00ebrkes\u00ebn e saj zyrtare p\u00ebr an\u00ebtar\u00ebsim n\u00eb BE m\u00eb 28 shkurt, kat\u00ebr dit\u00eb pasi Rusia filloi operacionin e saj ushtarak n\u00eb vend. <\/span><\/p>\n<p><span style=\"color: #000000;\">Udh\u00ebheq\u00ebsit e BE-s\u00eb pritet t\u00eb japin nj\u00eb opinion zyrtar gjat\u00eb samitit t\u00eb bllokut m\u00eb 23-24 qershor n\u00ebse Kievit do &#8216;i jepet statusi i kandidatit. P\u00ebr k\u00ebt\u00eb k\u00ebrkohet mb\u00ebshtetja nj\u00ebz\u00ebri e 27 vendeve an\u00ebtare.<\/span><\/p>\n<p><span style=\"color: #000000;\">Duke folur n\u00eb nj\u00eb konferenc\u00eb p\u00ebr shtyp me presidentin ukrainas Volodymyr Zelensky n\u00eb mes t\u00eb ofensiv\u00ebs s\u00eb vazhdueshme ushtarake ruse, von der Leyen tha se BE po punon \u2018dit\u00eb e nat\u00eb\u2019 n\u00eb vler\u00ebsimin e aplikimit t\u00eb Ukrain\u00ebs dhe planifikon ta p\u00ebrfundoj\u00eb at\u00eb deri n\u00eb fund t\u00eb jav\u00ebs s\u00eb ardhshme.<\/span><\/p>\n<p><span style=\"color: #000000;\"><em>\u201cJu keni b\u00ebr\u00eb shum\u00eb n\u00eb forcimin e sundimit t\u00eb ligjit, por ende duhet t\u00eb zbatohen reforma. P\u00ebr t\u00eb luftuar korrupsionin, p\u00ebr shembull, ose p\u00ebr t\u00eb modernizuar k\u00ebt\u00eb administrat\u00eb q\u00eb funksionon mir\u00eb, p\u00ebr t\u00eb ndihmuar n\u00eb t\u00ebrheqjen e investitor\u00ebve.\u201d<\/em> &#8211; tha ajo.<\/span><\/p>\n<p><span style=\"color: #000000;\">Duke v\u00ebn\u00eb n\u00eb dukje se lufta me Rusin\u00eb \u00ebsht\u00eb prioriteti kryesor p\u00ebr Ukrain\u00ebn dhe mb\u00ebshtet\u00ebsit e saj tani, von der Leyen tha se Kievi dhe Per\u00ebndimi gjithashtu duhet t\u00eb planifikojn\u00eb \u2018\u00e7far\u00eb duhet b\u00ebr\u00eb m\u00eb pas\u2019 n\u00eb drejtim t\u00eb reformave.<\/span><\/p>\n<p><span style=\"color: #000000;\"><em>&#8220;Sigurisht, Ukraina ishte tashm\u00eb n\u00eb nj\u00eb rrug\u00eb t\u00eb mir\u00eb p\u00ebrpara pushtimit t\u00eb tmerrsh\u00ebm dhe mizor t\u00eb Rusis\u00eb.&#8221; <\/em>&#8211; tha ajo, duke p\u00ebrsh\u00ebndetur \u2018p\u00ebrpjekjet dhe vendosm\u00ebrin\u00eb e madhe\u2019 t\u00eb Ukrain\u00ebs n\u00eb p\u00ebrpjekjen e saj p\u00ebr t&#8217;u bashkuar me bllokun.<\/span><\/p>\n","protected":false,"gt_translate_keys":[{"key":"rendered","format":"html"}]},"excerpt":{"rendered":"<p>Kievi ka p\u00ebrparuar n\u00eb \u2018rrug\u00ebn e tij evropiane\u2019, por duhet t\u00eb b\u00ebj\u00eb m\u00eb shum\u00eb, tha t\u00eb shtun\u00ebn presidentja e Komisionit Evropian Ursula von der Leyen gjat\u00eb nj\u00eb vizite t\u00eb papritur n\u00eb Ukrain\u00eb. Ukraina paraqiti k\u00ebrkes\u00ebn e saj zyrtare p\u00ebr an\u00ebtar\u00ebsim n\u00eb BE m\u00eb 28 shkurt, kat\u00ebr dit\u00eb pasi Rusia filloi operacionin e saj ushtarak n\u00eb [&hellip;]<\/p>\n","protected":false,"gt_translate_keys":[{"key":"rendered","format":"html"}]},"author":51,"featured_media":529399,"comment_status":"closed","ping_status":"closed","sticky":false,"template":"","format":"standard","meta":{"footnotes":""},"categories":[53],"tags":[],"class_list":["post-529398","post","type-post","status-publish","format-standard","has-post-thumbnail","hentry","category-fast-foodi"],"gt_translate_keys":[{"key":"link","format":"url"}],"_links":{"self":[{"href":"https:\/\/www.hashtag.al\/index.php\/wp-json\/wp\/v2\/posts\/529398","targetHints":{"allow":["GET"]}}],"collection":[{"href":"https:\/\/www.hashtag.al\/index.php\/wp-json\/wp\/v2\/posts"}],"about":[{"href":"https:\/\/www.hashtag.al\/index.php\/wp-json\/wp\/v2\/types\/post"}],"author":[{"embeddable":true,"href":"https:\/\/www.hashtag.al\/index.php\/wp-json\/wp\/v2\/users\/51"}],"replies":[{"embeddable":true,"href":"https:\/\/www.hashtag.al\/index.php\/wp-json\/wp\/v2\/comments?post=529398"}],"version-history":[{"count":0,"href":"https:\/\/www.hashtag.al\/index.php\/wp-json\/wp\/v2\/posts\/529398\/revisions"}],"wp:featuredmedia":[{"embeddable":true,"href":"https:\/\/www.hashtag.al\/index.php\/wp-json\/wp\/v2\/media\/529399"}],"wp:attachment":[{"href":"https:\/\/www.hashtag.al\/index.php\/wp-json\/wp\/v2\/media?parent=529398"}],"wp:term":[{"taxonomy":"category","embeddable":true,"href":"https:\/\/www.hashtag.al\/index.php\/wp-json\/wp\/v2\/categories?post=529398"},{"taxonomy":"post_tag","embeddable":true,"href":"https:\/\/www.hashtag.al\/index.php\/wp-json\/wp\/v2\/tags?post=529398"}],"curies":[{"name":"wp","href":"https:\/\/api.w.org\/{rel}","templated":true}]}}