{"id":529318,"date":"2022-06-11T16:17:55","date_gmt":"2022-06-11T14:17:55","guid":{"rendered":"https:\/\/www.hashtag.al\/?p=529318"},"modified":"2022-06-11T16:18:24","modified_gmt":"2022-06-11T14:18:24","slug":"duhen-dy-per-tango-por-perendimi-po-kercen-i-vetem-breakdance-lavrov","status":"publish","type":"post","link":"https:\/\/www.hashtag.al\/index.php\/2022\/06\/11\/duhen-dy-per-tango-por-perendimi-po-kercen-i-vetem-breakdance-lavrov\/","title":{"rendered":"&#8220;Duhen dy p\u00ebr tango, por Per\u00ebndimi po k\u00ebrcen\u00a0i vet\u00ebm breakdance&#8221; &#8211; Lavrov","gt_translate_keys":[{"key":"rendered","format":"text"}]},"content":{"rendered":"<p><span style=\"color: #000000;\"><img loading=\"lazy\" decoding=\"async\" class=\"aligncenter size-full wp-image-529323\" src=\"https:\/\/www.hashtag.al\/wp-content\/uploads\/2022\/06\/lavrov-1.jpg\" alt=\"\" width=\"768\" height=\"432\" srcset=\"https:\/\/www.hashtag.al\/wp-content\/uploads\/2022\/06\/lavrov-1.jpg 768w, https:\/\/www.hashtag.al\/wp-content\/uploads\/2022\/06\/lavrov-1-300x169.jpg 300w\" sizes=\"auto, (max-width: 768px) 100vw, 768px\" \/><\/span><\/p>\n<p><span style=\"color: #000000;\">Ministri i Jasht\u00ebm rus Sergej Lavrov ka th\u00ebn\u00eb se Moska mbetet e hapur p\u00ebr bisedime t\u00eb drejtp\u00ebrdrejta me Per\u00ebndimin, por \u2018duhen dy p\u00ebr tango\u2019.<\/span><\/p>\n<p><span style=\"color: #000000;\">Ministri u pyet nga nj\u00eb gazetar t\u00eb premten n\u00eb lidhje me komentet e fundit t\u00eb b\u00ebra nga presidenti polak Andrzej Duda, n\u00eb t\u00eb cilat ai kritikoi Franc\u00ebn dhe Gjermanin\u00eb p\u00ebr vazhdimin e bisedave telefonike me presidentin rus Putin.<\/span><\/p>\n<p><span style=\"color: #000000;\">Duda pyeti n\u00ebse dikush foli \u2018k\u00ebshtu me Adolf Hitlerin gjat\u00eb Luft\u00ebs s\u00eb Dyt\u00eb Bot\u00ebrore\u2019.<\/span><\/p>\n<p><span style=\"color: #000000;\">Nd\u00ebrsa fliste p\u00ebr papranueshm\u00ebrin\u00eb e \u00e7do dialogu me Rusin\u00eb, \u2018koleg\u00ebt tan\u00eb polak\u00eb fillojn\u00eb t\u00eb zhvillojn\u00eb n\u00eb m\u00ebnyr\u00eb aktive territorin ukrainas\u2019, vuri n\u00eb dukje Lavrov.<\/span><\/p>\n<p><span style=\"color: #000000;\">Ministri i Jasht\u00ebm shpjegoi se n\u00eb t\u00eb kaluar\u00ebn kishte d\u00ebgjuar \u2018reagime t\u00eb tjera nga Parisi dhe Berlini\u2019.<\/span><\/p>\n<p><span style=\"color: #000000;\"><em>\u201cIsh-kancelarja gjermane Merkel dhe presidenti francez Macron shpreh\u00ebn zhg\u00ebnjim shum\u00eb serioz me rusofob\u00ebt e BE-s\u00eb, t\u00eb cil\u00ebt kishin bllokuar nj\u00eb nism\u00eb t\u00eb Franc\u00ebs dhe Gjermanis\u00eb p\u00ebr t\u00eb zhvilluar nj\u00eb samit midis BE-s\u00eb dhe presidentit rus Putin.\u201d<\/em> &#8211; u p\u00ebrgjigj Lavrov. N\u00eb vitin 2021, Emmanuel Macron dhe Angela Merkel ofruan t\u00eb ftonin Rusin\u00eb p\u00ebr bisedime, por u p\u00ebrball\u00ebn me kund\u00ebrshtimin e lider\u00ebve t\u00eb bllokut.<\/span><\/p>\n<p><span style=\"color: #000000;\">T\u00eb dy jan\u00eb \u2018politikan\u00eb t\u00eb arsyesh\u00ebm, t\u00eb cil\u00ebt e kuptojn\u00eb nevoj\u00ebn p\u00ebr t\u00eb gjetur nj\u00eb rrug\u00ebdalje nga kriza\u2019, tha Lavrov.<\/span><\/p>\n<p><span style=\"color: #000000;\"><em>\u201cNe jemi ende t\u00eb hapur p\u00ebr dialog, por duhen dy p\u00ebr tango, nd\u00ebrkoh\u00eb q\u00eb partner\u00ebt tan\u00eb per\u00ebndimor\u00eb jan\u00eb t\u00eb z\u00ebn\u00eb vet\u00ebm duke k\u00ebrcyer breakdance.\u201d<\/em><\/span><\/p>\n<p><span style=\"color: #000000;\">Kancelari gjerman Olaf Scholz dhe presidenti francez Emmanuel Macron kan\u00eb zhvilluar bisedime me Mosk\u00ebn pas nisjes s\u00eb fushat\u00ebs ushtarake kund\u00ebr Ukrain\u00ebs n\u00eb fund t\u00eb shkurtit. Thirrja e tyre e fundit trepal\u00ebshe me Presidentin Putin u zhvillua n\u00eb fund t\u00eb majit.<\/span><\/p>\n","protected":false,"gt_translate_keys":[{"key":"rendered","format":"html"}]},"excerpt":{"rendered":"<p>Ministri i Jasht\u00ebm rus Sergej Lavrov ka th\u00ebn\u00eb se Moska mbetet e hapur p\u00ebr bisedime t\u00eb drejtp\u00ebrdrejta me Per\u00ebndimin, por \u2018duhen dy p\u00ebr tango\u2019. Ministri u pyet nga nj\u00eb gazetar t\u00eb premten n\u00eb lidhje me komentet e fundit t\u00eb b\u00ebra nga presidenti polak Andrzej Duda, n\u00eb t\u00eb cilat ai kritikoi Franc\u00ebn dhe Gjermanin\u00eb p\u00ebr vazhdimin [&hellip;]<\/p>\n","protected":false,"gt_translate_keys":[{"key":"rendered","format":"html"}]},"author":51,"featured_media":529323,"comment_status":"closed","ping_status":"closed","sticky":false,"template":"","format":"standard","meta":{"footnotes":""},"categories":[53],"tags":[],"class_list":["post-529318","post","type-post","status-publish","format-standard","has-post-thumbnail","hentry","category-fast-foodi"],"gt_translate_keys":[{"key":"link","format":"url"}],"_links":{"self":[{"href":"https:\/\/www.hashtag.al\/index.php\/wp-json\/wp\/v2\/posts\/529318","targetHints":{"allow":["GET"]}}],"collection":[{"href":"https:\/\/www.hashtag.al\/index.php\/wp-json\/wp\/v2\/posts"}],"about":[{"href":"https:\/\/www.hashtag.al\/index.php\/wp-json\/wp\/v2\/types\/post"}],"author":[{"embeddable":true,"href":"https:\/\/www.hashtag.al\/index.php\/wp-json\/wp\/v2\/users\/51"}],"replies":[{"embeddable":true,"href":"https:\/\/www.hashtag.al\/index.php\/wp-json\/wp\/v2\/comments?post=529318"}],"version-history":[{"count":0,"href":"https:\/\/www.hashtag.al\/index.php\/wp-json\/wp\/v2\/posts\/529318\/revisions"}],"wp:featuredmedia":[{"embeddable":true,"href":"https:\/\/www.hashtag.al\/index.php\/wp-json\/wp\/v2\/media\/529323"}],"wp:attachment":[{"href":"https:\/\/www.hashtag.al\/index.php\/wp-json\/wp\/v2\/media?parent=529318"}],"wp:term":[{"taxonomy":"category","embeddable":true,"href":"https:\/\/www.hashtag.al\/index.php\/wp-json\/wp\/v2\/categories?post=529318"},{"taxonomy":"post_tag","embeddable":true,"href":"https:\/\/www.hashtag.al\/index.php\/wp-json\/wp\/v2\/tags?post=529318"}],"curies":[{"name":"wp","href":"https:\/\/api.w.org\/{rel}","templated":true}]}}