{"id":529268,"date":"2022-06-11T10:28:27","date_gmt":"2022-06-11T08:28:27","guid":{"rendered":"https:\/\/www.hashtag.al\/?p=529268"},"modified":"2022-06-11T10:28:27","modified_gmt":"2022-06-11T08:28:27","slug":"kultivonte-kanabis-mes-vreshtave-arrestohet-43-vjecari-ne-polican","status":"publish","type":"post","link":"https:\/\/www.hashtag.al\/index.php\/2022\/06\/11\/kultivonte-kanabis-mes-vreshtave-arrestohet-43-vjecari-ne-polican\/","title":{"rendered":"Kultivonte kanabis mes vreshtave, arrestohet 43-vje\u00e7ari n\u00eb Poli\u00e7an","gt_translate_keys":[{"key":"rendered","format":"text"}]},"content":{"rendered":"<p style=\"text-align: justify;\"><span style=\"color: #000000;\"><img loading=\"lazy\" decoding=\"async\" class=\"aligncenter size-full wp-image-529269\" src=\"https:\/\/www.hashtag.al\/wp-content\/uploads\/2022\/06\/kanabis.jpg\" alt=\"\" width=\"1280\" height=\"720\" srcset=\"https:\/\/www.hashtag.al\/wp-content\/uploads\/2022\/06\/kanabis.jpg 1280w, https:\/\/www.hashtag.al\/wp-content\/uploads\/2022\/06\/kanabis-300x169.jpg 300w, https:\/\/www.hashtag.al\/wp-content\/uploads\/2022\/06\/kanabis-1024x576.jpg 1024w, https:\/\/www.hashtag.al\/wp-content\/uploads\/2022\/06\/kanabis-768x432.jpg 768w\" sizes=\"auto, (max-width: 1280px) 100vw, 1280px\" \/><\/span><\/p>\n<p style=\"text-align: justify;\"><span style=\"color: #000000;\">Nj\u00eb 43-vje\u00e7ar \u00ebsht\u00eb arrestuar pasi u evidentua se kishte kultivuar fidan\u00eb narkotike n\u00eb mes t\u00eb vreshtave, si dhe p\u00ebrgatitej p\u00ebr t\u00eb kultivuar t\u00eb tjer\u00eb fidan\u00eb narkotike.<\/span><\/p>\n<p style=\"text-align: justify;\"><span style=\"color: #000000;\">Shtetasit R.B 43 vje\u00e7 banues n\u00eb Poli\u00e7an i jan\u00eb asgj\u00ebsuar fidan\u00ebt e kultivuar, si dhe sekuestruar n\u00eb cil\u00ebsin\u00eb e prov\u00ebs materiale, 340 fara t\u00eb dyshuara narkotike q\u00eb autori i dyshuar i k\u00ebsaj veprimtarie kriminale, do t\u2019i kultivonte n\u00eb mes t\u00eb vreshtave me hardhi.<\/span><\/p>\n<p style=\"text-align: justify;\"><span style=\"color: #000000;\">Policia sekuestroi edhe nj\u00eb sasi l\u00ebnde narkotike q\u00eb iu gjet k\u00ebtij shtetasi, n\u00eb banes\u00eb.<\/span><\/p>\n<p style=\"text-align: justify;\"><span style=\"color: #000000;\">\u201c<em>N\u00eb vijim t\u00eb kontrollit masiv t\u00eb territorit, bazuar dhe n\u00eb informacionet e marra n\u00eb rrug\u00eb operative, se n\u00eb territorin e qytetit t\u00eb Poli\u00e7anit, nj\u00eb shtetas tentonte t\u00eb kultivonte fidan\u00eb narkotike, sh\u00ebrbimet e Policis\u00eb Poli\u00e7an kan\u00eb organizuar dhe finalizuar operacionin policor t\u00eb koduar \u201cPlir\u00ebz\u201d, n\u00eb kuad\u00ebr t\u00eb t\u00eb cilit u arrestua n\u00eb flagranc\u00eb shtetasi:<\/em><\/span><\/p>\n<p style=\"text-align: justify;\"><span style=\"color: #000000;\"><em>\u2013 R. B., 43 vje\u00e7, banues n\u00eb Poli\u00e7an, p\u00ebr veprat penale \u201cKultivimi i fidan\u00ebve narkotike\u201d dhe \u201cProdhimi dhe shitja e narkotik\u00ebve\u201d.<\/em><\/span><\/p>\n<p style=\"text-align: justify;\"><span style=\"color: #000000;\"><em>Si rezultat i monitorimit dhe kontrollit t\u00eb imt\u00ebsish\u00ebm t\u00eb territorit, n\u00eb vendin e quajtur \u201cKthesa e Nep\u00ebrk\u00ebs\u201d, n\u00eb mes t\u00eb veshtave n\u00eb pron\u00ebsi t\u00eb tij, shtetasi R. B. \u00ebsht\u00eb evidentuar duke kultivuar fidan\u00eb t\u00eb dyshuara narkotike.<\/em><\/span><\/p>\n<p style=\"text-align: justify;\"><span style=\"color: #000000;\"><em>Gjithashtu, gjat\u00eb kontrollit t\u00eb banes\u00ebs s\u00eb k\u00ebtij shtetasi, sh\u00ebrbimet e Policis\u00eb gjet\u00ebn dhe sekuestruan n\u00eb cil\u00ebsin\u00eb e prov\u00ebs materiale, nj\u00eb sasi l\u00ebnde, fidan\u00eb dhe 340 fara t\u00eb dyshuara narkotike cannabis sattiva, t\u00eb cilat do t\u2019i kultivonte n\u00eb vreshtat me hardhi, n\u00eb pron\u00ebsi t\u00eb tij<\/em>\u201d-njofton policia.<\/span><\/p>\n","protected":false,"gt_translate_keys":[{"key":"rendered","format":"html"}]},"excerpt":{"rendered":"<p>Nj\u00eb 43-vje\u00e7ar \u00ebsht\u00eb arrestuar pasi u evidentua se kishte kultivuar fidan\u00eb narkotike n\u00eb mes t\u00eb vreshtave, si dhe p\u00ebrgatitej p\u00ebr t\u00eb kultivuar t\u00eb tjer\u00eb fidan\u00eb narkotike. Shtetasit R.B 43 vje\u00e7 banues n\u00eb Poli\u00e7an i jan\u00eb asgj\u00ebsuar fidan\u00ebt e kultivuar, si dhe sekuestruar n\u00eb cil\u00ebsin\u00eb e prov\u00ebs materiale, 340 fara t\u00eb dyshuara narkotike q\u00eb autori i [&hellip;]<\/p>\n","protected":false,"gt_translate_keys":[{"key":"rendered","format":"html"}]},"author":32,"featured_media":529269,"comment_status":"closed","ping_status":"closed","sticky":false,"template":"","format":"standard","meta":{"footnotes":""},"categories":[65,13],"tags":[],"class_list":["post-529268","post","type-post","status-publish","format-standard","has-post-thumbnail","hentry","category-lajme","category-te-fundit"],"gt_translate_keys":[{"key":"link","format":"url"}],"_links":{"self":[{"href":"https:\/\/www.hashtag.al\/index.php\/wp-json\/wp\/v2\/posts\/529268","targetHints":{"allow":["GET"]}}],"collection":[{"href":"https:\/\/www.hashtag.al\/index.php\/wp-json\/wp\/v2\/posts"}],"about":[{"href":"https:\/\/www.hashtag.al\/index.php\/wp-json\/wp\/v2\/types\/post"}],"author":[{"embeddable":true,"href":"https:\/\/www.hashtag.al\/index.php\/wp-json\/wp\/v2\/users\/32"}],"replies":[{"embeddable":true,"href":"https:\/\/www.hashtag.al\/index.php\/wp-json\/wp\/v2\/comments?post=529268"}],"version-history":[{"count":0,"href":"https:\/\/www.hashtag.al\/index.php\/wp-json\/wp\/v2\/posts\/529268\/revisions"}],"wp:featuredmedia":[{"embeddable":true,"href":"https:\/\/www.hashtag.al\/index.php\/wp-json\/wp\/v2\/media\/529269"}],"wp:attachment":[{"href":"https:\/\/www.hashtag.al\/index.php\/wp-json\/wp\/v2\/media?parent=529268"}],"wp:term":[{"taxonomy":"category","embeddable":true,"href":"https:\/\/www.hashtag.al\/index.php\/wp-json\/wp\/v2\/categories?post=529268"},{"taxonomy":"post_tag","embeddable":true,"href":"https:\/\/www.hashtag.al\/index.php\/wp-json\/wp\/v2\/tags?post=529268"}],"curies":[{"name":"wp","href":"https:\/\/api.w.org\/{rel}","templated":true}]}}