{"id":529080,"date":"2022-06-10T12:55:24","date_gmt":"2022-06-10T10:55:24","guid":{"rendered":"https:\/\/www.hashtag.al\/?p=529080"},"modified":"2022-06-10T12:55:24","modified_gmt":"2022-06-10T10:55:24","slug":"berisha-per-ballen-te-tregoje-si-e-shperbleu-dumanin-per-revolen-ne-servis-ia-vendosen-se-spranoi-te-bente-fushate-do-ia-them-te-gjitha-ne-sy","status":"publish","type":"post","link":"https:\/\/www.hashtag.al\/index.php\/2022\/06\/10\/berisha-per-ballen-te-tregoje-si-e-shperbleu-dumanin-per-revolen-ne-servis-ia-vendosen-se-spranoi-te-bente-fushate-do-ia-them-te-gjitha-ne-sy\/","title":{"rendered":"Berisha p\u00ebr Ball\u00ebn: T\u00eb tregoj\u00eb si e \u201cshp\u00ebrbleu\u201d Dumanin p\u00ebr revolen n\u00eb servis, ia vendos\u00ebn se s\u2019pranoi t\u00eb b\u00ebnte fushat\u00eb, do ia them t\u00eb gjitha n\u00eb sy","gt_translate_keys":[{"key":"rendered","format":"text"}]},"content":{"rendered":"<p><span style=\"color: #000000;\"><a href=\"https:\/\/www.hashtag.al\/wp-content\/uploads\/2022\/06\/sb-1.jpg\"><img loading=\"lazy\" decoding=\"async\" class=\"aligncenter size-full wp-image-529081\" src=\"https:\/\/www.hashtag.al\/wp-content\/uploads\/2022\/06\/sb-1.jpg\" alt=\"\" width=\"780\" height=\"440\" srcset=\"https:\/\/www.hashtag.al\/wp-content\/uploads\/2022\/06\/sb-1.jpg 780w, https:\/\/www.hashtag.al\/wp-content\/uploads\/2022\/06\/sb-1-300x169.jpg 300w, https:\/\/www.hashtag.al\/wp-content\/uploads\/2022\/06\/sb-1-768x433.jpg 768w\" sizes=\"auto, (max-width: 780px) 100vw, 780px\" \/><\/a><\/span><\/p>\n<p><span style=\"color: #000000;\">Gjat\u00eb konferenc\u00ebs s\u00eb sotme p\u00ebr mediet, kreu i PD-s\u00eb Sali Berisha ka sulmuar kreun e grupit parlamentar t\u00eb PS-s\u00eb, Taulant Balla.<\/span><\/p>\n<p><span style=\"color: #000000;\">Ai theksoi se \u201ct\u00eb v\u00ebrtetat\u201d q\u00eb di do ia thot\u00eb Ball\u00ebs n\u00eb sy n\u00eb Parlament.<\/span><\/p>\n<p><em><span style=\"color: #000000;\">\u201cProvat dhe faktet\u2026 Sali Berisha nuk flet pa prova dhe fakte dhe besoj se koha ka faktuar n\u00eb m\u00ebnyr\u00ebn m\u00eb t\u00eb p\u00ebrs\u00ebritur, Ju garantoj se do ia them n\u00eb sy n\u00eb Parlament.<\/span><\/em><\/p>\n<p><em><span style=\"color: #000000;\">Nuredin Dumani ka disa jav\u00eb q\u00eb ka filluar t\u00eb flas\u00eb apo jo. A po m\u00eb pyet p\u00ebr gj\u00ebra konkrete? Po p\u00ebrgjigjem me gj\u00ebra konkrete. Un\u00eb po them q\u00eb do ia them n\u00eb Parlament.<\/span><\/em><\/p>\n<p><em><span style=\"color: #000000;\">S\u00eb treti nuk ka nevoj\u00eb t\u2019ja jap un\u00eb Prokuroris\u00eb se Prokuroria i ka t\u00eb gjitha n\u00eb dosje. Ti do thuash pse nuk po vepron dhe pse po i fsheh Prokuroria? Kjo \u00ebsht\u00eb gj\u00eb tjet\u00ebr.<\/span><\/em><\/p>\n<p><em><span style=\"color: #000000;\">Un\u00eb do t\u2019ja them n\u00eb Parlament sy m\u00eb sy. Atij dhe cilitdo. Ka opozit\u00eb t\u00eb v\u00ebrtet\u00eb\u2026 \u00c7do gj\u00eb dhe shum\u00eb t\u00eb tjera\u2026 Ai duhet t\u00eb tregoj\u00eb si e shp\u00ebrbleu Dumanin p\u00ebr ta shp\u00eblar\u00eb nga akti i vendosjes s\u00eb revoles\u2026Ata tregojn\u00eb q\u00eb po e ka vendosur, dyshojn\u00eb sepse ky i ka k\u00ebrkuar t\u00eb marrin pjes\u00eb n\u00eb fushat\u00ebn e tij elektorale dhe ai i ka th\u00ebn\u00eb jo.<\/span><\/em><\/p>\n<p><em><span style=\"color: #000000;\">Revolen ia kan\u00eb vendosur n\u00eb nj\u00eb vend q\u00eb e shihnin t\u00eb gjith\u00eb\u2026P\u00ebr revolen e fshehur, pes\u00eb vet\u00eb jan\u00eb n\u00eb burg p\u00ebr k\u00ebt\u00eb. \u00a0Edhe kuptohet q\u00eb revol\u00ebn e kan\u00eb vendosur. Po si do e shihnin n\u00eb nj\u00eb vend t\u00eb duksh\u00ebm nj\u00eb revole krimi? E kan\u00eb zor p\u00ebr t\u00eb gjetur nj\u00eb revole? Se s\u2019mund ta hidhte ai n\u00eb Shkumbin. Drejt\u00ebsia vonon, por nuk harron.<\/span><\/em><\/p>\n<p><em><span style=\"color: #000000;\">K\u00ebshtu q\u00eb Tao s\u2019e ka pun\u00ebn mir\u00eb. Ka probleme me drejt\u00ebsin\u00eb. Do ket\u00eb, jua them un\u00eb juve. Ka dhe probleme t\u00eb tjera ai.<\/span><\/em><br \/>\n<span style=\"color: #000000;\"><em>Do i b\u00ebj publike, por kur do i gjykoj un\u00eb. Ai gradualisht do t\u00eb shkoj\u00eb atje ku e meriton. Ka problem, \u00ebsht\u00eb njeri me shum\u00eb probleme.\u201d<\/em>&#8211; tha Berisha.<\/span><\/p>\n","protected":false,"gt_translate_keys":[{"key":"rendered","format":"html"}]},"excerpt":{"rendered":"<p>Gjat\u00eb konferenc\u00ebs s\u00eb sotme p\u00ebr mediet, kreu i PD-s\u00eb Sali Berisha ka sulmuar kreun e grupit parlamentar t\u00eb PS-s\u00eb, Taulant Balla. Ai theksoi se \u201ct\u00eb v\u00ebrtetat\u201d q\u00eb di do ia thot\u00eb Ball\u00ebs n\u00eb sy n\u00eb Parlament. \u201cProvat dhe faktet\u2026 Sali Berisha nuk flet pa prova dhe fakte dhe besoj se koha ka faktuar n\u00eb m\u00ebnyr\u00ebn [&hellip;]<\/p>\n","protected":false,"gt_translate_keys":[{"key":"rendered","format":"html"}]},"author":30,"featured_media":529081,"comment_status":"closed","ping_status":"closed","sticky":false,"template":"","format":"standard","meta":{"footnotes":""},"categories":[65,13],"tags":[],"class_list":["post-529080","post","type-post","status-publish","format-standard","has-post-thumbnail","hentry","category-lajme","category-te-fundit"],"gt_translate_keys":[{"key":"link","format":"url"}],"_links":{"self":[{"href":"https:\/\/www.hashtag.al\/index.php\/wp-json\/wp\/v2\/posts\/529080","targetHints":{"allow":["GET"]}}],"collection":[{"href":"https:\/\/www.hashtag.al\/index.php\/wp-json\/wp\/v2\/posts"}],"about":[{"href":"https:\/\/www.hashtag.al\/index.php\/wp-json\/wp\/v2\/types\/post"}],"author":[{"embeddable":true,"href":"https:\/\/www.hashtag.al\/index.php\/wp-json\/wp\/v2\/users\/30"}],"replies":[{"embeddable":true,"href":"https:\/\/www.hashtag.al\/index.php\/wp-json\/wp\/v2\/comments?post=529080"}],"version-history":[{"count":0,"href":"https:\/\/www.hashtag.al\/index.php\/wp-json\/wp\/v2\/posts\/529080\/revisions"}],"wp:featuredmedia":[{"embeddable":true,"href":"https:\/\/www.hashtag.al\/index.php\/wp-json\/wp\/v2\/media\/529081"}],"wp:attachment":[{"href":"https:\/\/www.hashtag.al\/index.php\/wp-json\/wp\/v2\/media?parent=529080"}],"wp:term":[{"taxonomy":"category","embeddable":true,"href":"https:\/\/www.hashtag.al\/index.php\/wp-json\/wp\/v2\/categories?post=529080"},{"taxonomy":"post_tag","embeddable":true,"href":"https:\/\/www.hashtag.al\/index.php\/wp-json\/wp\/v2\/tags?post=529080"}],"curies":[{"name":"wp","href":"https:\/\/api.w.org\/{rel}","templated":true}]}}