{"id":528859,"date":"2022-06-09T13:40:21","date_gmt":"2022-06-09T11:40:21","guid":{"rendered":"https:\/\/www.hashtag.al\/?p=528859"},"modified":"2022-06-09T13:40:21","modified_gmt":"2022-06-09T11:40:21","slug":"berisha-i-drejtohet-rames-e-gjithe-shqiperia-do-te-ngrihet-ne-kembe-se-nuk-durohet-me","status":"publish","type":"post","link":"https:\/\/www.hashtag.al\/index.php\/2022\/06\/09\/berisha-i-drejtohet-rames-e-gjithe-shqiperia-do-te-ngrihet-ne-kembe-se-nuk-durohet-me\/","title":{"rendered":"Berisha i drejtohet Ram\u00ebs: E gjith\u00eb Shqip\u00ebria do t\u00eb ngrihet n\u00eb k\u00ebmb\u00eb se nuk durohet m\u00eb","gt_translate_keys":[{"key":"rendered","format":"text"}]},"content":{"rendered":"<p><span style=\"color: #000000;\"><a href=\"https:\/\/www.hashtag.al\/wp-content\/uploads\/2022\/06\/sb.jpg\"><img loading=\"lazy\" decoding=\"async\" class=\"aligncenter size-full wp-image-528861\" src=\"https:\/\/www.hashtag.al\/wp-content\/uploads\/2022\/06\/sb.jpg\" alt=\"\" width=\"831\" height=\"423\" srcset=\"https:\/\/www.hashtag.al\/wp-content\/uploads\/2022\/06\/sb.jpg 831w, https:\/\/www.hashtag.al\/wp-content\/uploads\/2022\/06\/sb-300x153.jpg 300w, https:\/\/www.hashtag.al\/wp-content\/uploads\/2022\/06\/sb-768x391.jpg 768w, https:\/\/www.hashtag.al\/wp-content\/uploads\/2022\/06\/sb-568x290.jpg 568w\" sizes=\"auto, (max-width: 831px) 100vw, 831px\" \/><\/a><\/span><\/p>\n<p><span style=\"color: #000000;\">Kreu i Partis\u00eb Demokratike, Sali Berisha paralajm\u00ebroi kryeministrin Edi Rama me protesta n\u00eb \u00e7do shesh e rrug\u00eb.<\/span><\/p>\n<p><span style=\"color: #000000;\">Berisha e akuzoi kryeministrin se ka humbur \u00e7do sens realiteti me vjedhjet e p\u00ebrditshme t\u00eb qeveris\u00eb, e akuzoi se ka shkelur me k\u00ebmb\u00eb sakrificat dhe gjakun e 12 mij\u00eb shqiptar\u00ebve t\u00eb vrar\u00eb n\u00eb Kosov\u00eb nga forcat serbe, dhe se i \u00ebsht\u00eb bindur urdh\u00ebrave t\u00eb Aleksand\u00ebr Vu\u00e7i\u00e7it. Madje e quan Ram\u00ebn &#8220;skllav&#8221; t\u00eb Vu\u00e7i\u00e7it.<\/span><\/p>\n<p><em><span style=\"color: #000000;\">\u201cKy zot\u00ebri ka humbur \u00e7do sens realiteti. Vjedhja e p\u00ebrditshme e p\u00ebrorshme, duket se sh\u00ebrben si nj\u00eb narkotik\u00eb q\u00eb t\u00eb shk\u00ebput nga realiteti dhe bota p\u00ebrreth. Shkon n\u00eb Oh\u00ebr dhe shkelmon mbi jet\u00ebn, vdekjet sakrificat gjakun e 12 mij\u00eb shqiptar\u00ebve n\u00eb Kosov\u00eb.<\/span><\/em><\/p>\n<p><em><span style=\"color: #000000;\">A e d\u00ebgjoni apo jo ju mor zot\u00ebri, a ju b\u00ebn p\u00ebrshtypje? Po \u00e7\u2019t\u00eb drejt\u00eb ka ky t\u00eb flas\u00eb n\u00eb em\u00ebr t\u00eb t\u00eb vdekurve n\u00eb Kosove n\u00eb nj\u00eb akt t\u00eb mir\u00ebfillt\u00eb \u00e7njer\u00ebzor, t\u00eb krahasoj\u00eb viktimat e agresionit serb me viktimat e agresionit n\u00eb Luft\u00ebn e Dyt\u00eb Bot\u00ebrore. \u00c7far\u00eb njeriu \u00ebsht\u00eb ky? Ky b\u00ebn gjith\u00e7ka si skllav i Vu\u00e7icit. Mir\u00eb ai q\u00eb \u00ebsht\u00eb arkitekti i gjenocidit, po ky \u00e7far\u00eb ka. P\u00ebrse i k\u00ebrkohet Kosov\u00ebs t\u00eb njihet Ballkani i Hapur. Kush e mban mend samitin e Novisadit dhe hart\u00ebn q\u00eb e paraqiste Kosov\u00ebn pjes\u00eb t\u00eb Serbis\u00eb.<\/span><\/em><\/p>\n<p><em><span style=\"color: #000000;\">Qytetar\u00eb shqiptar\u00eb a do vazhdojm\u00eb ne t\u00eb pranojm\u00eb nj\u00eb njeri si ky q\u00eb vet\u00ebm me vjedhjet dhe vjedhjet e klik\u00ebs s\u00eb tij ndikon dhe rrit \u00e7mimet n\u00eb stratosfer\u00eb. A do vazhdojm\u00eb t\u00eb pranojm\u00eb k\u00ebt\u00eb njeri q\u00eb shkel mbi gjakun. Vet\u00ebm f\u00ebmij\u00eb n\u00eb Kosov\u00eb t\u00eb masakruar, t\u00eb therur jan\u00eb 1400. A ka ndjenja ky njeri moj zonj\u00eb se je avokatja e tij. A ka f\u00ebmij\u00eb ky? Ku e ka ky autoritetin t\u00eb flas\u00eb dhe ti krahasoj\u00eb me viktimat e agresor\u00ebve n\u00eb Luft\u00ebn e II Bot\u00ebrore. Pse p\u00ebrdhos Parlamentin me q\u00ebllime t\u00eb tilla. Kush t\u00eb lejon ty t\u00eb falesh gjakun e tyre. \u00c7far\u00eb je ti? \u00c7far\u00eb lidhje ke ti me ta. Paraardh\u00ebsi yt Enver Hoxha \u00ebsht\u00eb akuzuar si Hitleri p\u00ebr inflaticid. S\u2019po them se i ke vrar\u00eb ti ata, por ti je nj\u00eb qenie e p\u00ebr\u00e7unduar. Ik sa t\u00eb duash por je i pashpres\u00eb.<\/span><\/em><\/p>\n<p><span style=\"color: #000000;\"><em>Ky ka gjet se sa ngrihem un\u00eb t\u00eb flas ky ik. Po kjo s\u2019m\u00eb pengon mua q\u00eb t\u2019ia them n\u00eb sy. Dhe do t\u2019ia them shesh m\u00eb shesh rrug\u00eb m\u00eb rrug\u00eb, e gjith\u00eb Shqip\u00ebria do t\u00eb ngrihet n\u00eb k\u00ebmb\u00eb se nuk durohet m\u00eb kjo gjendje. Vidhni n\u00eb m\u00ebnyr\u00eb t\u00eb padurueshme.\u201d<\/em>&#8211; tha Berisha.<\/span><\/p>\n","protected":false,"gt_translate_keys":[{"key":"rendered","format":"html"}]},"excerpt":{"rendered":"<p>Kreu i Partis\u00eb Demokratike, Sali Berisha paralajm\u00ebroi kryeministrin Edi Rama me protesta n\u00eb \u00e7do shesh e rrug\u00eb. Berisha e akuzoi kryeministrin se ka humbur \u00e7do sens realiteti me vjedhjet e p\u00ebrditshme t\u00eb qeveris\u00eb, e akuzoi se ka shkelur me k\u00ebmb\u00eb sakrificat dhe gjakun e 12 mij\u00eb shqiptar\u00ebve t\u00eb vrar\u00eb n\u00eb Kosov\u00eb nga forcat serbe, dhe [&hellip;]<\/p>\n","protected":false,"gt_translate_keys":[{"key":"rendered","format":"html"}]},"author":30,"featured_media":528861,"comment_status":"closed","ping_status":"closed","sticky":false,"template":"","format":"standard","meta":{"footnotes":""},"categories":[65,13],"tags":[],"class_list":["post-528859","post","type-post","status-publish","format-standard","has-post-thumbnail","hentry","category-lajme","category-te-fundit"],"gt_translate_keys":[{"key":"link","format":"url"}],"_links":{"self":[{"href":"https:\/\/www.hashtag.al\/index.php\/wp-json\/wp\/v2\/posts\/528859","targetHints":{"allow":["GET"]}}],"collection":[{"href":"https:\/\/www.hashtag.al\/index.php\/wp-json\/wp\/v2\/posts"}],"about":[{"href":"https:\/\/www.hashtag.al\/index.php\/wp-json\/wp\/v2\/types\/post"}],"author":[{"embeddable":true,"href":"https:\/\/www.hashtag.al\/index.php\/wp-json\/wp\/v2\/users\/30"}],"replies":[{"embeddable":true,"href":"https:\/\/www.hashtag.al\/index.php\/wp-json\/wp\/v2\/comments?post=528859"}],"version-history":[{"count":0,"href":"https:\/\/www.hashtag.al\/index.php\/wp-json\/wp\/v2\/posts\/528859\/revisions"}],"wp:featuredmedia":[{"embeddable":true,"href":"https:\/\/www.hashtag.al\/index.php\/wp-json\/wp\/v2\/media\/528861"}],"wp:attachment":[{"href":"https:\/\/www.hashtag.al\/index.php\/wp-json\/wp\/v2\/media?parent=528859"}],"wp:term":[{"taxonomy":"category","embeddable":true,"href":"https:\/\/www.hashtag.al\/index.php\/wp-json\/wp\/v2\/categories?post=528859"},{"taxonomy":"post_tag","embeddable":true,"href":"https:\/\/www.hashtag.al\/index.php\/wp-json\/wp\/v2\/tags?post=528859"}],"curies":[{"name":"wp","href":"https:\/\/api.w.org\/{rel}","templated":true}]}}