{"id":528693,"date":"2022-06-08T18:43:07","date_gmt":"2022-06-08T16:43:07","guid":{"rendered":"https:\/\/www.hashtag.al\/?p=528693"},"modified":"2022-06-08T18:43:07","modified_gmt":"2022-06-08T16:43:07","slug":"rama-dhe-abazovic-prezantojne-uren-qe-do-lidhe-velipojen-me-ulqinin-punimet-priten-te-nisin-ne-2024","status":"publish","type":"post","link":"https:\/\/www.hashtag.al\/index.php\/2022\/06\/08\/rama-dhe-abazovic-prezantojne-uren-qe-do-lidhe-velipojen-me-ulqinin-punimet-priten-te-nisin-ne-2024\/","title":{"rendered":"Rama dhe Abazovi\u00e7 prezantojn\u00eb ur\u00ebn q\u00eb do lidh\u00eb Velipoj\u00ebn me Ulqinin, punimet priten t\u00eb nisin n\u00eb 2024","gt_translate_keys":[{"key":"rendered","format":"text"}]},"content":{"rendered":"<p style=\"text-align: justify;\"><span style=\"color: #000000;\"><img loading=\"lazy\" decoding=\"async\" class=\"aligncenter size-full wp-image-528694\" src=\"https:\/\/www.hashtag.al\/wp-content\/uploads\/2022\/06\/edi-rama-3-1.jpg\" alt=\"\" width=\"1191\" height=\"693\" srcset=\"https:\/\/www.hashtag.al\/wp-content\/uploads\/2022\/06\/edi-rama-3-1.jpg 1191w, https:\/\/www.hashtag.al\/wp-content\/uploads\/2022\/06\/edi-rama-3-1-300x175.jpg 300w, https:\/\/www.hashtag.al\/wp-content\/uploads\/2022\/06\/edi-rama-3-1-1024x596.jpg 1024w, https:\/\/www.hashtag.al\/wp-content\/uploads\/2022\/06\/edi-rama-3-1-768x447.jpg 768w, https:\/\/www.hashtag.al\/wp-content\/uploads\/2022\/06\/edi-rama-3-1-250x145.jpg 250w\" sizes=\"auto, (max-width: 1191px) 100vw, 1191px\" \/><\/span><\/p>\n<p style=\"text-align: justify;\"><span style=\"color: #000000;\">Kryeministri Edi Rama dhe homologu i tij i Malit t\u00eb Zi, Dritan Abazovi\u00e7 n\u00eb margjinat e takimit t\u00eb Ballkanit t\u00eb Hapur kan\u00eb prezantuar edhe projektin e ur\u00ebs q\u00eb do lidh\u00eb Velipoj\u00ebn me Ulqinin.<\/span><\/p>\n<p style=\"text-align: justify;\"><span style=\"color: #000000;\">Ura pritet t\u00eb shkurtoj\u00eb distanc\u00ebn midis dy zonave me 73 her\u00eb nd\u00ebrsa pritet q\u00eb punimet t\u00eb fillojn\u00eb vitin e ardhsh\u00ebm.<\/span><\/p>\n<p style=\"text-align: justify;\"><span style=\"color: #000000;\"><em>\u201cMe projektin e ur\u00ebs se re do t\u00eb kemi nj\u00eb distanc\u00eb t\u00eb shkurtuar 73 her\u00eb midis 2 zonave. Ura do jet\u00eb 380 m me 3 harqe, \u00ebsht\u00eb e kategoris\u00eb C1 do p\u00ebrdoret p\u00ebr makinat, kalimtar\u00ebt e bi\u00e7ikletat dhe do t\u00eb ket\u00eb 2 korsi dhe pjes\u00eb t\u00eb vendpushimeve, ura ka nj\u00eb lart\u00ebsi q\u00eb lejon kalimin n\u00ebn t\u00eb n\u00eb rastin kur Lumi Bun\u00eb do t\u00eb jet\u00eb I hapur p\u00ebr mjetet lundruese, jemi n\u00eb faz\u00ebn e p\u00ebrgatitjes, Brenda 2 muajve do t\u00eb jet\u00eb gati projekti dhe m\u00eb pas procesi i buxhetimit dhe i prokurimit do t\u00eb k\u00ebrkoj\u00eb 6 muaj, deri n\u00eb qershor 2023, dhe mund t\u00eb p\u00ebrfundoj\u00eb Brenda 18 muaj, do kushtoj\u00eb 9 mln euro&#8221;, <\/em>tha prezantuesi i projektit.<\/span><\/p>\n<p><img loading=\"lazy\" decoding=\"async\" class=\"aligncenter size-full wp-image-528695\" src=\"https:\/\/www.hashtag.al\/wp-content\/uploads\/2022\/06\/ura-mbi-bune.png\" alt=\"\" width=\"843\" height=\"475\" srcset=\"https:\/\/www.hashtag.al\/wp-content\/uploads\/2022\/06\/ura-mbi-bune.png 843w, https:\/\/www.hashtag.al\/wp-content\/uploads\/2022\/06\/ura-mbi-bune-300x169.png 300w, https:\/\/www.hashtag.al\/wp-content\/uploads\/2022\/06\/ura-mbi-bune-768x433.png 768w\" sizes=\"auto, (max-width: 843px) 100vw, 843px\" \/><\/p>\n","protected":false,"gt_translate_keys":[{"key":"rendered","format":"html"}]},"excerpt":{"rendered":"<p>Kryeministri Edi Rama dhe homologu i tij i Malit t\u00eb Zi, Dritan Abazovi\u00e7 n\u00eb margjinat e takimit t\u00eb Ballkanit t\u00eb Hapur kan\u00eb prezantuar edhe projektin e ur\u00ebs q\u00eb do lidh\u00eb Velipoj\u00ebn me Ulqinin. Ura pritet t\u00eb shkurtoj\u00eb distanc\u00ebn midis dy zonave me 73 her\u00eb nd\u00ebrsa pritet q\u00eb punimet t\u00eb fillojn\u00eb vitin e ardhsh\u00ebm. \u201cMe projektin [&hellip;]<\/p>\n","protected":false,"gt_translate_keys":[{"key":"rendered","format":"html"}]},"author":32,"featured_media":528694,"comment_status":"closed","ping_status":"closed","sticky":false,"template":"","format":"standard","meta":{"footnotes":""},"categories":[65,13],"tags":[],"class_list":["post-528693","post","type-post","status-publish","format-standard","has-post-thumbnail","hentry","category-lajme","category-te-fundit"],"gt_translate_keys":[{"key":"link","format":"url"}],"_links":{"self":[{"href":"https:\/\/www.hashtag.al\/index.php\/wp-json\/wp\/v2\/posts\/528693","targetHints":{"allow":["GET"]}}],"collection":[{"href":"https:\/\/www.hashtag.al\/index.php\/wp-json\/wp\/v2\/posts"}],"about":[{"href":"https:\/\/www.hashtag.al\/index.php\/wp-json\/wp\/v2\/types\/post"}],"author":[{"embeddable":true,"href":"https:\/\/www.hashtag.al\/index.php\/wp-json\/wp\/v2\/users\/32"}],"replies":[{"embeddable":true,"href":"https:\/\/www.hashtag.al\/index.php\/wp-json\/wp\/v2\/comments?post=528693"}],"version-history":[{"count":0,"href":"https:\/\/www.hashtag.al\/index.php\/wp-json\/wp\/v2\/posts\/528693\/revisions"}],"wp:featuredmedia":[{"embeddable":true,"href":"https:\/\/www.hashtag.al\/index.php\/wp-json\/wp\/v2\/media\/528694"}],"wp:attachment":[{"href":"https:\/\/www.hashtag.al\/index.php\/wp-json\/wp\/v2\/media?parent=528693"}],"wp:term":[{"taxonomy":"category","embeddable":true,"href":"https:\/\/www.hashtag.al\/index.php\/wp-json\/wp\/v2\/categories?post=528693"},{"taxonomy":"post_tag","embeddable":true,"href":"https:\/\/www.hashtag.al\/index.php\/wp-json\/wp\/v2\/tags?post=528693"}],"curies":[{"name":"wp","href":"https:\/\/api.w.org\/{rel}","templated":true}]}}