{"id":528652,"date":"2022-06-08T14:50:32","date_gmt":"2022-06-08T12:50:32","guid":{"rendered":"https:\/\/www.hashtag.al\/?p=528652"},"modified":"2022-06-08T15:21:30","modified_gmt":"2022-06-08T13:21:30","slug":"borrell-zbulon-emrin-christiane-hohmann-do-te-zevendesoje-luigi-sorecen-si-ambasadore-e-be-se-ne-shqiperi","status":"publish","type":"post","link":"https:\/\/www.hashtag.al\/index.php\/2022\/06\/08\/borrell-zbulon-emrin-christiane-hohmann-do-te-zevendesoje-luigi-sorecen-si-ambasadore-e-be-se-ne-shqiperi\/","title":{"rendered":"Borrell zbulon emrin: Christiane Hohmann do t\u00eb z\u00ebvend\u00ebsoj\u00eb Luigi Sorec\u00ebn si ambasadore e BE-s\u00eb n\u00eb Shqip\u00ebri","gt_translate_keys":[{"key":"rendered","format":"text"}]},"content":{"rendered":"<p><span style=\"color: #000000;\"><a href=\"https:\/\/www.hashtag.al\/wp-content\/uploads\/2022\/06\/Christiane-Hohmann.jpg\"><img loading=\"lazy\" decoding=\"async\" class=\"aligncenter size-full wp-image-528653\" src=\"https:\/\/www.hashtag.al\/wp-content\/uploads\/2022\/06\/Christiane-Hohmann.jpg\" alt=\"\" width=\"1200\" height=\"801\" srcset=\"https:\/\/www.hashtag.al\/wp-content\/uploads\/2022\/06\/Christiane-Hohmann.jpg 1200w, https:\/\/www.hashtag.al\/wp-content\/uploads\/2022\/06\/Christiane-Hohmann-300x200.jpg 300w, https:\/\/www.hashtag.al\/wp-content\/uploads\/2022\/06\/Christiane-Hohmann-1024x684.jpg 1024w, https:\/\/www.hashtag.al\/wp-content\/uploads\/2022\/06\/Christiane-Hohmann-768x513.jpg 768w\" sizes=\"auto, (max-width: 1200px) 100vw, 1200px\" \/><\/a><\/span><\/p>\n<p><span style=\"color: #000000;\">M\u00ebsohet emri se kush do t\u00eb z\u00ebvend\u00ebsoj\u00eb Luigi Sorec\u00ebn si ambasador i BE-s\u00eb n\u00eb vendin ton\u00eb.<\/span><\/p>\n<p><span style=\"color: #000000;\">K\u00ebt\u00eb t\u00eb m\u00ebrkur\u00eb, p\u00ebrfaq\u00ebsuesi i Lart\u00eb i BE-s\u00eb p\u00ebr Pun\u00ebt e Jashtme, Josep Borrell ka njoftuar em\u00ebrimin e 31 kryetar\u00ebve t\u00eb delegacioneve t\u00eb Bashkimit Europian.<\/span><\/p>\n<blockquote class=\"twitter-tweet\">\n<p dir=\"ltr\" lang=\"en\">HR\/VP <a href=\"https:\/\/twitter.com\/JosepBorrellF?ref_src=twsrc%5Etfw\">@JosepBorrellF<\/a> announces senior appointments: 31 new EU Heads of Delegations and 4 Deputy Heads of Delegations <a href=\"https:\/\/t.co\/Qj4b4hgQoX\">https:\/\/t.co\/Qj4b4hgQoX<\/a><\/p>\n<p>\u2014 European External Action Service &#8211; EEAS \ud83c\uddea\ud83c\uddfa (@eu_eeas) <a href=\"https:\/\/twitter.com\/eu_eeas\/status\/1534490094656278528?ref_src=twsrc%5Etfw\">June 8, 2022<\/a><\/p><\/blockquote>\n<p><script async src=\"https:\/\/platform.twitter.com\/widgets.js\" charset=\"utf-8\"><\/script><\/p>\n<p><span style=\"color: #000000;\">K\u00ebshtu, p\u00ebr Shqip\u00ebrin\u00eb, \u00ebsht\u00eb nominuar Christiane Hohmann, e cila \u00ebsht\u00eb p\u00ebr momentin \u00ebsht\u00eb ambasadore e Gjermanis\u00eb n\u00eb Estoni. M\u00eb par\u00eb ajo ka sh\u00ebrbyer edhe si ambasadore gjermane n\u00eb Bosnje dhe Hercegovin\u00eb.<\/span><\/p>\n<p><span style=\"color: #000000;\">Emrat e nominuar pritet t\u00eb zyrtarizohen pas marrjes s\u00eb marr\u00ebveshjeve p\u00ebrkat\u00ebse n\u00eb vendet e tyre prit\u00ebse.<\/span><\/p>\n<p><span style=\"color: #000000;\"><strong>Kliko <span style=\"color: #0000ff;\"><a style=\"color: #0000ff;\" href=\"https:\/\/www.eeas.europa.eu\/eeas\/eeas-high-representative-josep-borrell-announces-senior-appointments-3_en\">k\u00ebtu<\/a> <\/span>p\u00ebr list\u00ebn e plot\u00eb t\u00eb ambasador\u00ebve t\u00eb nominuar.<\/strong><\/span><\/p>\n","protected":false,"gt_translate_keys":[{"key":"rendered","format":"html"}]},"excerpt":{"rendered":"<p>M\u00ebsohet emri se kush do t\u00eb z\u00ebvend\u00ebsoj\u00eb Luigi Sorec\u00ebn si ambasador i BE-s\u00eb n\u00eb vendin ton\u00eb. K\u00ebt\u00eb t\u00eb m\u00ebrkur\u00eb, p\u00ebrfaq\u00ebsuesi i Lart\u00eb i BE-s\u00eb p\u00ebr Pun\u00ebt e Jashtme, Josep Borrell ka njoftuar em\u00ebrimin e 31 kryetar\u00ebve t\u00eb delegacioneve t\u00eb Bashkimit Europian. HR\/VP @JosepBorrellF announces senior appointments: 31 new EU Heads of Delegations and 4 Deputy [&hellip;]<\/p>\n","protected":false,"gt_translate_keys":[{"key":"rendered","format":"html"}]},"author":30,"featured_media":528653,"comment_status":"closed","ping_status":"closed","sticky":false,"template":"","format":"standard","meta":{"footnotes":""},"categories":[22,65,13],"tags":[],"class_list":["post-528652","post","type-post","status-publish","format-standard","has-post-thumbnail","hentry","category-ballina","category-lajme","category-te-fundit"],"gt_translate_keys":[{"key":"link","format":"url"}],"_links":{"self":[{"href":"https:\/\/www.hashtag.al\/index.php\/wp-json\/wp\/v2\/posts\/528652","targetHints":{"allow":["GET"]}}],"collection":[{"href":"https:\/\/www.hashtag.al\/index.php\/wp-json\/wp\/v2\/posts"}],"about":[{"href":"https:\/\/www.hashtag.al\/index.php\/wp-json\/wp\/v2\/types\/post"}],"author":[{"embeddable":true,"href":"https:\/\/www.hashtag.al\/index.php\/wp-json\/wp\/v2\/users\/30"}],"replies":[{"embeddable":true,"href":"https:\/\/www.hashtag.al\/index.php\/wp-json\/wp\/v2\/comments?post=528652"}],"version-history":[{"count":0,"href":"https:\/\/www.hashtag.al\/index.php\/wp-json\/wp\/v2\/posts\/528652\/revisions"}],"wp:featuredmedia":[{"embeddable":true,"href":"https:\/\/www.hashtag.al\/index.php\/wp-json\/wp\/v2\/media\/528653"}],"wp:attachment":[{"href":"https:\/\/www.hashtag.al\/index.php\/wp-json\/wp\/v2\/media?parent=528652"}],"wp:term":[{"taxonomy":"category","embeddable":true,"href":"https:\/\/www.hashtag.al\/index.php\/wp-json\/wp\/v2\/categories?post=528652"},{"taxonomy":"post_tag","embeddable":true,"href":"https:\/\/www.hashtag.al\/index.php\/wp-json\/wp\/v2\/tags?post=528652"}],"curies":[{"name":"wp","href":"https:\/\/api.w.org\/{rel}","templated":true}]}}