{"id":528524,"date":"2022-06-07T21:09:46","date_gmt":"2022-06-07T19:09:46","guid":{"rendered":"https:\/\/www.hashtag.al\/?p=528524"},"modified":"2022-06-07T21:09:46","modified_gmt":"2022-06-07T19:09:46","slug":"varhelyi-i-bashkohet-ballkanit-te-hapur-ne-oher-investimet-prej-30-mld-eurosh-nga-be-do-korren-vetem-nese-behen-te-gjashte-vendet","status":"publish","type":"post","link":"https:\/\/www.hashtag.al\/index.php\/2022\/06\/07\/varhelyi-i-bashkohet-ballkanit-te-hapur-ne-oher-investimet-prej-30-mld-eurosh-nga-be-do-korren-vetem-nese-behen-te-gjashte-vendet\/","title":{"rendered":"V\u00e1rhelyi i bashkohet Ballkanit t\u00eb Hapur n\u00eb Oh\u00ebr: Investimet prej 30 mld eurosh nga BE do korren vet\u00ebm n\u00ebse b\u00ebhen t\u00eb gjasht\u00eb vendet","gt_translate_keys":[{"key":"rendered","format":"text"}]},"content":{"rendered":"<p style=\"text-align: justify;\"><span style=\"color: #000000;\"><img loading=\"lazy\" decoding=\"async\" class=\"aligncenter size-full wp-image-519849\" src=\"https:\/\/www.hashtag.al\/wp-content\/uploads\/2022\/04\/Oliver-Varhelyi.jpg\" alt=\"\" width=\"700\" height=\"394\" srcset=\"https:\/\/www.hashtag.al\/wp-content\/uploads\/2022\/04\/Oliver-Varhelyi.jpg 700w, https:\/\/www.hashtag.al\/wp-content\/uploads\/2022\/04\/Oliver-Varhelyi-300x169.jpg 300w\" sizes=\"auto, (max-width: 700px) 100vw, 700px\" \/><\/span><\/p>\n<p style=\"text-align: justify;\"><span style=\"color: #000000;\">Komisioneri p\u00ebr Fqinj\u00ebsi dhe Zgjerim, Oliv\u00e9r V\u00e1rhelyi, do t\u00eb jet\u00eb n\u00eb Maqedonin\u00eb e Veriut p\u00ebr t\u00eb marr\u00eb pjes\u00eb n\u00eb Samitin e Hapur Ballkanik m\u00eb 8 qershor n\u00eb Oh\u00ebr, t\u00eb organizuar nga kryeministri i Maqedonis\u00eb s\u00eb Veriut, Dimitar Kovachevski.<\/span><\/p>\n<p style=\"text-align: justify;\"><span style=\"color: #000000;\">V\u00e1rhelyi mir\u00ebpret shtys\u00ebn e rip\u00ebrt\u00ebrir\u00eb nga lider\u00ebt e Ballkanit Per\u00ebndimor p\u00ebr t\u00eb avancuar integrimin rajonal.<\/span><\/p>\n<p style=\"text-align: justify;\"><span style=\"color: #000000;\">Por n\u00eb <span style=\"color: #0000ff;\"><a style=\"color: #0000ff;\" href=\"https:\/\/ec.europa.eu\/neighbourhood-enlargement\/news\/commissioner-varhelyi-travels-north-macedonia-participate-open-balkan-summit-8-june-2022-06-07_en?fbclid=IwAR2R4z574MNjTB8KUycz2SCes43Hsu64hVNeYQq7A0h252bGrlotNNx-oRY\">deklarat\u00ebn<\/a><\/span> e komisionerit t\u00eb shp\u00ebrndar\u00eb nga Komisioni Evropian theksohet se potenciale investues i BE-s\u00eb n\u00eb Ballkanin Per\u00ebndimor prej 30 miliard\u00eb do &#8220;korret\u201d vet\u00ebm n\u00ebse t\u00eb gjasht\u00eb vendet b\u00ebhen bashk\u00eb.<\/span><\/p>\n<p style=\"text-align: justify;\"><span style=\"color: #000000;\">\u201c<em>Un\u00eb mir\u00ebpres shtys\u00ebn e rip\u00ebrt\u00ebrir\u00eb nga lider\u00ebt n\u00eb Ballkanin Per\u00ebndimor p\u00ebr t\u00eb avancuar n\u00eb integrimin rajonal. Lufta q\u00eb Rusia ka b\u00ebr\u00eb n\u00eb Evrop\u00eb \u00ebsht\u00eb nj\u00eb thirrje zgjimi p\u00ebr nevoj\u00ebn p\u00ebr t\u00eb p\u00ebrshpejtuar procesin e an\u00ebtar\u00ebsimit n\u00eb BE, nj\u00eb investim gjeostrategjik n\u00eb stabilitetin dhe sigurin\u00eb e t\u00eb gjith\u00eb Evrop\u00ebs. Bashk\u00ebpunimi rajonal gjith\u00ebp\u00ebrfshir\u00ebs, i bazuar n\u00eb rregullat e BE-s\u00eb, \u00ebsht\u00eb ky\u00e7 p\u00ebr ta afruar Ballkanin Per\u00ebndimor me tregun e vet\u00ebm t\u00eb BE-s\u00eb, i cili \u00ebsht\u00eb n\u00eb qend\u00ebr t\u00eb prosperitetit ton\u00eb t\u00eb p\u00ebrbashk\u00ebt.<\/em><\/span><\/p>\n<p style=\"text-align: justify;\"><span style=\"color: #000000;\"><em>Nd\u00ebrtimi i shpejt\u00eb i Tregut t\u00eb P\u00ebrbashk\u00ebt Rajonal t\u00eb r\u00ebn\u00eb dakord nga gjasht\u00eb vendet e Ballkanit Per\u00ebndimor \u00ebsht\u00eb thelb\u00ebsor p\u00ebr k\u00ebt\u00eb. Por gjithashtu, le t\u00eb jemi t\u00eb qart\u00eb, potenciali i plot\u00eb i Planit ton\u00eb ambicioz ekonomik dhe investues prej 30 miliard\u00eb eurosh p\u00ebr t\u00eb mb\u00ebshtetur Ballkanin Per\u00ebndimor do t\u00eb korret vet\u00ebm me t\u00eb gjasht\u00eb<\/em>\u201d- tha p\u00ebrpara Samitit, komisioneri V\u00e1rhelyi.<\/span><\/p>\n<p style=\"text-align: justify;\"><span style=\"color: #000000;\">Komisioneri V\u00e1rhelyi do t\u00eb zhvilloj\u00eb edhe takime dypal\u00ebshe me lider\u00ebt e Ballkanit Per\u00ebndimor.<\/span><\/p>\n","protected":false,"gt_translate_keys":[{"key":"rendered","format":"html"}]},"excerpt":{"rendered":"<p>Komisioneri p\u00ebr Fqinj\u00ebsi dhe Zgjerim, Oliv\u00e9r V\u00e1rhelyi, do t\u00eb jet\u00eb n\u00eb Maqedonin\u00eb e Veriut p\u00ebr t\u00eb marr\u00eb pjes\u00eb n\u00eb Samitin e Hapur Ballkanik m\u00eb 8 qershor n\u00eb Oh\u00ebr, t\u00eb organizuar nga kryeministri i Maqedonis\u00eb s\u00eb Veriut, Dimitar Kovachevski. V\u00e1rhelyi mir\u00ebpret shtys\u00ebn e rip\u00ebrt\u00ebrir\u00eb nga lider\u00ebt e Ballkanit Per\u00ebndimor p\u00ebr t\u00eb avancuar integrimin rajonal. Por n\u00eb [&hellip;]<\/p>\n","protected":false,"gt_translate_keys":[{"key":"rendered","format":"html"}]},"author":32,"featured_media":519849,"comment_status":"closed","ping_status":"closed","sticky":false,"template":"","format":"standard","meta":{"footnotes":""},"categories":[65,13],"tags":[],"class_list":["post-528524","post","type-post","status-publish","format-standard","has-post-thumbnail","hentry","category-lajme","category-te-fundit"],"gt_translate_keys":[{"key":"link","format":"url"}],"_links":{"self":[{"href":"https:\/\/www.hashtag.al\/index.php\/wp-json\/wp\/v2\/posts\/528524","targetHints":{"allow":["GET"]}}],"collection":[{"href":"https:\/\/www.hashtag.al\/index.php\/wp-json\/wp\/v2\/posts"}],"about":[{"href":"https:\/\/www.hashtag.al\/index.php\/wp-json\/wp\/v2\/types\/post"}],"author":[{"embeddable":true,"href":"https:\/\/www.hashtag.al\/index.php\/wp-json\/wp\/v2\/users\/32"}],"replies":[{"embeddable":true,"href":"https:\/\/www.hashtag.al\/index.php\/wp-json\/wp\/v2\/comments?post=528524"}],"version-history":[{"count":0,"href":"https:\/\/www.hashtag.al\/index.php\/wp-json\/wp\/v2\/posts\/528524\/revisions"}],"wp:featuredmedia":[{"embeddable":true,"href":"https:\/\/www.hashtag.al\/index.php\/wp-json\/wp\/v2\/media\/519849"}],"wp:attachment":[{"href":"https:\/\/www.hashtag.al\/index.php\/wp-json\/wp\/v2\/media?parent=528524"}],"wp:term":[{"taxonomy":"category","embeddable":true,"href":"https:\/\/www.hashtag.al\/index.php\/wp-json\/wp\/v2\/categories?post=528524"},{"taxonomy":"post_tag","embeddable":true,"href":"https:\/\/www.hashtag.al\/index.php\/wp-json\/wp\/v2\/tags?post=528524"}],"curies":[{"name":"wp","href":"https:\/\/api.w.org\/{rel}","templated":true}]}}