{"id":528521,"date":"2022-06-07T20:40:38","date_gmt":"2022-06-07T18:40:38","guid":{"rendered":"https:\/\/www.hashtag.al\/?p=528521"},"modified":"2022-06-07T20:40:38","modified_gmt":"2022-06-07T18:40:38","slug":"lavrov-vizite-ne-turqi-per-zhbllokimin-e-eksportit-te-dritherave-nga-ukraina","status":"publish","type":"post","link":"https:\/\/www.hashtag.al\/index.php\/2022\/06\/07\/lavrov-vizite-ne-turqi-per-zhbllokimin-e-eksportit-te-dritherave-nga-ukraina\/","title":{"rendered":"Lavrov vizit\u00eb n\u00eb Turqi p\u00ebr zhbllokimin e eksportit t\u00eb drith\u00ebrave nga Ukraina","gt_translate_keys":[{"key":"rendered","format":"text"}]},"content":{"rendered":"<p style=\"text-align: justify;\"><span style=\"color: #000000;\"><img loading=\"lazy\" decoding=\"async\" class=\"aligncenter size-full wp-image-528522\" src=\"https:\/\/www.hashtag.al\/wp-content\/uploads\/2022\/06\/lavrov-cavusoglu.jpg\" alt=\"\" width=\"864\" height=\"486\" srcset=\"https:\/\/www.hashtag.al\/wp-content\/uploads\/2022\/06\/lavrov-cavusoglu.jpg 864w, https:\/\/www.hashtag.al\/wp-content\/uploads\/2022\/06\/lavrov-cavusoglu-300x169.jpg 300w, https:\/\/www.hashtag.al\/wp-content\/uploads\/2022\/06\/lavrov-cavusoglu-768x432.jpg 768w\" sizes=\"auto, (max-width: 864px) 100vw, 864px\" \/><\/span><\/p>\n<p style=\"text-align: justify;\"><span style=\"color: #000000;\">Ministri i Jasht\u00ebm rus, Sergei Lavrov, nisi vizit\u00ebn dyditore n\u00eb Turqi, ku ai pritet t\u00eb mbaj\u00eb bisedime p\u00ebr zhbllokimin e eksporteve t\u00eb drith\u00ebrave nga Ukraina.<\/span><\/p>\n<p style=\"text-align: justify;\"><span style=\"color: #000000;\">N\u00eb qend\u00ebr t\u00eb negociatave \u00ebsht\u00eb edhe hapja e nj\u00eb korridori p\u00ebr anijet q\u00eb transportojn\u00eb drith\u00ebra t\u00eb Ukrain\u00ebs. Turqia ka ofruar q\u00eb t\u00eb p\u00ebrcjell\u00eb anijet nga portet e Detit t\u00eb Zi t\u00eb Ukrain\u00ebs, t\u00eb cilat jan\u00eb bllokuar nga ofensiva e Mosk\u00ebs.<\/span><\/p>\n<p style=\"text-align: justify;\"><span style=\"color: #000000;\">Lavrov \u00ebsht\u00eb parapar\u00eb q\u00eb m\u00eb 7 qershor t\u00eb takohet me ministrin e Jasht\u00ebm turk, Mevlut Cavusoglu, p\u00ebr vazhdimin e bisedimeve dhe ministri i Mbrojtjes, Hulusi Akar tha se ka par\u00eb \u201cp\u00ebrparim t\u00eb r\u00ebnd\u00ebsish\u00ebm\u201d p\u00ebr nj\u00eb marr\u00ebveshje t\u00eb mundshme q\u00eb do t\u00eb lejonte eksportet e drith\u00ebrave.<\/span><\/p>\n<p style=\"text-align: justify;\"><span style=\"color: #000000;\">Deklaratat e Akar erdh\u00ebn disa or\u00eb para arritjes s\u00eb Lavrovit n\u00eb Turqi.<\/span><\/p>\n<p style=\"text-align: justify;\"><span style=\"color: #000000;\">Rusia ka marr\u00eb kontrollin e pjes\u00ebve t\u00eb m\u00ebdha t\u00eb bregdetit t\u00eb Ukrain\u00ebs q\u00ebkur ka nisur pushtimin m\u00eb 24 shkurt, dhe luftanijet e saj kontrollojn\u00eb Detin e Zi dhe Detin Azov.<\/span><\/p>\n<p style=\"text-align: justify;\"><span style=\"color: #000000;\">Presidenti rus, Vladimir Putin, jav\u00ebn e kaluar i tha homologut t\u00eb tij turk, Recep Tayyip Erdogan, se Moska \u00ebsht\u00eb e gatshme q\u00eb t\u00eb punoj\u00eb me Ankaran\u00eb p\u00ebr t\u00eb zhbllokuar eksportet detare.<\/span><\/p>\n<p style=\"text-align: justify;\"><span style=\"color: #000000;\">Z\u00ebdh\u00ebn\u00ebsi i Kremlinit, Dmitry Peskov, u tha gazetar\u00ebve m\u00eb 7 qershor se Ukraina duhet t\u00eb largoj\u00eb minat nga bregdeti i saj, n\u00eb m\u00ebnyr\u00eb q\u00eb t\u00eb lejohet eksporti i drith\u00ebrave.<\/span><\/p>\n<p style=\"text-align: justify;\"><span style=\"color: #000000;\">\u201cKjo do t\u2019i lejoj\u00eb anijet, pasi t\u00eb kontrollohen nga ushtria jon\u00eb p\u00ebr t\u2019u siguruar se nuk kan\u00eb arm\u00eb, t\u00eb hyjn\u00eb n\u00eb porte, t\u00eb marrin ngarkesat me drith\u00ebra dhe me ndihm\u00ebn ton\u00eb t\u00eb lundrojn\u00eb n\u00eb uj\u00ebrat nd\u00ebrkomb\u00ebtare\u201d, tha Peskov.<\/span><\/p>\n","protected":false,"gt_translate_keys":[{"key":"rendered","format":"html"}]},"excerpt":{"rendered":"<p>Ministri i Jasht\u00ebm rus, Sergei Lavrov, nisi vizit\u00ebn dyditore n\u00eb Turqi, ku ai pritet t\u00eb mbaj\u00eb bisedime p\u00ebr zhbllokimin e eksporteve t\u00eb drith\u00ebrave nga Ukraina. N\u00eb qend\u00ebr t\u00eb negociatave \u00ebsht\u00eb edhe hapja e nj\u00eb korridori p\u00ebr anijet q\u00eb transportojn\u00eb drith\u00ebra t\u00eb Ukrain\u00ebs. Turqia ka ofruar q\u00eb t\u00eb p\u00ebrcjell\u00eb anijet nga portet e Detit t\u00eb Zi [&hellip;]<\/p>\n","protected":false,"gt_translate_keys":[{"key":"rendered","format":"html"}]},"author":32,"featured_media":528522,"comment_status":"closed","ping_status":"closed","sticky":false,"template":"","format":"standard","meta":{"footnotes":""},"categories":[6,13],"tags":[],"class_list":["post-528521","post","type-post","status-publish","format-standard","has-post-thumbnail","hentry","category-nderkombetare","category-te-fundit"],"gt_translate_keys":[{"key":"link","format":"url"}],"_links":{"self":[{"href":"https:\/\/www.hashtag.al\/index.php\/wp-json\/wp\/v2\/posts\/528521","targetHints":{"allow":["GET"]}}],"collection":[{"href":"https:\/\/www.hashtag.al\/index.php\/wp-json\/wp\/v2\/posts"}],"about":[{"href":"https:\/\/www.hashtag.al\/index.php\/wp-json\/wp\/v2\/types\/post"}],"author":[{"embeddable":true,"href":"https:\/\/www.hashtag.al\/index.php\/wp-json\/wp\/v2\/users\/32"}],"replies":[{"embeddable":true,"href":"https:\/\/www.hashtag.al\/index.php\/wp-json\/wp\/v2\/comments?post=528521"}],"version-history":[{"count":0,"href":"https:\/\/www.hashtag.al\/index.php\/wp-json\/wp\/v2\/posts\/528521\/revisions"}],"wp:featuredmedia":[{"embeddable":true,"href":"https:\/\/www.hashtag.al\/index.php\/wp-json\/wp\/v2\/media\/528522"}],"wp:attachment":[{"href":"https:\/\/www.hashtag.al\/index.php\/wp-json\/wp\/v2\/media?parent=528521"}],"wp:term":[{"taxonomy":"category","embeddable":true,"href":"https:\/\/www.hashtag.al\/index.php\/wp-json\/wp\/v2\/categories?post=528521"},{"taxonomy":"post_tag","embeddable":true,"href":"https:\/\/www.hashtag.al\/index.php\/wp-json\/wp\/v2\/tags?post=528521"}],"curies":[{"name":"wp","href":"https:\/\/api.w.org\/{rel}","templated":true}]}}