{"id":528389,"date":"2022-06-07T10:41:06","date_gmt":"2022-06-07T08:41:06","guid":{"rendered":"https:\/\/www.hashtag.al\/?p=528389"},"modified":"2022-06-07T17:36:17","modified_gmt":"2022-06-07T15:36:17","slug":"perplasja-e-jahtit-ne-zvernec-turisti-italian-kerkon-penalizimin-e-shtetit-shqiptar-mungojne-sinjalizimet-per-pjesen-nenujore","status":"publish","type":"post","link":"https:\/\/www.hashtag.al\/index.php\/2022\/06\/07\/perplasja-e-jahtit-ne-zvernec-turisti-italian-kerkon-penalizimin-e-shtetit-shqiptar-mungojne-sinjalizimet-per-pjesen-nenujore\/","title":{"rendered":"P\u00ebrplasja e jahtit n\u00eb Zv\u00ebrnec, turisti italian k\u00ebrkon penalizimin e shtetit shqiptar: Mungojn\u00eb sinjalizimet p\u00ebr pjes\u00ebn n\u00ebnujore","gt_translate_keys":[{"key":"rendered","format":"text"}]},"content":{"rendered":"<p><img loading=\"lazy\" decoding=\"async\" class=\"aligncenter size-full wp-image-528390\" src=\"https:\/\/www.hashtag.al\/wp-content\/uploads\/2022\/06\/turisti.jpg\" alt=\"\" width=\"813\" height=\"468\" srcset=\"https:\/\/www.hashtag.al\/wp-content\/uploads\/2022\/06\/turisti.jpg 813w, https:\/\/www.hashtag.al\/wp-content\/uploads\/2022\/06\/turisti-300x173.jpg 300w, https:\/\/www.hashtag.al\/wp-content\/uploads\/2022\/06\/turisti-768x442.jpg 768w, https:\/\/www.hashtag.al\/wp-content\/uploads\/2022\/06\/turisti-250x145.jpg 250w\" sizes=\"auto, (max-width: 813px) 100vw, 813px\" \/><\/p>\n<p><span style=\"color: #000000;\">Nj\u00eb nga kat\u00ebr turist\u00ebt italian\u00eb, jahti i t\u00eb cil\u00ebve u p\u00ebrplas me shk\u00ebmbinjt\u00eb n\u00ebnujor\u00eb n\u00eb Zv\u00ebrnec ka k\u00ebrkuar penalizimin e Shqip\u00ebris\u00eb pas aksidentit. \\<\/span><\/p>\n<p><span style=\"color: #000000;\">Ai tha se shteti shqiptar duhet t\u00eb penalizohet p\u00ebr munges\u00ebn e sinjalistik\u00ebs p\u00ebr shk\u00ebmbinjt\u00eb n\u00ebnujor\u00eb, sinjalistik\u00eb q\u00eb \u00ebsht\u00eb n\u00eb vende t\u00eb tejera pohoi ai.<\/span><\/p>\n<p><span style=\"color: #000000;\"><em>\u201cJemi nisur k\u00ebt\u00eb m\u00ebngjes dhe ishim n\u00eb kthim nga Sllovenia. Kemi b\u00ebr\u00eb gjith\u00eb Kroacin\u00eb dhe kemi kaluar n\u00eb 600 ishuj Kroaci dhe m\u00eb pas Mali i Zi. Kemi b\u00ebr\u00eb dje udh\u00ebtim direkt p\u00ebr n\u00eb Vlor\u00eb, ku n\u00eb hyrje si gjith\u00eb pronar\u00ebt e varkave p\u00ebrdor nj\u00eb program q\u00eb t\u00eb kem lart\u00ebsin\u00eb e skafit me baz\u00ebn e ujit dhe t\u00eb jep sinjale p\u00ebr gjith\u00e7ka q\u00eb ndodhet n\u00ebn det. P\u00ebr fat t\u00eb keq varka nuk ka sinjalizuar dhe u p\u00ebrplas\u00ebm me nj\u00eb shk\u00ebmb. F\u00ebmija jon\u00eb 4 vje\u00e7 ishte n\u00eb panik. Vet\u00ebm p\u00ebr mosinjalizim gjendemi n\u00eb k\u00ebt\u00eb situat\u00eb. Tani jemi n\u00eb k\u00ebrkim t\u00eb zgjidhjes sesi mund t\u00eb l\u00ebvizim vark\u00ebn q\u00eb andej. \u00cbsht\u00eb nj\u00eb problem me lajm\u00ebrimet q\u00eb shteti shqiptar duhet t\u00eb b\u00ebj\u00eb pjes\u00ebn n\u00ebn ujore. Si\u00e7 b\u00ebjm\u00eb ne nj\u00eb gabim dhe penalizohemi edhe shteti shqiptar duhet t\u00eb penalizohet. Policia e Kufirit dhe Guarda Di Finannza mb\u00ebrrit\u00ebn menj\u00ebher\u00eb. Falenderojm\u00eb popullin shqiptar q\u00eb na ndihmuan dhe nuk na mor\u00ebn lek\u00eb e na dhan\u00eb ushqim.\u201d<\/em> &#8211; tha ai, shkruan Shqiptarja.<\/span><\/p>\n<p><span style=\"color: #000000;\">Aksidenti ndodhi n\u00eb or\u00ebn 4 t\u00eb m\u00ebngjesit t\u00eb sot\u00ebm ku jahti me kat\u00ebr persona n\u00eb bord u p\u00ebrplas pran\u00eb Zv\u00ebrnecit. Fatmir\u00ebsisht \u00a0personat n\u00eb bord u nxorr\u00ebn n\u00eb koh\u00eb pas nd\u00ebrhyrjes s\u00eb Guardia di Finanzas e Policis\u00eb Kufitare.<\/span><\/p>\n","protected":false,"gt_translate_keys":[{"key":"rendered","format":"html"}]},"excerpt":{"rendered":"<p>Nj\u00eb nga kat\u00ebr turist\u00ebt italian\u00eb, jahti i t\u00eb cil\u00ebve u p\u00ebrplas me shk\u00ebmbinjt\u00eb n\u00ebnujor\u00eb n\u00eb Zv\u00ebrnec ka k\u00ebrkuar penalizimin e Shqip\u00ebris\u00eb pas aksidentit. \\ Ai tha se shteti shqiptar duhet t\u00eb penalizohet p\u00ebr munges\u00ebn e sinjalistik\u00ebs p\u00ebr shk\u00ebmbinjt\u00eb n\u00ebnujor\u00eb, sinjalistik\u00eb q\u00eb \u00ebsht\u00eb n\u00eb vende t\u00eb tejera pohoi ai. \u201cJemi nisur k\u00ebt\u00eb m\u00ebngjes dhe ishim n\u00eb [&hellip;]<\/p>\n","protected":false,"gt_translate_keys":[{"key":"rendered","format":"html"}]},"author":51,"featured_media":528390,"comment_status":"closed","ping_status":"closed","sticky":false,"template":"","format":"standard","meta":{"footnotes":""},"categories":[22,65,13],"tags":[],"class_list":["post-528389","post","type-post","status-publish","format-standard","has-post-thumbnail","hentry","category-ballina","category-lajme","category-te-fundit"],"gt_translate_keys":[{"key":"link","format":"url"}],"_links":{"self":[{"href":"https:\/\/www.hashtag.al\/index.php\/wp-json\/wp\/v2\/posts\/528389","targetHints":{"allow":["GET"]}}],"collection":[{"href":"https:\/\/www.hashtag.al\/index.php\/wp-json\/wp\/v2\/posts"}],"about":[{"href":"https:\/\/www.hashtag.al\/index.php\/wp-json\/wp\/v2\/types\/post"}],"author":[{"embeddable":true,"href":"https:\/\/www.hashtag.al\/index.php\/wp-json\/wp\/v2\/users\/51"}],"replies":[{"embeddable":true,"href":"https:\/\/www.hashtag.al\/index.php\/wp-json\/wp\/v2\/comments?post=528389"}],"version-history":[{"count":0,"href":"https:\/\/www.hashtag.al\/index.php\/wp-json\/wp\/v2\/posts\/528389\/revisions"}],"wp:featuredmedia":[{"embeddable":true,"href":"https:\/\/www.hashtag.al\/index.php\/wp-json\/wp\/v2\/media\/528390"}],"wp:attachment":[{"href":"https:\/\/www.hashtag.al\/index.php\/wp-json\/wp\/v2\/media?parent=528389"}],"wp:term":[{"taxonomy":"category","embeddable":true,"href":"https:\/\/www.hashtag.al\/index.php\/wp-json\/wp\/v2\/categories?post=528389"},{"taxonomy":"post_tag","embeddable":true,"href":"https:\/\/www.hashtag.al\/index.php\/wp-json\/wp\/v2\/tags?post=528389"}],"curies":[{"name":"wp","href":"https:\/\/api.w.org\/{rel}","templated":true}]}}