{"id":528223,"date":"2022-06-06T13:03:04","date_gmt":"2022-06-06T11:03:04","guid":{"rendered":"https:\/\/www.hashtag.al\/?p=528223"},"modified":"2022-06-06T13:03:04","modified_gmt":"2022-06-06T11:03:04","slug":"monika-kryemadhi-bajram-begajt-i-uroj-suksese-berisha-ti-drejtohet-gjykates-kushtetuese","status":"publish","type":"post","link":"https:\/\/www.hashtag.al\/index.php\/2022\/06\/06\/monika-kryemadhi-bajram-begajt-i-uroj-suksese-berisha-ti-drejtohet-gjykates-kushtetuese\/","title":{"rendered":"Monika Kryemadhi: Bajram Begajt i uroj suksese, Berisha t&#8217;i drejtohet Gjykat\u00ebs Kushtetuese","gt_translate_keys":[{"key":"rendered","format":"text"}]},"content":{"rendered":"<p><span style=\"color: #000000;\"><a href=\"https:\/\/www.hashtag.al\/wp-content\/uploads\/2022\/06\/Kryemadhi.jpg\"><img loading=\"lazy\" decoding=\"async\" class=\"aligncenter size-full wp-image-528224\" src=\"https:\/\/www.hashtag.al\/wp-content\/uploads\/2022\/06\/Kryemadhi.jpg\" alt=\"\" width=\"836\" height=\"410\" srcset=\"https:\/\/www.hashtag.al\/wp-content\/uploads\/2022\/06\/Kryemadhi.jpg 836w, https:\/\/www.hashtag.al\/wp-content\/uploads\/2022\/06\/Kryemadhi-300x147.jpg 300w, https:\/\/www.hashtag.al\/wp-content\/uploads\/2022\/06\/Kryemadhi-768x377.jpg 768w\" sizes=\"auto, (max-width: 836px) 100vw, 836px\" \/><\/a><\/span><\/p>\n<p><span style=\"color: #000000;\">Kryetarja e LSI-s\u00eb, Monika Kryemadhi i ka uruar suksese t\u00eb zgjedhurit p\u00ebr president Bajram Begajt, megjithat\u00eb ka shprehur rezerva lidhur me procesin q\u00eb \u00e7oi n\u00eb zgjedhjen e tij.<\/span><\/p>\n<p><span style=\"color: #000000;\">E pyetur lidhur me p\u00ebrplasjen e mundshme mes kryedemokratit Sali Berisha dhe Presidentit Ilir Meta lidhur me \u00e7\u00ebshtjen e Begajt, Kryemadhi tha se nuk \u00ebsht\u00eb juriste, q\u00eb t\u00eb diskutoj\u00eb dekretet e Presidentit.<\/span><\/p>\n<p><span style=\"color: #000000;\">Sipas zonj\u00ebs Kryemadhi, Berisha mund t\u2019i drejtohet Gjykat\u00ebs Kushtetuese, p\u00ebr t\u00eb qart\u00ebsuar situat\u00ebn.<\/span><\/p>\n<p><em><span style=\"color: #000000;\">\u201cP\u00ebr hir t\u00eb s\u00eb v\u00ebrtet\u00ebs nuk jam juriste konstitucionaliste, q\u00eb t\u00eb diskutoj dekretet e Presidentit nga ana kushtetuese. Mendoj q\u00eb mund t\u2019i drejtohen Gjykat\u00ebs Kushtetuese, e cila do ta b\u00ebnte cdo gj\u00eb m\u00eb t\u00eb qart\u00eb. Duke iu drejtuar asaj, marrin p\u00ebrgjigje dhe deklaratat e Berish\u00ebs.<\/span><\/em><\/p>\n<p><em><span style=\"color: #000000;\">Nuk kam asgj\u00eb personale me Begajn, madje i uroj suksese n\u00eb postin e tij t\u00eb ri, por theksoj se t\u00eb qenit President k\u00ebrkon integritet, pavar\u00ebsi veprimi e mendimi, si dhe atdhedashuri. Nuk e di n\u00ebse kjo do t\u00eb jet\u00eb e mundshme p\u00ebr t\u00eb, duke pasur parasysh nj\u00eb qeveri autokrate. I gjith\u00eb procesi ishte jokonsensual, p\u00ebrjashtues.<\/span><\/em><\/p>\n<p><span style=\"color: #000000;\"><em>Kushtetuta thot\u00eb q\u00eb nuk duhen p\u00ebrjashtuar pal\u00ebt, por duhen p\u00ebrfshir\u00eb n\u00eb debat. P\u00ebr mua mund t\u00eb ishte President nj\u00eb gazetar, nj\u00eb analist q\u00eb kishte pavar\u00ebsi politike dhe integritet. Ajo q\u00eb t\u00eb b\u00ebn p\u00ebrshtypje \u00ebsht\u00eb verdikti i vot\u00ebs s\u00eb maxhoranc\u00ebs, q\u00eb i ka dh\u00ebn\u00eb t\u00eb drejt\u00eb t\u00eb zgjidhet President pa konsensus.<\/em>\u201d- tha Kryemadhi.<\/span><\/p>\n","protected":false,"gt_translate_keys":[{"key":"rendered","format":"html"}]},"excerpt":{"rendered":"<p>Kryetarja e LSI-s\u00eb, Monika Kryemadhi i ka uruar suksese t\u00eb zgjedhurit p\u00ebr president Bajram Begajt, megjithat\u00eb ka shprehur rezerva lidhur me procesin q\u00eb \u00e7oi n\u00eb zgjedhjen e tij. E pyetur lidhur me p\u00ebrplasjen e mundshme mes kryedemokratit Sali Berisha dhe Presidentit Ilir Meta lidhur me \u00e7\u00ebshtjen e Begajt, Kryemadhi tha se nuk \u00ebsht\u00eb juriste, q\u00eb [&hellip;]<\/p>\n","protected":false,"gt_translate_keys":[{"key":"rendered","format":"html"}]},"author":30,"featured_media":528224,"comment_status":"closed","ping_status":"closed","sticky":false,"template":"","format":"standard","meta":{"footnotes":""},"categories":[65,13],"tags":[],"class_list":["post-528223","post","type-post","status-publish","format-standard","has-post-thumbnail","hentry","category-lajme","category-te-fundit"],"gt_translate_keys":[{"key":"link","format":"url"}],"_links":{"self":[{"href":"https:\/\/www.hashtag.al\/index.php\/wp-json\/wp\/v2\/posts\/528223","targetHints":{"allow":["GET"]}}],"collection":[{"href":"https:\/\/www.hashtag.al\/index.php\/wp-json\/wp\/v2\/posts"}],"about":[{"href":"https:\/\/www.hashtag.al\/index.php\/wp-json\/wp\/v2\/types\/post"}],"author":[{"embeddable":true,"href":"https:\/\/www.hashtag.al\/index.php\/wp-json\/wp\/v2\/users\/30"}],"replies":[{"embeddable":true,"href":"https:\/\/www.hashtag.al\/index.php\/wp-json\/wp\/v2\/comments?post=528223"}],"version-history":[{"count":0,"href":"https:\/\/www.hashtag.al\/index.php\/wp-json\/wp\/v2\/posts\/528223\/revisions"}],"wp:featuredmedia":[{"embeddable":true,"href":"https:\/\/www.hashtag.al\/index.php\/wp-json\/wp\/v2\/media\/528224"}],"wp:attachment":[{"href":"https:\/\/www.hashtag.al\/index.php\/wp-json\/wp\/v2\/media?parent=528223"}],"wp:term":[{"taxonomy":"category","embeddable":true,"href":"https:\/\/www.hashtag.al\/index.php\/wp-json\/wp\/v2\/categories?post=528223"},{"taxonomy":"post_tag","embeddable":true,"href":"https:\/\/www.hashtag.al\/index.php\/wp-json\/wp\/v2\/tags?post=528223"}],"curies":[{"name":"wp","href":"https:\/\/api.w.org\/{rel}","templated":true}]}}