{"id":528096,"date":"2022-06-05T20:53:58","date_gmt":"2022-06-05T18:53:58","guid":{"rendered":"https:\/\/www.hashtag.al\/?p=528096"},"modified":"2022-06-05T21:20:54","modified_gmt":"2022-06-05T19:20:54","slug":"te-pakten-50-te-vdekur-nga-sulmi-ne-nje-kishe-ne-nigeri","status":"publish","type":"post","link":"https:\/\/www.hashtag.al\/index.php\/2022\/06\/05\/te-pakten-50-te-vdekur-nga-sulmi-ne-nje-kishe-ne-nigeri\/","title":{"rendered":"50 t\u00eb vdekur nga sulmi n\u00eb nj\u00eb kish\u00eb n\u00eb Nigeri","gt_translate_keys":[{"key":"rendered","format":"text"}]},"content":{"rendered":"<p><span style=\"color: #000000;\"><img loading=\"lazy\" decoding=\"async\" class=\"aligncenter size-full wp-image-528097\" src=\"https:\/\/www.hashtag.al\/wp-content\/uploads\/2022\/06\/nigerivreasje.jpg\" alt=\"\" width=\"1215\" height=\"626\" srcset=\"https:\/\/www.hashtag.al\/wp-content\/uploads\/2022\/06\/nigerivreasje.jpg 1215w, https:\/\/www.hashtag.al\/wp-content\/uploads\/2022\/06\/nigerivreasje-300x155.jpg 300w, https:\/\/www.hashtag.al\/wp-content\/uploads\/2022\/06\/nigerivreasje-1024x528.jpg 1024w, https:\/\/www.hashtag.al\/wp-content\/uploads\/2022\/06\/nigerivreasje-768x396.jpg 768w\" sizes=\"auto, (max-width: 1215px) 100vw, 1215px\" \/><\/span><\/p>\n<p><span style=\"color: #000000;\">T\u00eb pakt\u00ebn 50 persona u vran\u00eb dhe t\u00eb tjer\u00eb u plagos\u00ebn pasi persona t\u00eb armatosur sulmuan nj\u00eb kish\u00eb katolike n\u00eb shtetin Ondo t\u00eb Nigeris\u00eb gjat\u00eb mesh\u00ebs t\u00eb diel\u00ebn, njoftuan nj\u00eb mjek dhe media lokale.<\/span><\/p>\n<p><span style=\"color: #000000;\">Nj\u00eb mjek n\u00eb nj\u00eb spital n\u00eb Owo, nj\u00eb qytet n\u00eb shtetin n\u00eb jugper\u00ebndim t\u00eb Nigeris\u00eb, i tha Reuters se jo m\u00eb pak se 50 trupa ishin zhvendosur n\u00eb FMC (Qendra Mjek\u00ebsore Federale) n\u00eb Owo dhe n\u00eb Spitalin Katolik.<\/span><\/p>\n<p><span style=\"color: #000000;\">Presidenti Muhammadu Buhari e d\u00ebnoi sulmin, duke e quajtur at\u00eb \u2018t\u00eb neveritsh\u00ebm\u2019. Identiteti dhe motivi i sulmuesve nuk jan\u00eb b\u00ebr\u00eb menj\u00ebher\u00eb t\u00eb qarta.<\/span><\/p>\n<p><span style=\"color: #000000;\">Mediat vendase than\u00eb se persona t\u00eb armatosur kishin q\u00eblluar ndaj besimtar\u00ebve dhe shp\u00ebrthyen eksploziv\u00eb n\u00eb kish\u00eb. Nd\u00ebr t\u00eb vrar\u00ebt kishte gra dhe f\u00ebmij\u00eb.<\/span><\/p>\n<p><span style=\"color: #000000;\">Funmilayo Ibukun Odunlami, z\u00ebdh\u00ebn\u00ebs i policis\u00eb p\u00ebr shtetin Ondo, tha vet\u00ebm se kishte pasur nj\u00eb incident n\u00eb kish\u00ebn katolike t\u00eb Sh\u00ebn Fran\u00e7eskut n\u00eb Owo dhe tha se policia do l\u00ebshoj\u00eb nj\u00eb deklarat\u00eb t\u00eb m\u00ebtejshme s\u00eb shpejti.<\/span><\/p>\n<p><span style=\"color: #000000;\">Vendi m\u00eb i populluar i Afrik\u00ebs ka d\u00ebshmuar sulme dhe rr\u00ebmbime p\u00ebr shp\u00ebrblim nga bandat e armatosura, kryesisht n\u00eb veriper\u00ebndim t\u00eb tij. Sulme t\u00eb tilla jan\u00eb t\u00eb rralla n\u00eb Nigerin\u00eb jugper\u00ebndimore.<\/span><\/p>\n<p><span style=\"color: #000000;\">Guvernatori i shtetit Ondo, Arakunrin Oluwarotimi Akeredolu nd\u00ebrpreu nj\u00eb udh\u00ebtim n\u00eb kryeqytetin Abuja dhe u kthye n\u00eb Ondo pas sulmit.<\/span><\/p>\n<p><span style=\"color: #000000;\"><em>&#8220;Ne do p\u00ebrfshijm\u00eb \u00e7do burim n\u00eb dispozicion p\u00ebr t\u2019i kapur personat q\u00eb kryen masakr\u00ebn dhe p\u00ebr t&#8217;i b\u00ebr\u00eb ata t\u00eb paguajn\u00eb p\u00ebr t\u00eb.&#8221;<\/em> &#8211; tha ai n\u00eb nj\u00eb deklarat\u00eb.<\/span><\/p>\n","protected":false,"gt_translate_keys":[{"key":"rendered","format":"html"}]},"excerpt":{"rendered":"<p>T\u00eb pakt\u00ebn 50 persona u vran\u00eb dhe t\u00eb tjer\u00eb u plagos\u00ebn pasi persona t\u00eb armatosur sulmuan nj\u00eb kish\u00eb katolike n\u00eb shtetin Ondo t\u00eb Nigeris\u00eb gjat\u00eb mesh\u00ebs t\u00eb diel\u00ebn, njoftuan nj\u00eb mjek dhe media lokale. Nj\u00eb mjek n\u00eb nj\u00eb spital n\u00eb Owo, nj\u00eb qytet n\u00eb shtetin n\u00eb jugper\u00ebndim t\u00eb Nigeris\u00eb, i tha Reuters se jo m\u00eb [&hellip;]<\/p>\n","protected":false,"gt_translate_keys":[{"key":"rendered","format":"html"}]},"author":51,"featured_media":528097,"comment_status":"closed","ping_status":"closed","sticky":false,"template":"","format":"standard","meta":{"footnotes":""},"categories":[6],"tags":[],"class_list":["post-528096","post","type-post","status-publish","format-standard","has-post-thumbnail","hentry","category-nderkombetare"],"gt_translate_keys":[{"key":"link","format":"url"}],"_links":{"self":[{"href":"https:\/\/www.hashtag.al\/index.php\/wp-json\/wp\/v2\/posts\/528096","targetHints":{"allow":["GET"]}}],"collection":[{"href":"https:\/\/www.hashtag.al\/index.php\/wp-json\/wp\/v2\/posts"}],"about":[{"href":"https:\/\/www.hashtag.al\/index.php\/wp-json\/wp\/v2\/types\/post"}],"author":[{"embeddable":true,"href":"https:\/\/www.hashtag.al\/index.php\/wp-json\/wp\/v2\/users\/51"}],"replies":[{"embeddable":true,"href":"https:\/\/www.hashtag.al\/index.php\/wp-json\/wp\/v2\/comments?post=528096"}],"version-history":[{"count":0,"href":"https:\/\/www.hashtag.al\/index.php\/wp-json\/wp\/v2\/posts\/528096\/revisions"}],"wp:featuredmedia":[{"embeddable":true,"href":"https:\/\/www.hashtag.al\/index.php\/wp-json\/wp\/v2\/media\/528097"}],"wp:attachment":[{"href":"https:\/\/www.hashtag.al\/index.php\/wp-json\/wp\/v2\/media?parent=528096"}],"wp:term":[{"taxonomy":"category","embeddable":true,"href":"https:\/\/www.hashtag.al\/index.php\/wp-json\/wp\/v2\/categories?post=528096"},{"taxonomy":"post_tag","embeddable":true,"href":"https:\/\/www.hashtag.al\/index.php\/wp-json\/wp\/v2\/tags?post=528096"}],"curies":[{"name":"wp","href":"https:\/\/api.w.org\/{rel}","templated":true}]}}