{"id":527922,"date":"2022-06-04T18:59:46","date_gmt":"2022-06-04T16:59:46","guid":{"rendered":"https:\/\/www.hashtag.al\/?p=527922"},"modified":"2022-06-04T19:06:46","modified_gmt":"2022-06-04T17:06:46","slug":"bajram-begaj-zgjidhet-president","status":"publish","type":"post","link":"https:\/\/www.hashtag.al\/index.php\/2022\/06\/04\/bajram-begaj-zgjidhet-president\/","title":{"rendered":"Bajram Begaj zgjidhet president","gt_translate_keys":[{"key":"rendered","format":"text"}]},"content":{"rendered":"<p><span style=\"color: #000000;\"><img loading=\"lazy\" decoding=\"async\" class=\"aligncenter size-full wp-image-527928\" src=\"https:\/\/www.hashtag.al\/wp-content\/uploads\/2022\/06\/ipiccy_image.jpg\" alt=\"\" width=\"2000\" height=\"1000\" srcset=\"https:\/\/www.hashtag.al\/wp-content\/uploads\/2022\/06\/ipiccy_image.jpg 2000w, https:\/\/www.hashtag.al\/wp-content\/uploads\/2022\/06\/ipiccy_image-300x150.jpg 300w, https:\/\/www.hashtag.al\/wp-content\/uploads\/2022\/06\/ipiccy_image-1024x512.jpg 1024w, https:\/\/www.hashtag.al\/wp-content\/uploads\/2022\/06\/ipiccy_image-768x384.jpg 768w, https:\/\/www.hashtag.al\/wp-content\/uploads\/2022\/06\/ipiccy_image-1536x768.jpg 1536w\" sizes=\"auto, (max-width: 2000px) 100vw, 2000px\" \/><\/span><\/p>\n<p><span style=\"color: #000000;\">Bajram Begaj \u00ebsht\u00eb zgjedhur presidenti i ri i vendit pas votimit n\u00eb Kuvend. Ai do z\u00ebvend\u00ebsoj\u00eb Ilir Met\u00ebn nd\u00ebrsa emri i tij u propozua nga PS-ja.<\/span><\/p>\n<p><span style=\"color: #000000;\">Begaj mori 78 vota pro, 4 vota ishin kund\u00ebr, nd\u00ebrsa nj\u00eb deputet abstenoi.<\/span><\/p>\n<p><span style=\"color: #000000;\">Begaj, i cili deri pak or\u00eb m\u00eb par\u00eb ka qen\u00eb shef i shtabit t\u00eb ushtris\u00eb hoqi dor\u00eb ng\u00eb pozicioni duke qen\u00eb se t\u00eb qenit ushtarak aktiv e pengonte at\u00eb nga kandidimi. <\/span><\/p>\n<p><span style=\"color: #000000;\">Dor\u00ebheqja e tij u dekretua nga presidenti Meta nga Stambolli ku ndodhet p\u00ebr nj\u00eb vizit\u00eb. Emri i Begajt \u00ebsht\u00eb vler\u00ebsuar nga kryeministri Rama, sipas t\u00eb cilit ai i plot\u00ebson t\u00eb gjitha kushtet p\u00ebr t\u00eb qen\u00eb kreu i ri i shtetit. <\/span><\/p>\n<p><span style=\"color: #000000;\">Nd\u00ebrkoh\u00eb Komisionit i Rithemelimit t\u00eb PD-s\u00eb e ka kund\u00ebrshtuar emrin e Bajram Begajt. N\u00eb q\u00ebndrimin e tij n\u00eb Komisionin e Ligjeve pak or\u00eb m\u00eb par\u00eb, p\u00ebrfaq\u00ebsuesi i komisionit Oerd Bylykbashi tha se Begaj \u00ebsht\u00eb ushtarak aktiv dhe dor\u00ebheqja e tij nuk ndryshon asgj\u00eb n\u00eb proces, t\u00eb cilin e quajti antikushtetues. <\/span><\/p>\n<p><span style=\"color: #000000;\">M\u00eb her\u00ebt Komisioni i Ligjeve deklaroi se Begaj i plot\u00ebson t\u00eb gjitha kushtet p\u00ebr t\u00eb qen\u00eb kandidat p\u00ebr president, gj\u00eb q\u00eb u kund\u00ebrshtua edhe nga ish-kryeministri Berisha i cili deklaroi se dekreti i Met\u00ebs nga Stambolli nuk ka asnj\u00eb vler\u00eb ligjore.<\/span><\/p>\n<p><span style=\"color: #000000;\">Emri i Begajt doli n\u00eb sken\u00eb vet\u00ebm dy dit\u00eb m\u00eb par\u00eb, nd\u00ebrsa m\u00eb her\u00ebt u p\u00ebrfol\u00ebn edhe ish-deputetja e PD-s\u00eb Majlinda Bregu, ish-Kryeprokurorja Ina Rama e an\u00ebtari i Autoritetit p\u00ebr Hapjen e Dosjeve Simon Mirakaj. <\/span><\/p>\n<p><span style=\"color: #000000;\">Po k\u00ebshtu q\u00eb prej nisjes s\u00eb procesit, pati nj\u00eb s\u00ebr\u00eb kandidat\u00ebsh q\u00eb u propozuan nga grupe t\u00eb ndryshme apo u vet\u00ebofruan p\u00ebr postin e kreut t\u00eb shtetit. Zgjedhja e Begajt vjen pas nj\u00eb periudhe t\u00eb gjat\u00eb p\u00ebrplasjesh mes presidentit t\u00eb tanish\u00ebm Meta e kryeministrit Rama. <\/span><\/p>\n<p><span style=\"color: #000000;\">Ky i fundit e ka dhjet\u00ebra her\u00eb Met\u00ebn se ka shkelur ligjin e ka kap\u00ebrcyer kufijt\u00eb e institucionit q\u00eb p\u00ebrfaq\u00ebson duke theksuar se presidenti i ri duhet t\u00eb jet\u00eb krejt i kund\u00ebrt nga ai n\u00eb detyr\u00eb. Komisioni i Rithemelimit nuk mori pjes\u00eb n\u00eb seanc\u00ebn e votimit t\u00eb Begajt si presidenti i ri i vendit.<\/span><\/p>\n<p><span style=\"color: #000000;\"><strong><img loading=\"lazy\" decoding=\"async\" class=\"aligncenter size-full wp-image-527926\" src=\"https:\/\/www.hashtag.al\/wp-content\/uploads\/2022\/06\/begaj2.jpg\" alt=\"\" width=\"1345\" height=\"647\" srcset=\"https:\/\/www.hashtag.al\/wp-content\/uploads\/2022\/06\/begaj2.jpg 1345w, https:\/\/www.hashtag.al\/wp-content\/uploads\/2022\/06\/begaj2-300x144.jpg 300w, https:\/\/www.hashtag.al\/wp-content\/uploads\/2022\/06\/begaj2-1024x493.jpg 1024w, https:\/\/www.hashtag.al\/wp-content\/uploads\/2022\/06\/begaj2-768x369.jpg 768w\" sizes=\"auto, (max-width: 1345px) 100vw, 1345px\" \/><\/strong><\/span><\/p>\n<p><span style=\"color: #000000;\"><strong>Kush \u00ebsht\u00eb Bajram Begaj<\/strong><\/span><\/p>\n<p><span style=\"color: #000000;\">Gjeneralmajor Bajram Begaj ka lindur m\u00eb dat\u00eb 20 mars 1967, n\u00eb Rrogozhin\u00eb. N\u00eb vitin 1989, gjeneralmajor Begaj ka p\u00ebrfunduar studimet pran\u00eb Universitetit t\u00eb Tiran\u00ebs, Fakulteti i Mjek\u00ebsis\u00eb, Dega Mjek\u00ebsi e P\u00ebrgjithshme dhe \u00ebsht\u00eb titulluar oficer aktiv n\u00eb specialitetin \u201cMjek\u00ebsi\u201d n\u00eb vitin 1998.<\/span><\/p>\n<p><span style=\"color: #000000;\">P\u00ebrpara se t\u00eb merrte detyr\u00ebn e shefit t\u00eb Shtabit t\u00eb P\u00ebrgjithsh\u00ebm, gjeneralmajor prof. asoc. Bajram Begaj, p\u00ebr nj\u00eb periudh\u00eb tre vje\u00e7are, ka sh\u00ebrbyer n\u00eb detyr\u00ebn e komandantit t\u00eb Komand\u00ebs s\u00eb Doktrin\u00ebs dhe St\u00ebrvitjes.<\/span><\/p>\n<p><span style=\"color: #000000;\">Gjat\u00eb karrier\u00ebs s\u00eb tij ushtarake, gjeneralmajor Bajram Begaj ka sh\u00ebrbyer n\u00eb pozicione t\u00eb ndryshme drejtuese n\u00eb Forcat e Armatosura, si: z\u00ebvend\u00ebsdrejtor i Qendr\u00ebs Spitalore Universitare \u201cN\u00ebn\u00eb Tereza\u201d; drejtor i P\u00ebrgjithsh\u00ebm i Spitalit Ushtarak Qendror Universitar; drejtor i Inspektoratit Sh\u00ebndet\u00ebsor, kryeinspektor dhe k\u00ebshilltar i Inspektoratit Sh\u00ebndet\u00ebsor n\u00eb Shtabin e P\u00ebrgjithsh\u00ebm t\u00eb FA; shef i Nj\u00ebsis\u00eb Mjek\u00ebsore Ushtarake dhe z\u00ebvend\u00ebsdrejtor i Spitalit Universitar t\u00eb Traum\u00ebs, si dhe detyra t\u00eb tjera n\u00eb strukturat e Forcave t\u00eb Armatosura.<\/span><\/p>\n<p><span style=\"color: #000000;\">Gjeneralmajor Begaj ka ndjekur kualifikime dhe specializime t\u00eb ndryshme n\u00eb fush\u00ebn ushtarake dhe at\u00eb mjek\u00ebsore, n\u00eb institucionet arsimore brenda dhe jasht\u00eb vendit. Ai ka p\u00ebrfunduar Kursin e Lart\u00eb p\u00ebr Sigurin\u00eb dhe Mbrojtjen pran\u00eb Akademis\u00eb s\u00eb Forcave t\u00eb Armatosura, Shkoll\u00ebn e Thelluar Pasuniversitare t\u00eb Mjek\u00ebsis\u00eb dhe specializimin pasuniversitar n\u00eb profilin Gastrohepatologji, pran\u00eb Fakultetit t\u00eb Mjek\u00ebsis\u00eb Tiran\u00eb.<\/span><\/p>\n<p><span style=\"color: #000000;\">Gjithashtu ka ndjekur kursin e menaxhimit spitalor dhe kursin e lidershipit mjek\u00ebsor strategjik, n\u00eb SHBA, Kursin e Lart\u00eb Nd\u00ebrkomb\u00ebtar t\u00eb Menaxhimit t\u00eb Mbrojtjes,\u00a0 pran\u00eb Institutit t\u00eb Menaxhimit t\u00eb Burimeve t\u00eb Mbrojtjes n\u00eb Shkoll\u00ebn Pasuniversitare t\u00eb Marin\u00ebs n\u00eb SHBA, Seminarin e Lart\u00eb Ekzekutiv pran\u00eb Qendr\u00ebs Marshall, Gjermani, si dhe kurse e kualifikime t\u00eb tjera ushtarake.<\/span><\/p>\n<p><span style=\"color: #000000;\">Gjeneralmajor Bajram Begaj, ka p\u00ebrfunduar \u201cDoktorat\u00ebn n\u00eb Fush\u00ebn e Mjek\u00ebsis\u00eb\u201d, pran\u00eb Fakultetit t\u00eb Mjek\u00ebsis\u00eb si dhe mban titullin \u201cProfesor i Asociuar\u201d n\u00eb Mjek\u00ebsi. Nj\u00ebkoh\u00ebsisht \u00ebsht\u00eb vler\u00ebsuar me medalje t\u00eb ndryshme p\u00ebr arritje gjat\u00eb karrier\u00ebs se tij ushtarake.<\/span><\/p>\n<p><span style=\"color: #000000;\">Gjeneralmajor Bajram Begaj flet rrjedhsh\u00ebm gjuh\u00ebn angleze.<\/span><\/p>\n<p><span style=\"color: #000000;\">Ai \u00ebsht\u00eb i martuar dhe ka dy f\u00ebmij\u00eb.<\/span><\/p>\n<p><img loading=\"lazy\" decoding=\"async\" class=\"aligncenter size-full wp-image-527927\" src=\"https:\/\/www.hashtag.al\/wp-content\/uploads\/2022\/06\/rama-1-1.jpg\" alt=\"\" width=\"1599\" height=\"1066\" srcset=\"https:\/\/www.hashtag.al\/wp-content\/uploads\/2022\/06\/rama-1-1.jpg 1599w, https:\/\/www.hashtag.al\/wp-content\/uploads\/2022\/06\/rama-1-1-300x200.jpg 300w, https:\/\/www.hashtag.al\/wp-content\/uploads\/2022\/06\/rama-1-1-1024x683.jpg 1024w, https:\/\/www.hashtag.al\/wp-content\/uploads\/2022\/06\/rama-1-1-768x512.jpg 768w, https:\/\/www.hashtag.al\/wp-content\/uploads\/2022\/06\/rama-1-1-1536x1024.jpg 1536w\" sizes=\"auto, (max-width: 1599px) 100vw, 1599px\" \/><\/p>\n","protected":false,"gt_translate_keys":[{"key":"rendered","format":"html"}]},"excerpt":{"rendered":"<p>Bajram Begaj \u00ebsht\u00eb zgjedhur presidenti i ri i vendit pas votimit n\u00eb Kuvend. Ai do z\u00ebvend\u00ebsoj\u00eb Ilir Met\u00ebn nd\u00ebrsa emri i tij u propozua nga PS-ja. Begaj mori 78 vota pro, 4 vota ishin kund\u00ebr, nd\u00ebrsa nj\u00eb deputet abstenoi. Begaj, i cili deri pak or\u00eb m\u00eb par\u00eb ka qen\u00eb shef i shtabit t\u00eb ushtris\u00eb hoqi [&hellip;]<\/p>\n","protected":false,"gt_translate_keys":[{"key":"rendered","format":"html"}]},"author":51,"featured_media":527928,"comment_status":"closed","ping_status":"closed","sticky":false,"template":"","format":"standard","meta":{"footnotes":""},"categories":[22,65,13],"tags":[],"class_list":["post-527922","post","type-post","status-publish","format-standard","has-post-thumbnail","hentry","category-ballina","category-lajme","category-te-fundit"],"gt_translate_keys":[{"key":"link","format":"url"}],"_links":{"self":[{"href":"https:\/\/www.hashtag.al\/index.php\/wp-json\/wp\/v2\/posts\/527922","targetHints":{"allow":["GET"]}}],"collection":[{"href":"https:\/\/www.hashtag.al\/index.php\/wp-json\/wp\/v2\/posts"}],"about":[{"href":"https:\/\/www.hashtag.al\/index.php\/wp-json\/wp\/v2\/types\/post"}],"author":[{"embeddable":true,"href":"https:\/\/www.hashtag.al\/index.php\/wp-json\/wp\/v2\/users\/51"}],"replies":[{"embeddable":true,"href":"https:\/\/www.hashtag.al\/index.php\/wp-json\/wp\/v2\/comments?post=527922"}],"version-history":[{"count":0,"href":"https:\/\/www.hashtag.al\/index.php\/wp-json\/wp\/v2\/posts\/527922\/revisions"}],"wp:featuredmedia":[{"embeddable":true,"href":"https:\/\/www.hashtag.al\/index.php\/wp-json\/wp\/v2\/media\/527928"}],"wp:attachment":[{"href":"https:\/\/www.hashtag.al\/index.php\/wp-json\/wp\/v2\/media?parent=527922"}],"wp:term":[{"taxonomy":"category","embeddable":true,"href":"https:\/\/www.hashtag.al\/index.php\/wp-json\/wp\/v2\/categories?post=527922"},{"taxonomy":"post_tag","embeddable":true,"href":"https:\/\/www.hashtag.al\/index.php\/wp-json\/wp\/v2\/tags?post=527922"}],"curies":[{"name":"wp","href":"https:\/\/api.w.org\/{rel}","templated":true}]}}