{"id":527858,"date":"2022-06-04T15:08:44","date_gmt":"2022-06-04T13:08:44","guid":{"rendered":"https:\/\/www.hashtag.al\/?p=527858"},"modified":"2022-06-04T15:08:44","modified_gmt":"2022-06-04T13:08:44","slug":"kryebashkiaku-veliaj-i-jep-behgjet-pacollit-celesin-e-qytetit-te-tiranes","status":"publish","type":"post","link":"https:\/\/www.hashtag.al\/index.php\/2022\/06\/04\/kryebashkiaku-veliaj-i-jep-behgjet-pacollit-celesin-e-qytetit-te-tiranes\/","title":{"rendered":"Kryebashkiaku Veliaj i jep Behgjet Pacollit \u201c\u00c7el\u00ebsin e Qytetit t\u00eb Tiran\u00ebs\u201d","gt_translate_keys":[{"key":"rendered","format":"text"}]},"content":{"rendered":"<p><span style=\"color: #000000;\"><a href=\"https:\/\/www.hashtag.al\/wp-content\/uploads\/2022\/06\/veliaj-708x405-1.png\"><img loading=\"lazy\" decoding=\"async\" class=\"aligncenter size-full wp-image-527860\" src=\"https:\/\/www.hashtag.al\/wp-content\/uploads\/2022\/06\/veliaj-708x405-1.png\" alt=\"\" width=\"708\" height=\"405\" srcset=\"https:\/\/www.hashtag.al\/wp-content\/uploads\/2022\/06\/veliaj-708x405-1.png 708w, https:\/\/www.hashtag.al\/wp-content\/uploads\/2022\/06\/veliaj-708x405-1-300x172.png 300w\" sizes=\"auto, (max-width: 708px) 100vw, 708px\" \/><\/a><\/span><\/p>\n<p><span style=\"color: #000000;\">Kryebashkiaku i Tiran\u00ebs Erion Veliaj i ka dh\u00ebn\u00eb dje \u201c\u00c7el\u00ebsin e Qytetit t\u00eb Tiran\u00ebs\u201d ish-Presidentit t\u00eb Republik\u00ebs s\u00eb Kosov\u00ebs, Behgjet Pacolli.<\/span><\/p>\n<p><em><span style=\"color: #000000;\">\u00a0\u201cMir\u00ebnjohje p\u00ebr ty, Baca Behgjet!<\/span><\/em><\/p>\n<p><span style=\"color: #000000;\"><em>Dje pasdite nderuam me \u201c\u00c7el\u00ebsin e Qytetit t\u00eb Tiran\u00ebs\u201d nj\u00eb shqiptar t\u00eb mir\u00eb, q\u00eb iu gjend shqiptar\u00ebve n\u00eb dit\u00ebt e v\u00ebshtira t\u00eb t\u00ebrmetit t\u00eb n\u00ebntorit 2019. Faleminderit nga zemra!\u201d<\/em>&#8211; shkruan Veliaj nd\u00ebrsa publikon nj\u00eb video nga ceremonia e djeshme.<\/span><\/p>\n<p><span style=\"color: #000000;\">Gjat\u00eb fjal\u00ebs s\u00eb tij, Veliaj e fal\u00ebnderoi Pacollin n\u00eb ve\u00e7anti p\u00ebr kontributin e tij n\u00eb rind\u00ebrtimin e Thuman\u00ebs, zon\u00ebs m\u00eb t\u00eb goditur nga t\u00ebrmeti i 26 n\u00ebntorit t\u00eb vitit 2019.<\/span><\/p>\n<p><em><span style=\"color: #000000;\">\u201cLajmi se ju do t\u00eb jepnit nj\u00eb ndihm\u00eb prej 1 milion dollar\u00ebsh p\u00ebr familjet e d\u00ebmtuara nga t\u00ebrmeti ishte ndoshta nj\u00eb nga lajmet m\u00eb t\u00eb bukura n\u00eb jav\u00ebn kur mor\u00ebm lajmet m\u00eb t\u00eb k\u00ebqija, m\u00eb t\u00eb trishta, teksa jetonim p\u00ebrdit\u00eb me pamjet e nxjerrjes s\u00eb njer\u00ebzve nga rr\u00ebnojat.<\/span><\/em><\/p>\n<p><em><span style=\"color: #000000;\">Ishte lajmi i par\u00eb q\u00eb na erdhi nga ju dhe nga Kryeministri Rama, i cili m\u00eb pas hapi ndoshta nj\u00eb kapitull t\u00eb ri t\u00eb filantropis\u00eb dhe gjith\u00eb at\u00eb val\u00eb solidariteti.<\/span><\/em><\/p>\n<p><span style=\"color: #000000;\"><em>Duhet t\u00eb jet\u00eb gjithmon\u00eb dikush q\u00eb e nis i pari dhe kam shpresuar q\u00eb shembulli juaj do t\u00eb inkurajoj\u00eb edhe t\u00eb tjer\u00ebt, si nj\u00eb efekt domino, ku dominoja e par\u00eb ishit ju dhe t\u00eb ndjer\u00ebt ju ndoq\u00ebn.\u201d-<\/em> u shpreh Veliaj.<\/span><\/p>\n<p><span style=\"color: #000000;\"><a href=\"https:\/\/www.hashtag.al\/wp-content\/uploads\/2022\/06\/vb.jpg\"><img loading=\"lazy\" decoding=\"async\" class=\"aligncenter size-full wp-image-527859\" src=\"https:\/\/www.hashtag.al\/wp-content\/uploads\/2022\/06\/vb.jpg\" alt=\"\" width=\"874\" height=\"450\" srcset=\"https:\/\/www.hashtag.al\/wp-content\/uploads\/2022\/06\/vb.jpg 874w, https:\/\/www.hashtag.al\/wp-content\/uploads\/2022\/06\/vb-300x154.jpg 300w, https:\/\/www.hashtag.al\/wp-content\/uploads\/2022\/06\/vb-768x395.jpg 768w\" sizes=\"auto, (max-width: 874px) 100vw, 874px\" \/><\/a><\/span><\/p>\n<p><span style=\"color: #000000;\">Pacolli tha se do t\u00eb vijoj\u00eb t\u00eb mb\u00ebshtes\u00eb projekte me r\u00ebnd\u00ebsi p\u00ebr Tiran\u00ebn dhe qytetar\u00ebt shqiptar\u00eb.<\/span><\/p>\n<p><span style=\"color: #000000;\">\u00a0\u201c<em>Jam m\u00eb se i lumtur q\u00eb marr \u00c7el\u00ebsin e k\u00ebtij qyteti q\u00eb e dua, t\u00eb cilin e kam shum\u00eb n\u00eb shpirt, t\u00eb k\u00ebtij qyteti me t\u00eb cilin un\u00eb ndaj pothuajse dy t\u00eb tretat e jet\u00ebs sime. Kur kam ardhur n\u00eb Tiran\u00eb kam qen\u00eb vet\u00ebm 28 vje\u00e7 dhe kam qen\u00eb i lidhur gjithmon\u00eb me t\u00eb. Sigurisht, p\u00ebrshtypjet e mia k\u00ebtu jan\u00eb p\u00ebrshtypje edhe t\u00eb dhimbshme, por kam pasur edhe dit\u00eb t\u00eb lumtura. Nj\u00eb gj\u00eb \u00ebsht\u00eb e sigurt, t\u00eb cil\u00ebn e kam ditur q\u00eb dit\u00ebn e par\u00eb: E kam shijuar mir\u00ebsin\u00eb, shpirtin, e popullit shqiptar k\u00ebtu. U jam mir\u00ebnjoh\u00ebs p\u00ebr k\u00ebt\u00eb, nga thell\u00ebsia e zemr\u00ebs d\u00ebshiroj q\u00eb t\u00eb punosh edhe m\u00eb tutje \u2013 e dim\u00eb se je duke punuar shum\u00eb, por \u00ebsht\u00eb nj\u00eb fakt shum\u00eb i v\u00ebrtet\u00eb se kush punon shum\u00eb, ai ka edhe m\u00eb shum\u00eb pun\u00eb p\u00ebrpara sepse i krijon vetes pun\u00eb. Puna \u00ebsht\u00eb e madhe, sfidat jan\u00eb t\u00eb m\u00ebdha, puna e mbar\u00eb t\u00eb qoft\u00eb, ne do t\u00eb jemi aty q\u00eb t\u2019ju mb\u00ebshtesim n\u00ebse mundemi<\/em>.\u201d- tha Pacolli.<\/span><\/p>\n<p><iframe loading=\"lazy\" style=\"border: none; overflow: hidden;\" src=\"https:\/\/www.facebook.com\/plugins\/video.php?height=314&amp;href=https%3A%2F%2Fwww.facebook.com%2FErionVeliaj%2Fvideos%2F765995541235994%2F&amp;show_text=false&amp;width=560&amp;t=0\" width=\"560\" height=\"314\" frameborder=\"0\" scrolling=\"no\" allowfullscreen=\"allowfullscreen\"><\/iframe><\/p>\n","protected":false,"gt_translate_keys":[{"key":"rendered","format":"html"}]},"excerpt":{"rendered":"<p>Kryebashkiaku i Tiran\u00ebs Erion Veliaj i ka dh\u00ebn\u00eb dje \u201c\u00c7el\u00ebsin e Qytetit t\u00eb Tiran\u00ebs\u201d ish-Presidentit t\u00eb Republik\u00ebs s\u00eb Kosov\u00ebs, Behgjet Pacolli. \u00a0\u201cMir\u00ebnjohje p\u00ebr ty, Baca Behgjet! Dje pasdite nderuam me \u201c\u00c7el\u00ebsin e Qytetit t\u00eb Tiran\u00ebs\u201d nj\u00eb shqiptar t\u00eb mir\u00eb, q\u00eb iu gjend shqiptar\u00ebve n\u00eb dit\u00ebt e v\u00ebshtira t\u00eb t\u00ebrmetit t\u00eb n\u00ebntorit 2019. Faleminderit nga zemra!\u201d&#8211; [&hellip;]<\/p>\n","protected":false,"gt_translate_keys":[{"key":"rendered","format":"html"}]},"author":30,"featured_media":527860,"comment_status":"closed","ping_status":"closed","sticky":false,"template":"","format":"standard","meta":{"footnotes":""},"categories":[65,13],"tags":[],"class_list":["post-527858","post","type-post","status-publish","format-standard","has-post-thumbnail","hentry","category-lajme","category-te-fundit"],"gt_translate_keys":[{"key":"link","format":"url"}],"_links":{"self":[{"href":"https:\/\/www.hashtag.al\/index.php\/wp-json\/wp\/v2\/posts\/527858","targetHints":{"allow":["GET"]}}],"collection":[{"href":"https:\/\/www.hashtag.al\/index.php\/wp-json\/wp\/v2\/posts"}],"about":[{"href":"https:\/\/www.hashtag.al\/index.php\/wp-json\/wp\/v2\/types\/post"}],"author":[{"embeddable":true,"href":"https:\/\/www.hashtag.al\/index.php\/wp-json\/wp\/v2\/users\/30"}],"replies":[{"embeddable":true,"href":"https:\/\/www.hashtag.al\/index.php\/wp-json\/wp\/v2\/comments?post=527858"}],"version-history":[{"count":0,"href":"https:\/\/www.hashtag.al\/index.php\/wp-json\/wp\/v2\/posts\/527858\/revisions"}],"wp:featuredmedia":[{"embeddable":true,"href":"https:\/\/www.hashtag.al\/index.php\/wp-json\/wp\/v2\/media\/527860"}],"wp:attachment":[{"href":"https:\/\/www.hashtag.al\/index.php\/wp-json\/wp\/v2\/media?parent=527858"}],"wp:term":[{"taxonomy":"category","embeddable":true,"href":"https:\/\/www.hashtag.al\/index.php\/wp-json\/wp\/v2\/categories?post=527858"},{"taxonomy":"post_tag","embeddable":true,"href":"https:\/\/www.hashtag.al\/index.php\/wp-json\/wp\/v2\/tags?post=527858"}],"curies":[{"name":"wp","href":"https:\/\/api.w.org\/{rel}","templated":true}]}}