{"id":527851,"date":"2022-06-04T14:45:33","date_gmt":"2022-06-04T12:45:33","guid":{"rendered":"https:\/\/www.hashtag.al\/?p=527851"},"modified":"2022-06-04T14:49:38","modified_gmt":"2022-06-04T12:49:38","slug":"meta-firmos-dekretin-nga-stambolli-kuvendit-i-hapet-rruga-per-te-votuar-bajram-begajn-per-president","status":"publish","type":"post","link":"https:\/\/www.hashtag.al\/index.php\/2022\/06\/04\/meta-firmos-dekretin-nga-stambolli-kuvendit-i-hapet-rruga-per-te-votuar-bajram-begajn-per-president\/","title":{"rendered":"Meta firmos dekretin nga Stambolli, Kuvendit i hapet rruga p\u00ebr t\u00eb votuar Bajram Begajn p\u00ebr president","gt_translate_keys":[{"key":"rendered","format":"text"}]},"content":{"rendered":"<p><span style=\"color: #000000;\"><a style=\"color: #000000;\" href=\"https:\/\/www.hashtag.al\/wp-content\/uploads\/2022\/06\/m.jpg\"><img loading=\"lazy\" decoding=\"async\" class=\"aligncenter size-full wp-image-527853\" src=\"https:\/\/www.hashtag.al\/wp-content\/uploads\/2022\/06\/m.jpg\" alt=\"\" width=\"536\" height=\"262\" srcset=\"https:\/\/www.hashtag.al\/wp-content\/uploads\/2022\/06\/m.jpg 536w, https:\/\/www.hashtag.al\/wp-content\/uploads\/2022\/06\/m-300x147.jpg 300w\" sizes=\"auto, (max-width: 536px) 100vw, 536px\" \/><\/a><\/span><\/p>\n<p><span style=\"color: #000000;\">Presidenti i Republik\u00ebs Ilir Meta ka dal\u00eb n\u00eb nj\u00eb Konferenc\u00eb t\u00eb Jasht\u00ebzakonshme nga Stambolli lidhur me zgjedhjen e kreut t\u00eb ri t\u00eb shtetit.<\/span><\/p>\n<p><span style=\"color: #000000;\">Meta ka firmosur nga Stambolli dekretin p\u00ebr lirimin e kandidatit p\u00ebr president Bajram Begajt nga detyra Shefi i Shtabit t\u00eb P\u00ebrgjithsh\u00ebm t\u00eb Forcave t\u00eb Armatosura t\u00eb Republik\u00ebs s\u00eb Shqip\u00ebris\u00eb, si dhe nxjerrjen n\u00eb lirim nga sh\u00ebrbimi aktiv n\u00eb Forcat e Armatosura si gjeneralmajor.\u00a0<\/span><\/p>\n<p><span style=\"color: #000000;\">Firmosja e k\u00ebtij dekreti n\u00eb fakt ishte paralajm\u00ebruar edhe m\u00eb her\u00ebt gjat\u00eb dit\u00ebs s\u00eb sotme, pasi z\u00ebdh\u00ebn\u00ebsi i kreut t\u00eb shtetit Tedi Blushi shkroi se Meta \u00ebsht\u00eb n\u00eb ndjekje t\u00eb procedur\u00ebs p\u00ebr zgjedhjen e Bajram Begajt si kandidat p\u00ebr president dhe theksoi se ai do t\u00eb respektoj\u00eb \u00e7do vendim t\u00eb Kuvendit t\u00eb shprehur me vot\u00eb.<\/span><\/p>\n<p><span style=\"color: #000000;\"><em>\u00a0\u201cPresidenti i Republik\u00ebs, Ilir Meta \u00ebsht\u00eb n\u00eb ndjekje t\u00eb procedur\u00ebs p\u00ebr zgjedhjen e zotit Bajram Begaj si President i ri i Republik\u00ebs dhe do t\u00eb respektoj\u00eb \u00e7do vendim t\u00eb Kuvendit t\u00eb shprehur me vot\u00eb.<\/em><\/span><\/p>\n<p><span style=\"color: #000000;\"><em>Lidhur me k\u00ebt\u00eb \u00e7\u00ebshtje dhe specifikat e saj Presidenti Meta ka zhvilluar sot nj\u00eb bised\u00eb telefonike me Ministrin e Mbrojtjes, z.Niko Peleshi.\u201d\u2013<\/em> shkruante Blushi.<\/span><\/p>\n<p><span style=\"color: #000000;\">P\u00ebrpara se t\u00eb nis\u00eb votimi p\u00ebr t\u00eb sot n\u00eb Kuvend, Begaj hoqi dor\u00eb nga postet e shefit t\u00eb Shtabit t\u00eb P\u00ebrgjithsh\u00ebm t\u00eb Forcave t\u00eb Armatosura, si dhe grada gjeneralmajor. Dhe me dekretin e Met\u00ebs, tashm\u00eb i hapet rruga Kuvendit p\u00ebr t\u00eb votuar p\u00ebr kandidatur\u00ebn e tij.<\/span><\/p>\n<p><span style=\"color: #000000;\"><a style=\"color: #000000;\" href=\"https:\/\/www.hashtag.al\/wp-content\/uploads\/2022\/06\/5.jpg\"><img loading=\"lazy\" decoding=\"async\" class=\"aligncenter size-full wp-image-527852\" src=\"https:\/\/www.hashtag.al\/wp-content\/uploads\/2022\/06\/5.jpg\" alt=\"\" width=\"538\" height=\"261\" srcset=\"https:\/\/www.hashtag.al\/wp-content\/uploads\/2022\/06\/5.jpg 538w, https:\/\/www.hashtag.al\/wp-content\/uploads\/2022\/06\/5-300x146.jpg 300w\" sizes=\"auto, (max-width: 538px) 100vw, 538px\" \/><\/a><\/span><\/p>\n","protected":false,"gt_translate_keys":[{"key":"rendered","format":"html"}]},"excerpt":{"rendered":"<p>Presidenti i Republik\u00ebs Ilir Meta ka dal\u00eb n\u00eb nj\u00eb Konferenc\u00eb t\u00eb Jasht\u00ebzakonshme nga Stambolli lidhur me zgjedhjen e kreut t\u00eb ri t\u00eb shtetit. Meta ka firmosur nga Stambolli dekretin p\u00ebr lirimin e kandidatit p\u00ebr president Bajram Begajt nga detyra Shefi i Shtabit t\u00eb P\u00ebrgjithsh\u00ebm t\u00eb Forcave t\u00eb Armatosura t\u00eb Republik\u00ebs s\u00eb Shqip\u00ebris\u00eb, si dhe nxjerrjen [&hellip;]<\/p>\n","protected":false,"gt_translate_keys":[{"key":"rendered","format":"html"}]},"author":30,"featured_media":527854,"comment_status":"closed","ping_status":"closed","sticky":false,"template":"","format":"standard","meta":{"footnotes":""},"categories":[22,65,13],"tags":[],"class_list":["post-527851","post","type-post","status-publish","format-standard","has-post-thumbnail","hentry","category-ballina","category-lajme","category-te-fundit"],"gt_translate_keys":[{"key":"link","format":"url"}],"_links":{"self":[{"href":"https:\/\/www.hashtag.al\/index.php\/wp-json\/wp\/v2\/posts\/527851","targetHints":{"allow":["GET"]}}],"collection":[{"href":"https:\/\/www.hashtag.al\/index.php\/wp-json\/wp\/v2\/posts"}],"about":[{"href":"https:\/\/www.hashtag.al\/index.php\/wp-json\/wp\/v2\/types\/post"}],"author":[{"embeddable":true,"href":"https:\/\/www.hashtag.al\/index.php\/wp-json\/wp\/v2\/users\/30"}],"replies":[{"embeddable":true,"href":"https:\/\/www.hashtag.al\/index.php\/wp-json\/wp\/v2\/comments?post=527851"}],"version-history":[{"count":0,"href":"https:\/\/www.hashtag.al\/index.php\/wp-json\/wp\/v2\/posts\/527851\/revisions"}],"wp:featuredmedia":[{"embeddable":true,"href":"https:\/\/www.hashtag.al\/index.php\/wp-json\/wp\/v2\/media\/527854"}],"wp:attachment":[{"href":"https:\/\/www.hashtag.al\/index.php\/wp-json\/wp\/v2\/media?parent=527851"}],"wp:term":[{"taxonomy":"category","embeddable":true,"href":"https:\/\/www.hashtag.al\/index.php\/wp-json\/wp\/v2\/categories?post=527851"},{"taxonomy":"post_tag","embeddable":true,"href":"https:\/\/www.hashtag.al\/index.php\/wp-json\/wp\/v2\/tags?post=527851"}],"curies":[{"name":"wp","href":"https:\/\/api.w.org\/{rel}","templated":true}]}}